{"id":109173,"date":"2026-01-11T19:08:27","date_gmt":"2026-01-11T19:08:27","guid":{"rendered":"https:\/\/www.europesays.com\/nl\/109173\/"},"modified":"2026-01-11T19:08:27","modified_gmt":"2026-01-11T19:08:27","slug":"andre-uit-winter-vol-liefde-2026-blijkt-zelf-ook-muzikaal-aangelegd-2","status":"publish","type":"post","link":"https:\/\/www.europesays.com\/nl\/109173\/","title":{"rendered":"Andr\u00e9 uit Winter Vol Liefde 2026 blijkt zelf ook muzikaal aangelegd"},"content":{"rendered":"<p>Op het Instagram-account van hun familiehotel in Andorra zijn genoeg filmpjes te zien.<\/p>\n<p>Andr\u00e9 uit Winter Vol Liefde<\/p>\n<p>Sinds afgelopen maandag kunnen we weer bijna dagelijks genieten van een nieuwe aflevering van <a href=\"https:\/\/www.tvgids.nl\/collectie\/winter-vol-liefde\" target=\"_self\" rel=\"nofollow noopener\">Winter Vol Liefde<\/a>. Dit jaar is \u00e9\u00e9n van de hoofdpersonen Andr\u00e9, die samen met zijn ouders een familiehotel in Andorra runt. In de serie zien we hem vooral als chef-kok, die de gasten vanuit de keuken verblijdt met heerlijk eten. Maar koken blijkt niet zijn enige talent: hij zorgt soms ook voor muzikaal vertier.<\/p>\n<p>Hij heeft dat talent overigens niet van een vreemde. <a href=\"https:\/\/www.tvgids.nl\/nieuws\/amusement\/moeder-van-winter-vol-liefde-andre-blijkt-songfestivalzangeres-andorra\" target=\"_self\" rel=\"nofollow noopener\">Dinsdag kwam naar buiten dat zijn moeder Marian in 2005 namens Andorra meedeed aan het Eurovisie Songfestival in Oekra\u00efne<\/a>.\u00a0<\/p>\n<p>Muzikaal optreden<\/p>\n<p>Benieuwd hoe Andr\u00e9 klinkt? Bekijk hieronder een van zijn video&#8217;s.\u00a0<\/p>\n<p>Winter Vol Liefde<\/p>\n<p>Of we deze kant van Andr\u00e9 ook terug gaan zien in\u00a0<a href=\"https:\/\/www.tvgids.nl\/collectie\/winter-vol-liefde\" target=\"_self\" rel=\"nofollow noopener\">Winter Vol Liefde<\/a>, valt nog te bezien. Momenteel is hij vooral bezig om de 21-jarige Eva wat beter te leren kennen, die speciaal voor hem naar het bergstaatje is afgereisd.<\/p>\n<p><a href=\"https:\/\/www.tvgids.nl\/collectie\/winter-vol-liefde\" target=\"_self\" rel=\"nofollow noopener\">Winter Vol Liefde<\/a>\u00a0is iedere dinsdag t\/m donderdag om 20:30 uur te zien op RTL 4. Bij Videoland kijk je een week vooruit.<\/p>\n","protected":false},"excerpt":{"rendered":"Op het Instagram-account van hun familiehotel in Andorra zijn genoeg filmpjes te zien. Andr\u00e9 uit Winter Vol Liefde&hellip;\n","protected":false},"author":2,"featured_media":109174,"comment_status":"","ping_status":"","sticky":false,"template":"","format":"standard","meta":{"footnotes":""},"categories":[28],"tags":[99,22603,23304,23513,4020,48,98,46,47,49,45,50,1435,2186,124,2507,1251,23514],"class_list":{"0":"post-109173","1":"post","2":"type-post","3":"status-publish","4":"format-standard","5":"has-post-thumbnail","7":"category-tv","8":"tag-amusement","9":"tag-andorra","10":"tag-andre","11":"tag-datingavontuur","12":"tag-datingprogramma","13":"tag-dutch","14":"tag-entertainment","15":"tag-nederland","16":"tag-nederlanden","17":"tag-nederlands","18":"tag-netherlands","19":"tag-nl","20":"tag-rtl","21":"tag-rtl4","22":"tag-tv","23":"tag-videoland","24":"tag-winter-vol-liefde","25":"tag-winter-vol-liefde-2026"},"share_on_mastodon":{"url":"https:\/\/pubeurope.com\/@nl\/115878042166664479","error":""},"_links":{"self":[{"href":"https:\/\/www.europesays.com\/nl\/wp-json\/wp\/v2\/posts\/109173","targetHints":{"allow":["GET"]}}],"collection":[{"href":"https:\/\/www.europesays.com\/nl\/wp-json\/wp\/v2\/posts"}],"about":[{"href":"https:\/\/www.europesays.com\/nl\/wp-json\/wp\/v2\/types\/post"}],"author":[{"embeddable":true,"href":"https:\/\/www.europesays.com\/nl\/wp-json\/wp\/v2\/users\/2"}],"replies":[{"embeddable":true,"href":"https:\/\/www.europesays.com\/nl\/wp-json\/wp\/v2\/comments?post=109173"}],"version-history":[{"count":0,"href":"https:\/\/www.europesays.com\/nl\/wp-json\/wp\/v2\/posts\/109173\/revisions"}],"wp:featuredmedia":[{"embeddable":true,"href":"https:\/\/www.europesays.com\/nl\/wp-json\/wp\/v2\/media\/109174"}],"wp:attachment":[{"href":"https:\/\/www.europesays.com\/nl\/wp-json\/wp\/v2\/media?parent=109173"}],"wp:term":[{"taxonomy":"category","embeddable":true,"href":"https:\/\/www.europesays.com\/nl\/wp-json\/wp\/v2\/categories?post=109173"},{"taxonomy":"post_tag","embeddable":true,"href":"https:\/\/www.europesays.com\/nl\/wp-json\/wp\/v2\/tags?post=109173"}],"curies":[{"name":"wp","href":"https:\/\/api.w.org\/{rel}","templated":true}]}}