{"id":109179,"date":"2026-01-11T19:16:12","date_gmt":"2026-01-11T19:16:12","guid":{"rendered":"https:\/\/www.europesays.com\/nl\/109179\/"},"modified":"2026-01-11T19:16:12","modified_gmt":"2026-01-11T19:16:12","slug":"na-een-week-vol-geweld-heeft-de-syrische-regering-aleppo-onder-controle-bewoners-zijn-er-niet-gerust-op","status":"publish","type":"post","link":"https:\/\/www.europesays.com\/nl\/109179\/","title":{"rendered":"Na een week vol geweld heeft de Syrische regering Aleppo onder controle. Bewoners zijn er niet gerust op"},"content":{"rendered":"<p>Een 47-jarige lerares [naam bekend bij de redactie] gaf dinsdag les in de wijk Sheikh Maqsood in de Noord-Syrische stad Aleppo toen ze in de pauze bommen hoorde afgaan achter de school. Vanaf die dag was het gebied, samen met de aangrenzende wijk Ashrafiyeh, toneel van hevige gevechten tussen het Syrische regeringsleger en de Syrische Democratische Strijdkrachten (SDF), een coalitie van overwegend Arabische en Koerdische milities. Beide groepen beschuldigden elkaar ervan met het geweld te zijn begonnen. \u201eDit is niet de eerste keer dat er gevechten zijn, maar dit keer zijn ze veel heftiger en duren langer\u201d, vertelt de lerares, die zelf Koerdisch is, aan de telefoon.<\/p>\n<p>Sheikh Maqsood en Ashrafiyeh stonden onder controle van Koerdische milities van de SDF, de rest van Aleppo van het Syrische regeringsleger, dat met deze operatie de hele stad in handen probeerde te krijgen. \u201eToen ik naar buiten liep om naar huis te gaan, zag ik chaos. Bussen raasden door de straten en mensen waren in paniek.\u201d De lerares woont aan de rand van Ashrafiyeh, pal naast de frontlinie. Daar zag ze dat regeringstroepen eerder beschadigde en verlaten gebouwen hadden ingenomen en omgebouwd tot kazernes.<\/p>\n<p>Toen de Syrische regering de wijken de volgende dag tot militaire zones verklaarde, besloot ze net als veel wijkgenoten haar huis te verlaten. In de twee stadsdelen wonen in totaal zo\u2019n 400.000 mensen, van wie volgens lokale autoriteiten meer dan 160.000 inwoners zijn gevlucht. Het Syrische Observatorium voor de Mensenrechten meldde 25 burgerdoden, onder wie vrouwen en kinderen. \u201eTwee van mijn leerlingen zijn op de vlucht gearresteerd door het regeringsleger, omdat op hun telefoon foto\u2019s stonden waarop ze staan met Koerdische vlaggen en Newroz (Koerdisch-Perzisch nieuwjaar) vieren.\u201d Zelf verblijft de lerares nu bij haar ouders aan de andere kant van de stad.<\/p>\n<p><img alt=\"\" data-description=\"Bewoners van de overwegend Koerdische wijken Ashrafiyeh en Sheikh Maqsood in Aleppo vluchtten donderdag voor het geweld.\" data-open-in-lightbox=\"true\" src=\"https:\/\/www.europesays.com\/nl\/wp-content\/uploads\/2026\/01\/100126BUI_2029653651_.jpg\" src-medium=\"https:\/\/s3.eu-west-1.amazonaws.com\/static.nrc.nl\/wp-content\/uploads\/2026\/01\/09195155\/100126BUI_2029653651_.jpg\" decoding=\"async\" \/><\/p>\n<p>Zoom in<\/p>\n<p><img alt=\"\" data-description=\"Bewoners van de overwegend Koerdische wijken Ashrafiyeh en Sheikh Maqsood in Aleppo vluchtten donderdag voor het geweld.\" data-open-in-lightbox=\"true\" src=\"https:\/\/www.europesays.com\/nl\/wp-content\/uploads\/2026\/01\/100126BUI_2029653651_4.jpg\" src-medium=\"https:\/\/s3.eu-west-1.amazonaws.com\/static.nrc.nl\/wp-content\/uploads\/2026\/01\/09195511\/100126BUI_2029653651_4.jpg\" decoding=\"async\" \/><\/p>\n<p>Zoom in<\/p>\n<p class=\"caption\" slot=\"description\">Bewoners van de overwegend Koerdische wijken Ashrafiyeh en Sheikh Maqsood in Aleppo vluchtten donderdag voor het geweld tussen regeringstroepen en milities van de Syrische Democratische Strijdkrachten (SDF).<\/p>\n<p>Foto Omar Haj Kadour \/ AFP, Foto Ghaith Alsayed \/ AP<br \/>\nVerdeeldheid<\/p>\n<p>Sinds het uitbreken van de Syrische burgeroorlog geniet de SDF autonomie in het noordoosten. Maar sinds de val van dictator <a href=\"https:\/\/www.nrc.nl\/nieuws\/2024\/12\/08\/bashar-al-assad-een-brute-dictator-vol-geldingsdrang-die-syrie-verschroeide-a4875927\" rel=\"nofollow noopener\" target=\"_blank\">Bashar Al-Assad<\/a> probeert de Syrische interim-president <a href=\"https:\/\/www.nrc.nl\/nieuws\/2025\/11\/10\/ahmed-al-sharaa-in-een-paar-dagen-van-terrorist-naar-gast-in-het-witte-huis-a4912291\" rel=\"nofollow noopener\" target=\"_blank\">Ahmed Al-Sharaa<\/a> het land tot een eenheid te smeden. In maart spraken de Syrische regering en de SDF af om Koerdische landsdelen eind 2025 volledig te integreren. Ook zouden de SDF opgaan in het Syrische regeringsleger. Daar is nog weinig van terechtgekomen.\u00a0<\/p>\n<p>Adam (25, achternaam bekend bij de redactie) is journalist en woont met zijn familie in een christelijke wijk op tien minuten loopafstand van de gevechten. Hij ziet door de hele stad gevluchte mensen bivakkeren op straat of slapen in kerken en moskee\u00ebn. \u201eHet is ijskoud buiten, dus we proberen hen zoveel mogelijk te helpen door thee, eten en dekens uit te delen.\u201d<\/p>\n<p>Adam is zelf christen en vond dat de SDF zich allang had moeten terugtrekken uit Sheikh Maqsood en Ashrafiyah. \u201eDe SDF heeft checkpoints opgezet waar ze mensen ondervragen die de wijk willen ingaan. Ze pikken juist Arabieren eruit die ze ondervragen. Soms worden die daarna de toegang geweigerd.\u201d Adam wil dat daar een einde aan komt. \u201eWe zijn allemaal inwoners van dezelfde stad. We willen geen oorlog meer, we willen in vrede verder, welke afkomst je ook hebt.\u201d<\/p>\n<p>Staakt-het-vuren<\/p>\n<p>Vrijdagochtend bereikten de strijdende partijen een staakt-het-vuren. De SDF-leiding stemde ermee in de wapens neer te leggen en het gebied te verlaten. Maar toen er bussen arriveerden om hen op te halen, braken opnieuw gevechten uit. <a href=\"https:\/\/www.aljazeera.com\/features\/2026\/1\/10\/aleppos-residents-caught-between-hope-and-fear-amid-syria-fighting\" rel=\"nofollow noopener\" target=\"_blank\">Volgens nieuwszender Al Jazeera<\/a>\u00a0kwam dat door verdeeldheid binnen de SDF: radicalere facties verzetten zich tegen de oproep om hun wapens neer te leggen.<\/p>\n<p>Arthur Quesnay, onderzoeker aan de universiteit Panth\u00e9on-Sorbonne in Parijs, zegt dat de Syrische regering al weken was voorbereid op een nieuwe confrontatie. \u201eOmdat de onderhandelingen vastliepen, besloot de Syrische regering bij een volgende confrontatie over te gaan tot een grootschalige operatie om de Koerden tot overgave te dwingen.\u201d Volgens Quesnay is het moeilijk te zeggen welke partij deze gevechten is begonnen, maar is het besluit om hard in te grijpen al eerder genomen.<\/p>\n<p>\u201eDe timing is wel opvallend\u201d, zegt hij. Een dag voor de gevechten uitbraken, sloot Al-Sharaa een veiligheidsovereenkomst met Isra\u00ebl voor het uitwisselen van inlichtingen en het co\u00f6rdineren van militaire de\u00ebscalatie. Quesnay: \u201eDie overeenkomst kan opgevat worden als een militaire nederlaag voor Syri\u00eb, omdat Isra\u00ebl delen in het zuiden van Syri\u00eb, zoals de Golanhoogvlakte, bezet houdt. De Syrische regering moest haar gezag opnieuw tonen. Toen deze gevechten uitbraken, kon Al-Sharaa zich geen passiviteit meer permitteren. De schade is relatief beperkt, maar de boodschap is groot.\u201d<\/p>\n<p><img alt=\"Een gewapende patrouille in Aleppo, afgelopen woensdag.\" data-lightbox-highres=\"https:\/\/images.nrc.nl\/lCYF7JjtHGicgORlcqBwgqfQgU4=\/1920x\/filters:no_upscale()\/s3\/static.nrc.nl\/wp-content\/uploads\/2026\/01\/09195230\/100126BUI_2029653651_1.jpg\" data-lightbox-highres-webp=\"https:\/\/images.nrc.nl\/bn0pivdc-InRGRtSADaIJDimBCA=\/1920x\/filters:no_upscale():format(webp)\/s3\/static.nrc.nl\/wp-content\/uploads\/2026\/01\/09195230\/100126BUI_2029653651_1.jpg\" data-lightbox-zoom=\"https:\/\/images.nrc.nl\/lCYF7JjtHGicgORlcqBwgqfQgU4=\/1920x\/filters:no_upscale()\/s3\/static.nrc.nl\/wp-content\/uploads\/2026\/01\/09195230\/100126BUI_2029653651_1.jpg\" data-lightbox-zoom-webp=\"https:\/\/images.nrc.nl\/bn0pivdc-InRGRtSADaIJDimBCA=\/1920x\/filters:no_upscale():format(webp)\/s3\/static.nrc.nl\/wp-content\/uploads\/2026\/01\/09195230\/100126BUI_2029653651_1.jpg\" data-open-in-lightbox=\"true\" decoding=\"async\" height=\"3358\" loading=\"lazy\" src=\"https:\/\/www.europesays.com\/nl\/wp-content\/uploads\/2026\/01\/100126BUI_2029653651_1.jpg\"  width=\"5035\"\/><\/p>\n<p class=\"caption\" id=\"figcaption-1\">Een gewapende patrouille in Aleppo, afgelopen woensdag.<\/p>\n<p>Foto Ahmad Fallaha \/ EPA \/ ANP<\/p>\n<p>Zoom in<\/p>\n<p>Angst<\/p>\n<p>Het regeringsleger had zaterdag grote delen van de twee wijken ingenomen. De Syrische legerleiding zei alle militaire operaties in de wijk Sheikh Maqsoud op te schorten, <a href=\"https:\/\/sana.sy\/en\/syria\/2289780\/\" rel=\"nofollow noopener\" target=\"_blank\">meldde staatpersbureau Sana<\/a>. <\/p>\n<p>Later op de avond maakte Mazloum Abdi, opperbevelhebber van de SDF, bekend dat hun strijders uit het gebied worden ge\u00ebvacueerd. Hij riep bemiddelaars op zich te houden aan hun belofte en te werken aan een veilige terugkeer van de ontheemden naar hun huizen.<\/p>\n<p>Voor de 47-jarige lerares zit de schrik er goed in. \u201eIk denk niet dat ik nog langer kan wonen in Ashrafiya, omdat ik bang ben voor massamoorden zoals we eerder hebben gezien onder Alawieten in Latakia en de Druzen in Suweida. Als mijn wijk onder controle blijft van de Syrische regering dan voel ik me genoodzaakt te vertrekken naar Libanon.\u201d<\/p>\n<p>Quesnay denkt niet dat het geweld zal overslaan naar andere gebieden in Syri\u00eb, maar dat het resultaat in Aleppo de Syrische regering een stevigere onderhandelingspositie geeft met de SDF. \u201eDe verwachting was dat de VS en Frankrijk de Koerden zouden bewegen tot concessies, maar dat bleek tot nu toe lastig. Mogelijk was een militaire nederlaag voor SDF nodig om dit te doorbreken.\u201d<\/p>\n<p><img alt=\"In de Syrische stad Qamishli, aan de grens met Turkije, demonstreerden Koerden donderdag tegen het geweld in Aleppo.\" data-lightbox-highres=\"https:\/\/images.nrc.nl\/iG-U1NXZtKjIDzVAQtrmu_W0Nl0=\/1920x\/filters:no_upscale()\/s3\/static.nrc.nl\/wp-content\/uploads\/2026\/01\/09195324\/100126BUI_2029653651_2.jpg\" data-lightbox-highres-webp=\"https:\/\/images.nrc.nl\/ixxyArzD4giSCmaGFG-t2dUeGQw=\/1920x\/filters:no_upscale():format(webp)\/s3\/static.nrc.nl\/wp-content\/uploads\/2026\/01\/09195324\/100126BUI_2029653651_2.jpg\" data-lightbox-zoom=\"https:\/\/images.nrc.nl\/iG-U1NXZtKjIDzVAQtrmu_W0Nl0=\/1920x\/filters:no_upscale()\/s3\/static.nrc.nl\/wp-content\/uploads\/2026\/01\/09195324\/100126BUI_2029653651_2.jpg\" data-lightbox-zoom-webp=\"https:\/\/images.nrc.nl\/ixxyArzD4giSCmaGFG-t2dUeGQw=\/1920x\/filters:no_upscale():format(webp)\/s3\/static.nrc.nl\/wp-content\/uploads\/2026\/01\/09195324\/100126BUI_2029653651_2.jpg\" data-open-in-lightbox=\"true\" decoding=\"async\" height=\"3505\" loading=\"lazy\" src=\"https:\/\/www.europesays.com\/nl\/wp-content\/uploads\/2026\/01\/100126BUI_2029653651_2.jpg\"  width=\"5253\"\/><\/p>\n<p class=\"caption\" id=\"figcaption-2\">In de Syrische stad Qamishli, aan de grens met Turkije, demonstreerden Koerden donderdag tegen het geweld in Aleppo.<\/p>\n<p>Foto Delil Souleiman \/ AFP<\/p>\n<p>Zoom in<\/p>\n<p>Geef cadeau<\/p>\n<p>Deel<\/p>\n<p>Mail de redactie<\/p>\n<p><a aria-label=\"The Trust Project, lees meer over de journalistieke principes van NRC\" class=\"trust__message\" href=\"http:\/\/www.nrc.nl\/over-ons\/#principes\" rel=\"nofollow noopener\" target=\"_blank\"><\/p>\n<p>\tDe journalistieke principes van NRC<br \/>\n<\/a> <\/p>\n","protected":false},"excerpt":{"rendered":"Een 47-jarige lerares [naam bekend bij de redactie] gaf dinsdag les in de wijk Sheikh Maqsood in de&hellip;\n","protected":false},"author":2,"featured_media":109180,"comment_status":"","ping_status":"","sticky":false,"template":"","format":"standard","meta":{"footnotes":""},"categories":[15],"tags":[39,40,48,43,44,34,35,41,42,46,47,49,45,32,33,50,36,37,38,67,64,65,66],"class_list":{"0":"post-109179","1":"post","2":"type-post","3":"status-publish","4":"format-standard","5":"has-post-thumbnail","7":"category-wereld","8":"tag-breaking-news","9":"tag-breakingnews","10":"tag-dutch","11":"tag-featured-news","12":"tag-featurednews","13":"tag-headlines","14":"tag-hoofdpunten","15":"tag-latest-news","16":"tag-latestnews","17":"tag-nederland","18":"tag-nederlanden","19":"tag-nederlands","20":"tag-netherlands","21":"tag-news","22":"tag-nieuws","23":"tag-nl","24":"tag-top-stories","25":"tag-topstories","26":"tag-voorpaginanieuws","27":"tag-wereld","28":"tag-world","29":"tag-world-news","30":"tag-worldnews"},"share_on_mastodon":{"url":"https:\/\/pubeurope.com\/@nl\/115878073706638242","error":""},"_links":{"self":[{"href":"https:\/\/www.europesays.com\/nl\/wp-json\/wp\/v2\/posts\/109179","targetHints":{"allow":["GET"]}}],"collection":[{"href":"https:\/\/www.europesays.com\/nl\/wp-json\/wp\/v2\/posts"}],"about":[{"href":"https:\/\/www.europesays.com\/nl\/wp-json\/wp\/v2\/types\/post"}],"author":[{"embeddable":true,"href":"https:\/\/www.europesays.com\/nl\/wp-json\/wp\/v2\/users\/2"}],"replies":[{"embeddable":true,"href":"https:\/\/www.europesays.com\/nl\/wp-json\/wp\/v2\/comments?post=109179"}],"version-history":[{"count":0,"href":"https:\/\/www.europesays.com\/nl\/wp-json\/wp\/v2\/posts\/109179\/revisions"}],"wp:featuredmedia":[{"embeddable":true,"href":"https:\/\/www.europesays.com\/nl\/wp-json\/wp\/v2\/media\/109180"}],"wp:attachment":[{"href":"https:\/\/www.europesays.com\/nl\/wp-json\/wp\/v2\/media?parent=109179"}],"wp:term":[{"taxonomy":"category","embeddable":true,"href":"https:\/\/www.europesays.com\/nl\/wp-json\/wp\/v2\/categories?post=109179"},{"taxonomy":"post_tag","embeddable":true,"href":"https:\/\/www.europesays.com\/nl\/wp-json\/wp\/v2\/tags?post=109179"}],"curies":[{"name":"wp","href":"https:\/\/api.w.org\/{rel}","templated":true}]}}