{"id":109301,"date":"2026-01-11T22:06:09","date_gmt":"2026-01-11T22:06:09","guid":{"rendered":"https:\/\/www.europesays.com\/nl\/109301\/"},"modified":"2026-01-11T22:06:09","modified_gmt":"2026-01-11T22:06:09","slug":"zes-doden-door-lawines-in-franse-alpen-dit-weekend","status":"publish","type":"post","link":"https:\/\/www.europesays.com\/nl\/109301\/","title":{"rendered":"Zes doden door lawines in Franse Alpen dit weekend"},"content":{"rendered":"<p><img alt=\"\" decoding=\"async\" loading=\"eager\" src=\"https:\/\/www.europesays.com\/nl\/wp-content\/uploads\/2026\/01\/1768169169_868_1024x576a.jpg\" class=\"sc-bcb3b750-1 cULYcE\"\/>AFPBeeld ter illustratie<\/p>\n<p>NOS Nieuws\u2022vandaag, 21:54<\/p>\n<p class=\"sc-2ea02837-0 fedhGB\" id=\"717396016566755\">Dit weekend zijn in totaal zes ski\u00ebrs omgekomen nadat zij werden bedolven onder lawines op de Franse Alpen. Alle slachtoffers skieden off-piste, ondanks waarschuwingen voor lawinegevaar.<\/p>\n<p class=\"sc-2ea02837-0 fedhGB\" id=\"42280377945553\">De Franse <a href=\"https:\/\/x.com\/Prefet74\/status\/2010039097184924136?s=20\" data-tracking=\"elementType=external-link|elementId=https:\/\/x.com\/Prefet74\/status\/2010039097184924136?s20|eventType=navigation|eventName=open\" target=\"_blank\" rel=\"nofollow\">autoriteiten<\/a> waarschuwen voor een onstabiel sneeuwdek door recente sneeuwval. &#8220;Voor uw eigen veiligheid en die van de reddingsteams: wees uiterst voorzichtig&#8221;, aldus de politie. &#8220;Offpisteski\u00ebn wordt ten zeerste afgeraden.&#8221;<\/p>\n<p>Drie doden op zondag<\/p>\n<p class=\"sc-2ea02837-0 fedhGB\" id=\"569540514894703\">In Courchevel werd zondagochtend een ski\u00ebr onder een pak sneeuw gevonden na een lawine in een off-pistegebied in Roche-Grise. Het slachtoffer kon niet meer worden gereanimeerd, meldt <a href=\"https:\/\/www.ledauphine.com\/faits-divers-justice\/2026\/01\/11\/deux-avalanches-a-orelle-et-tignes-deux-blesses-evacues-vers-des-hopitaux\" data-tracking=\"elementType=external-link|elementId=https:\/\/www.ledauphine.com\/faits-divers-justice\/2026\/01\/11\/deux-avalanches-a-orelle-et-tignes-deux-blesses-evacues-vers-des-hopitaux|eventType=navigation|eventName=open\" target=\"_blank\" rel=\"nofollow noopener\">Le Dauphine<\/a>.<\/p>\n<p class=\"sc-2ea02837-0 fedhGB\" id=\"236358780785935\">Een 32-jarige ski\u00ebr werd zondagmiddag door een lawine in Vallorcine, in Haute-Savoie, tegen een boom geslingerd. De man overleed aan zijn verwondingen, meldden lokale autoriteiten aan de <a href=\"https:\/\/www.lemonde.fr\/societe\/article\/2026\/01\/11\/avalanche-dans-les-alpes-le-bilan-grimpe-a-six-morts-ce-week-end_6661400_3225.html\" data-tracking=\"elementType=external-link|elementId=https:\/\/www.lemonde.fr\/societe\/article\/2026\/01\/11\/avalanche-dans-les-alpes-le-bilan-grimpe-a-six-morts-ce-week-end_6661400_3225.html|eventType=navigation|eventName=open\" target=\"_blank\" rel=\"nofollow noopener\">Franse krant Le Monde<\/a>. Een vriend van het slachtoffer zag het ongeluk gebeuren en sloeg alarm.<\/p>\n<p class=\"sc-2ea02837-0 fedhGB\" id=\"1436314111043\">In La Plagne overleed een Britse man van in de vijftig nadat hij onder een lawine bedolven was geraakt in een off-pistegebied. Dat meldt het skiresort aan Franse media. In totaal zochten 52 reddingswerkers, een speurhond en een helikopter naar de ski\u00ebr. Hij werd na 50 minuten gevonden onder 2,5 meter sneeuw. De man werd gereanimeerd maar dat mocht niet meer baten.<\/p>\n<p class=\"sc-2ea02837-0 fedhGB\" id=\"928809263325638\">In Tignes raakte een snowboarder gewond nadat die werd meegesleurd door een lawine. De snowboarder was tot de middel bedolven onder sneeuw en naar het ziekenhuis gebracht vanwege onderkoeling.<\/p>\n<p>Ook doden op zaterdag<\/p>\n<p class=\"sc-2ea02837-0 fedhGB\" id=\"307872065017483\">Op zaterdag overleden eveneens drie off-piste ski\u00ebrs, in het departement Savoie. Een ski\u00ebr werd bedolven onder een lawine in Ar\u00eaches-Beaufort. Daarnaast kwamen twee mannen om het leven nadat zij off-piste werden meegesleurd door een lawine in wintersportresort Val-d&#8217;Is\u00e8re. Ze konden worden gelokaliseerd door hun telefoons, en ze werden gevonden onder 2,5 meter sneeuw. Hulp mocht niet meer baten, schrijft Le Parisien.<\/p>\n<p class=\"sc-2ea02837-0 fedhGB\" id=\"546132620082802\">Weerbureau M\u00e9t\u00e9o France gaf dit weekend <a href=\"https:\/\/vigilance.meteofrance.fr\/fr\/avalanches\" data-tracking=\"elementType=external-link|elementId=https:\/\/vigilance.meteofrance.fr\/fr\/avalanches|eventType=navigation|eventName=open\" target=\"_blank\" rel=\"nofollow noopener\">waarschuwingen<\/a> af vanwege een hoog lawinegevaar in de Franse Alpen. Het waarschuwingsniveau voor lawines staat op niveau vier van de vijf, waarschuwen lokale media. Zondagochtend waren er volgens de <a href=\"https:\/\/www.facebook.com\/Prefet73\/posts\/1267340452169831?ref=embed_post\" data-tracking=\"elementType=external-link|elementId=https:\/\/www.facebook.com\/Prefet73\/posts\/1267340452169831?refembed_post|eventType=navigation|eventName=open\" target=\"_blank\" rel=\"nofollow noopener\">prefectuur<\/a> van Savoie alleen al zes lawines in skigebieden.<\/p>\n","protected":false},"excerpt":{"rendered":"AFPBeeld ter illustratie NOS Nieuws\u2022vandaag, 21:54 Dit weekend zijn in totaal zes ski\u00ebrs omgekomen nadat zij werden bedolven&hellip;\n","protected":false},"author":2,"featured_media":109302,"comment_status":"","ping_status":"","sticky":false,"template":"","format":"standard","meta":{"footnotes":""},"categories":[5],"tags":[39,40,48,43,44,23563,34,35,41,42,46,47,49,45,32,33,50,36,37,38],"class_list":{"0":"post-109301","1":"post","2":"type-post","3":"status-publish","4":"format-standard","5":"has-post-thumbnail","7":"category-hoofdpunten","8":"tag-breaking-news","9":"tag-breakingnews","10":"tag-dutch","11":"tag-featured-news","12":"tag-featurednews","13":"tag-franse-alpen","14":"tag-headlines","15":"tag-hoofdpunten","16":"tag-latest-news","17":"tag-latestnews","18":"tag-nederland","19":"tag-nederlanden","20":"tag-nederlands","21":"tag-netherlands","22":"tag-news","23":"tag-nieuws","24":"tag-nl","25":"tag-top-stories","26":"tag-topstories","27":"tag-voorpaginanieuws"},"share_on_mastodon":{"url":"https:\/\/pubeurope.com\/@nl\/115878742194939607","error":""},"_links":{"self":[{"href":"https:\/\/www.europesays.com\/nl\/wp-json\/wp\/v2\/posts\/109301","targetHints":{"allow":["GET"]}}],"collection":[{"href":"https:\/\/www.europesays.com\/nl\/wp-json\/wp\/v2\/posts"}],"about":[{"href":"https:\/\/www.europesays.com\/nl\/wp-json\/wp\/v2\/types\/post"}],"author":[{"embeddable":true,"href":"https:\/\/www.europesays.com\/nl\/wp-json\/wp\/v2\/users\/2"}],"replies":[{"embeddable":true,"href":"https:\/\/www.europesays.com\/nl\/wp-json\/wp\/v2\/comments?post=109301"}],"version-history":[{"count":0,"href":"https:\/\/www.europesays.com\/nl\/wp-json\/wp\/v2\/posts\/109301\/revisions"}],"wp:featuredmedia":[{"embeddable":true,"href":"https:\/\/www.europesays.com\/nl\/wp-json\/wp\/v2\/media\/109302"}],"wp:attachment":[{"href":"https:\/\/www.europesays.com\/nl\/wp-json\/wp\/v2\/media?parent=109301"}],"wp:term":[{"taxonomy":"category","embeddable":true,"href":"https:\/\/www.europesays.com\/nl\/wp-json\/wp\/v2\/categories?post=109301"},{"taxonomy":"post_tag","embeddable":true,"href":"https:\/\/www.europesays.com\/nl\/wp-json\/wp\/v2\/tags?post=109301"}],"curies":[{"name":"wp","href":"https:\/\/api.w.org\/{rel}","templated":true}]}}