{"id":109819,"date":"2026-01-12T14:38:15","date_gmt":"2026-01-12T14:38:15","guid":{"rendered":"https:\/\/www.europesays.com\/nl\/109819\/"},"modified":"2026-01-12T14:38:15","modified_gmt":"2026-01-12T14:38:15","slug":"fenerbahce-laat-koopoptie-links-liggen-en-neemt-oud-ajax-speler-niet-over","status":"publish","type":"post","link":"https:\/\/www.europesays.com\/nl\/109819\/","title":{"rendered":"&#8216;Fenerbah\u00e7e laat koopoptie links liggen en neemt oud-Ajax-speler niet over&#8217;"},"content":{"rendered":"<p>Fenerbah\u00e7e gaat de koopoptie op Edson \u00c1lvarez niet lichten, melden diverse <a target=\"_blank\" href=\"https:\/\/www.fotospor.com\/fenerbahce\/-edson-alvarezin-opsiyonu-kullanilacak-mi-karar-verildi-694767\/\" rel=\"nofollow noopener\">Turkse media<\/a>, waaronder Fotospor. De Mexicaanse middenvelder wordt momenteel door de Turkse club gehuurd van West Ham United, waar hij na dit seizoen zal terugkeren. <\/p>\n<p>\u00c1lvarez kan dit seizoen op een vaste basisplaats rekenen, maar is de laatste wedstrijden afwezig vanwege een blessure. Deze transferperiode werd middenvelder Matt\u00e9o Guendouzi binnengehaald, waardoor de oud-Ajacied er een flinke concurrent bij heeft op de 6-positie. Het is nog maar de vraag of \u00c1lvarez , zodra hij weer fit is, terugkeert in de basiself van Fenerbah\u00e7e.<\/p>\n<ul class=\"BettingMatch_team-elements__ZArEL\">\n<li class=\"TeamElement_TeamElement__j6nbC team-element TeamElement_is-right__beid4\"><a class=\"team-link undefined\" href=\"https:\/\/www.voetbalprimeur.nl\/clubs\/alanyaspor\" rel=\"nofollow noopener\" target=\"_blank\"><img alt=\"Alanyaspor\" loading=\"lazy\" width=\"110\" height=\"110\" decoding=\"async\" data-nimg=\"1\" class=\"TeamElement_logo__vnPRl\" style=\"color:transparent;aspect-ratio:1;object-fit:cover;object-position:top center\"  src=\"https:\/\/www.europesays.com\/nl\/wp-content\/uploads\/2026\/01\/84fpe0iynjdghwysyo5tizdkk.png\"\/><\/a><\/li>\n<li class=\"TeamElement_TeamElement__j6nbC team-element TeamElement_is-right__beid4\"><a class=\"team-link undefined\" href=\"https:\/\/www.voetbalprimeur.nl\/clubs\/fenerbahce\" rel=\"nofollow noopener\" target=\"_blank\"><img alt=\"Fenerbahce\" loading=\"lazy\" width=\"110\" height=\"110\" decoding=\"async\" data-nimg=\"1\" class=\"TeamElement_logo__vnPRl\" style=\"color:transparent;aspect-ratio:1;object-fit:cover;object-position:top center\"  src=\"https:\/\/www.europesays.com\/nl\/wp-content\/uploads\/2026\/01\/8lroq0cbhdxj8124qtxwrhvmm.png\"\/><\/a><\/li>\n<\/ul>\n<p>De Turkse club nam de middenvelder afgelopen zomer voorlopig middels een huurconstructie over van West Ham. Daar betaalde Fenerbah\u00e7e toen twee miljoen euro voor. Ook nam het in die deal een niet-verplichte optie tot koop op, maar het lijkt er dus op dat die niet zal worden gelicht. De optie tot koop bedraagt zo&#8217;n 22 miljoen euro. <\/p>\n<p>Het ligt dus in de lijn der verwachting dat \u00c1lvarez komende zomer terugkeert bij West Ham. In Londen heeft de controlerende middenvelder, die in augustus nog hevig in verband werd met gebracht met een terugkeer naar Amsterdam, nog een contract tot medio 2027. <\/p>\n<p>Check nu de nieuwste aflevering van #DoneDeal over het laatste transfernieuws bij Ajax, Feyenoord en PSV!<\/p>\n","protected":false},"excerpt":{"rendered":"Fenerbah\u00e7e gaat de koopoptie op Edson \u00c1lvarez niet lichten, melden diverse Turkse media, waaronder Fotospor. De Mexicaanse middenvelder&hellip;\n","protected":false},"author":2,"featured_media":109820,"comment_status":"","ping_status":"","sticky":false,"template":"","format":"standard","meta":{"footnotes":""},"categories":[21],"tags":[48,46,47,49,45,50,92,91],"class_list":{"0":"post-109819","1":"post","2":"type-post","3":"status-publish","4":"format-standard","5":"has-post-thumbnail","7":"category-sport","8":"tag-dutch","9":"tag-nederland","10":"tag-nederlanden","11":"tag-nederlands","12":"tag-netherlands","13":"tag-nl","14":"tag-sport","15":"tag-sports"},"share_on_mastodon":{"url":"https:\/\/pubeurope.com\/@nl\/115882642802021677","error":""},"_links":{"self":[{"href":"https:\/\/www.europesays.com\/nl\/wp-json\/wp\/v2\/posts\/109819","targetHints":{"allow":["GET"]}}],"collection":[{"href":"https:\/\/www.europesays.com\/nl\/wp-json\/wp\/v2\/posts"}],"about":[{"href":"https:\/\/www.europesays.com\/nl\/wp-json\/wp\/v2\/types\/post"}],"author":[{"embeddable":true,"href":"https:\/\/www.europesays.com\/nl\/wp-json\/wp\/v2\/users\/2"}],"replies":[{"embeddable":true,"href":"https:\/\/www.europesays.com\/nl\/wp-json\/wp\/v2\/comments?post=109819"}],"version-history":[{"count":0,"href":"https:\/\/www.europesays.com\/nl\/wp-json\/wp\/v2\/posts\/109819\/revisions"}],"wp:featuredmedia":[{"embeddable":true,"href":"https:\/\/www.europesays.com\/nl\/wp-json\/wp\/v2\/media\/109820"}],"wp:attachment":[{"href":"https:\/\/www.europesays.com\/nl\/wp-json\/wp\/v2\/media?parent=109819"}],"wp:term":[{"taxonomy":"category","embeddable":true,"href":"https:\/\/www.europesays.com\/nl\/wp-json\/wp\/v2\/categories?post=109819"},{"taxonomy":"post_tag","embeddable":true,"href":"https:\/\/www.europesays.com\/nl\/wp-json\/wp\/v2\/tags?post=109819"}],"curies":[{"name":"wp","href":"https:\/\/api.w.org\/{rel}","templated":true}]}}