{"id":109854,"date":"2026-01-12T15:12:12","date_gmt":"2026-01-12T15:12:12","guid":{"rendered":"https:\/\/www.europesays.com\/nl\/109854\/"},"modified":"2026-01-12T15:12:12","modified_gmt":"2026-01-12T15:12:12","slug":"zo-zag-robin-van-winter-vol-liefde-2026-er-vroeger-uit","status":"publish","type":"post","link":"https:\/\/www.europesays.com\/nl\/109854\/","title":{"rendered":"Z\u00f3 zag Robin van Winter Vol Liefde 2026 er vroeger uit"},"content":{"rendered":"<p data-journey-content=\"true\" data-node-id=\"0\" class=\"body-dropcap css-157xyzt emevuu60\">Grote kans dat je als Winter Vol Liefde-fan <a href=\"https:\/\/www.jan-magazine.nl\/lifestyle\/a69028001\/robin-winter-vol-liefde-2025-2026\/\" target=\"_blank\" data-vars-ga-outbound-link=\"https:\/\/www.jan-magazine.nl\/lifestyle\/a69028001\/robin-winter-vol-liefde-2025-2026\/\" data-vars-ga-ux-element=\"Hyperlink\" data-vars-ga-call-to-action=\"Robin\" data-node-id=\"0.3\" class=\"body-link css-larjyn emevuu60\" rel=\"nofollow noopener\">Robin<\/a> al hebt gespot tijdens de eerste afleveringen. We maakten al goed kennis met de single, die dolgraag de vrouw van zijn leven \u2013 lees: een maatje voor het leven \u2013 wil vinden. Ook vonden we een foto uit de oude doos, waar Robin nog een totaal andere coupe had. En dat wil je even zien.<\/p>\n<p>Hoe vergaat het Robin tot nu toe in Winter Vol Liefde?<\/p>\n<p data-journey-content=\"true\" data-node-id=\"2\" class=\"css-6wxqfj emevuu60\">De 59-jarige Robin woont in het Zweedse plaatsje Unnaryd. Pas een jaar geleden besloot hij te emigreren naar dit plaatsje, waar hij inmiddels in een typisch houten huisje woont. Na een aantal vakanties in het Scandinavische land raakte hij op slag verliefd. Maar de ware liefde in de vorm van een vrouw? Die heeft hij nog niet gevonden.<\/p>\n<p data-journey-content=\"true\" data-node-id=\"3\" class=\"css-6wxqfj emevuu60\">Leuk om te lezen \u00e9n zien: <a href=\"https:\/\/www.jan-magazine.nl\/lifestyle\/a69972462\/bart-winter-vol-liefde-recap-tiktok-week-1\/\" target=\"_blank\" data-vars-ga-outbound-link=\"https:\/\/www.jan-magazine.nl\/lifestyle\/a69972462\/bart-winter-vol-liefde-recap-tiktok-week-1\/\" data-vars-ga-ux-element=\"Hyperlink\" data-vars-ga-call-to-action=\"Bart van Winter Vol Liefde seizoen 1 maakt recaps van de nieuwe afleveringen.\" data-node-id=\"3.0.1\" class=\"body-link css-larjyn emevuu60\" rel=\"nofollow noopener\">Bart van Winter Vol Liefde seizoen 1 maakt recaps van de nieuwe afleveringen.<\/a><\/p>\n<p data-journey-content=\"true\" data-node-id=\"5\" class=\"css-6wxqfj emevuu60\">De guitige Robin is een handige meubelmaker, zit vol humor en is af en toe best romantisch (zo lijkt), maar hij houdt n\u00edet erg van uitgebreid koken. Dat hebben we na de bevroren hamburger-gate op Jolijns eerste dag inmiddels ondervonden.<\/p>\n<p data-journey-content=\"true\" data-node-id=\"6\" class=\"css-6wxqfj emevuu60\">Robin heeft inmiddels twee singles over de vloer gehad. Tot nu toe lijkt het vooral erg goed te klikken met Pearl, die speciaal voor Robin helemaal uit Suriname is gevlogen. Grappig genoeg is ze dol op de Zweedse kou ten opzichte van de hitte in Suriname. Vanaf moment \u00e9\u00e9n vlogen de vonken er vanaf, dus wij zijn enorm benieuwd hoe dit liefdesverhaal gaat aflopen.<\/p>\n<p data-journey-content=\"true\" data-node-id=\"7\" class=\"css-6wxqfj emevuu60\">Wil je zien: <a href=\"https:\/\/www.jan-magazine.nl\/lifestyle\/a69924461\/moeder-winter-vol-liefde-andre-marian-songfestival\/\" target=\"_blank\" data-vars-ga-outbound-link=\"https:\/\/www.jan-magazine.nl\/lifestyle\/a69924461\/moeder-winter-vol-liefde-andre-marian-songfestival\/\" data-vars-ga-ux-element=\"Hyperlink\" data-vars-ga-call-to-action=\"moeder van Winter Vol Liefde-Andr\u00e9 deed ooit mee aan het Eurovisiesongfestival\" data-node-id=\"7.0.1\" class=\"body-link css-larjyn emevuu60\" rel=\"nofollow noopener\">moeder van Winter Vol Liefde-Andr\u00e9 deed ooit mee aan het Eurovisiesongfestival<\/a>.<\/p>\n<p>Hoe zag Robin van Winter Vol Liefde er vroeger uit?<\/p>\n<p data-journey-content=\"true\" data-node-id=\"9\" class=\"css-6wxqfj emevuu60\">Op Facebook postte Robin van Winter Vol Liefde in 2020 een foto van vroeger. &#8216;Uitdaging geaccepteerd, h\u00e9\u00e9l lang geleden&#8230;,&#8217; schrijft hij erbij. Hoe oud de foto precies is, weten we niet. W\u00e9l reageert iemand onder het kiekje dat Robin hier in de vierde klas zat. We lezen dat de foto op een eindexamenfeest is gemaakt en gokken dat Robin een jaar of zeventien was.<\/p>\n<p data-journey-content=\"true\" data-node-id=\"10\" class=\"css-6wxqfj emevuu60\">Wat verder opvalt? Het bruine matje! Het snorretje! En de subtiele krullen! Z\u00f3 zag Robin van Winter Vol Liefde 2026 er vroeger uit:<\/p>\n","protected":false},"excerpt":{"rendered":"Grote kans dat je als Winter Vol Liefde-fan Robin al hebt gespot tijdens de eerste afleveringen. We maakten&hellip;\n","protected":false},"author":2,"featured_media":109855,"comment_status":"","ping_status":"","sticky":false,"template":"","format":"standard","meta":{"footnotes":""},"categories":[31],"tags":[99,147,48,98,46,47,49,45,50,481,1251],"class_list":{"0":"post-109854","1":"post","2":"type-post","3":"status-publish","4":"format-standard","5":"has-post-thumbnail","7":"category-celebrities","8":"tag-amusement","9":"tag-celebrities","10":"tag-dutch","11":"tag-entertainment","12":"tag-nederland","13":"tag-nederlanden","14":"tag-nederlands","15":"tag-netherlands","16":"tag-nl","17":"tag-robin","18":"tag-winter-vol-liefde"},"share_on_mastodon":{"url":"https:\/\/pubeurope.com\/@nl\/115882776525145438","error":""},"_links":{"self":[{"href":"https:\/\/www.europesays.com\/nl\/wp-json\/wp\/v2\/posts\/109854","targetHints":{"allow":["GET"]}}],"collection":[{"href":"https:\/\/www.europesays.com\/nl\/wp-json\/wp\/v2\/posts"}],"about":[{"href":"https:\/\/www.europesays.com\/nl\/wp-json\/wp\/v2\/types\/post"}],"author":[{"embeddable":true,"href":"https:\/\/www.europesays.com\/nl\/wp-json\/wp\/v2\/users\/2"}],"replies":[{"embeddable":true,"href":"https:\/\/www.europesays.com\/nl\/wp-json\/wp\/v2\/comments?post=109854"}],"version-history":[{"count":0,"href":"https:\/\/www.europesays.com\/nl\/wp-json\/wp\/v2\/posts\/109854\/revisions"}],"wp:featuredmedia":[{"embeddable":true,"href":"https:\/\/www.europesays.com\/nl\/wp-json\/wp\/v2\/media\/109855"}],"wp:attachment":[{"href":"https:\/\/www.europesays.com\/nl\/wp-json\/wp\/v2\/media?parent=109854"}],"wp:term":[{"taxonomy":"category","embeddable":true,"href":"https:\/\/www.europesays.com\/nl\/wp-json\/wp\/v2\/categories?post=109854"},{"taxonomy":"post_tag","embeddable":true,"href":"https:\/\/www.europesays.com\/nl\/wp-json\/wp\/v2\/tags?post=109854"}],"curies":[{"name":"wp","href":"https:\/\/api.w.org\/{rel}","templated":true}]}}