{"id":110175,"date":"2026-01-13T15:03:10","date_gmt":"2026-01-13T15:03:10","guid":{"rendered":"https:\/\/www.europesays.com\/nl\/110175\/"},"modified":"2026-01-13T15:03:10","modified_gmt":"2026-01-13T15:03:10","slug":"victor-vlam-wil-duidelijkheid-van-talpa-over-boycot-jack-van-gelder","status":"publish","type":"post","link":"https:\/\/www.europesays.com\/nl\/110175\/","title":{"rendered":"Victor Vlam wil duidelijkheid van Talpa over boycot Jack van Gelder"},"content":{"rendered":"<p>Victor Vlam, de vaste mediacriticus van H\u00e9l\u00e8ne Hendriks, laat zich na enig aandringen alsnog uit over de boycot van Jack van Gelder. Hij vindt dat Talpa verplicht is om openheid van zaken te geven.<\/p>\n<p>        Door onze entertainmentredactie<\/p>\n<p>        <img fetchpriority=\"high\" decoding=\"async\" width=\"1280\" height=\"720\" src=\"https:\/\/www.europesays.com\/nl\/wp-content\/uploads\/2026\/01\/0113-Victor-Jack.jpg\" class=\"attachment-post-thumbnail size-post-thumbnail wp-post-image\" alt=\"Victor Vlam en Jack van Gelder\"  \/>        \u00a9 SBS    <\/p>\n<p>De huidige editie van de H\u00e9l\u00e8ne Hendriks-talkshow De Oranjewinter is ongekend saai: het is een prestatie als je als kijker de eindtune haalt. Volgens Johan Derksen is het programma momenteel zo kleurloos omdat Jack van Gelder niet van de partij is. Hij is tijdens de huidige serie niet welkom, maar H\u00e9l\u00e8ne durft, mag of wil daar geen duidelijkheid over geven.<\/p>\n<p>Victor bang?<\/p>\n<p>Johan stelt dat niet H\u00e9l\u00e8ne maar Talpa <a href=\"https:\/\/www.mediacourant.nl\/2026\/01\/johan-derksen-jack-van-gelder-boycot-komt-bij-talpa-vandaan\/\" rel=\"nofollow noopener\" target=\"_blank\">achter de Jack-boycot zit<\/a>, maar een duidelijke reden blijft uit. Volgens columnist Jan Dijkgraaf spelen de \u2018rechtse praatjes\u2019 van Jack overduidelijk een rol. De huidige vaste sidekick van H\u00e9l\u00e8ne, Rutger Castricum, is veel veiliger en veel meer mainstream. Die lacht gewoon een beetje leuk mee.<\/p>\n<p>We horen dus niks van H\u00e9l\u00e8ne, maar ook tv-criticus Victor Vlam bleef opvallend stil. Normaal gesproken stipt hij \u00e1lle mediarelletjes aan in zijn podcast, maar in de afgelopen editie bleef de Jack-rel onbesproken. Hij is vaste gast van H\u00e9l\u00e8ne en daardoor ontstond het vermoeden dat hij bang is voor een afstraffing als hij interne zaken bespreekt.<\/p>\n<p>Geloofwaardigheid<\/p>\n<p>Na enig aandringen laat Victor zich nu alsnog uit over de kwestie, namelijk op <a href=\"https:\/\/x.com\/VictorVlam\/status\/2011038932394541454\" rel=\"nofollow\">X<\/a>. Daar zegt ene Harald tegen hem: \u201cGaan we jou, de mediacriticus, nog horen over de kwestie Van Gelder? Of kruip je weg uit lijfsbehoud, bang om ook je schnabbel bij De Oranjewinter te verliezen? Denk om je geloofwaardigheid, Victor.\u201d<\/p>\n<p>De mediacriticus daarop: \u201cBen je gek, ik geef mijn mening over alles waar ik wat van vind. Wat mij betreft is het simpel: hoe meer Jack van Gelder in een talkshow, hoe beter. Hij spreekt namens een grote groep Nederlanders en is een televisielegende.\u201d<\/p>\n<p>\u2018Geef duidelijkheid!\u2019<\/p>\n<p>Over waarom Jack niet meer van de partij is, zegt Victor niets. Het is welhaast onmogelijk dat hij dit niet heeft besproken met H\u00e9l\u00e8ne, maar daarover zwijgt hij vooralsnog. <\/p>\n<p>Wel zegt Victor: \u201cVerder vind ik dat Talpa een duidelijke verklaring moet geven voor waarom ze hem niet willen, als dat het geval is. Dat zijn ze hem verplicht maar ook de fans van het programma.\u201d<\/p>\n","protected":false},"excerpt":{"rendered":"Victor Vlam, de vaste mediacriticus van H\u00e9l\u00e8ne Hendriks, laat zich na enig aandringen alsnog uit over de boycot&hellip;\n","protected":false},"author":2,"featured_media":110176,"comment_status":"","ping_status":"","sticky":false,"template":"","format":"standard","meta":{"footnotes":""},"categories":[28],"tags":[99,377,48,98,581,378,46,47,49,45,50,124,129],"class_list":{"0":"post-110175","1":"post","2":"type-post","3":"status-publish","4":"format-standard","5":"has-post-thumbnail","7":"category-tv","8":"tag-amusement","9":"tag-de-oranjezondag","10":"tag-dutch","11":"tag-entertainment","12":"tag-helene-hendriks","13":"tag-jack-van-gelder","14":"tag-nederland","15":"tag-nederlanden","16":"tag-nederlands","17":"tag-netherlands","18":"tag-nl","19":"tag-tv","20":"tag-victor-vlam"},"share_on_mastodon":{"url":"https:\/\/pubeurope.com\/@nl\/115888403409986678","error":""},"_links":{"self":[{"href":"https:\/\/www.europesays.com\/nl\/wp-json\/wp\/v2\/posts\/110175","targetHints":{"allow":["GET"]}}],"collection":[{"href":"https:\/\/www.europesays.com\/nl\/wp-json\/wp\/v2\/posts"}],"about":[{"href":"https:\/\/www.europesays.com\/nl\/wp-json\/wp\/v2\/types\/post"}],"author":[{"embeddable":true,"href":"https:\/\/www.europesays.com\/nl\/wp-json\/wp\/v2\/users\/2"}],"replies":[{"embeddable":true,"href":"https:\/\/www.europesays.com\/nl\/wp-json\/wp\/v2\/comments?post=110175"}],"version-history":[{"count":0,"href":"https:\/\/www.europesays.com\/nl\/wp-json\/wp\/v2\/posts\/110175\/revisions"}],"wp:featuredmedia":[{"embeddable":true,"href":"https:\/\/www.europesays.com\/nl\/wp-json\/wp\/v2\/media\/110176"}],"wp:attachment":[{"href":"https:\/\/www.europesays.com\/nl\/wp-json\/wp\/v2\/media?parent=110175"}],"wp:term":[{"taxonomy":"category","embeddable":true,"href":"https:\/\/www.europesays.com\/nl\/wp-json\/wp\/v2\/categories?post=110175"},{"taxonomy":"post_tag","embeddable":true,"href":"https:\/\/www.europesays.com\/nl\/wp-json\/wp\/v2\/tags?post=110175"}],"curies":[{"name":"wp","href":"https:\/\/api.w.org\/{rel}","templated":true}]}}