{"id":110393,"date":"2026-01-13T18:22:20","date_gmt":"2026-01-13T18:22:20","guid":{"rendered":"https:\/\/www.europesays.com\/nl\/110393\/"},"modified":"2026-01-13T18:22:20","modified_gmt":"2026-01-13T18:22:20","slug":"dit-is-de-nederlandstalige-apres-ski-top-10-van-winter-2025-2026","status":"publish","type":"post","link":"https:\/\/www.europesays.com\/nl\/110393\/","title":{"rendered":"dit is de Nederlandstalige apr\u00e8s-ski top 10 van winter 2025\/2026"},"content":{"rendered":"<p>Ben jij je al aan het voorbereiden op je volgende wintersport? Behalve ski-oefeningen is er nog een ander belangrijk iets om niet te vergeten: op tijd je stembanden smeren! Voor wie deze winter zonder haperen wil meebrullen in de apr\u00e8s-ski, is er goed nieuws. De dj\u2019s van DJ-Events(DJ-Events) stelde de Nederlandstalige apr\u00e8s-ski top 10 van winter 2025\/2026 samen.<\/p>\n<p>Nederlandse apr\u00e8s-ski in Oostenrijk<\/p>\n<p>Je houdt ervan of je haat het: in veel Oostenrijkse plaatsen, denk aan Westendorf, Ellmau en Gerlos klinken er vaak veel Nederlandse muziek uit de boxen. Van klassiekers die iedereen kent tot frisse meezingers die je na \u00e9\u00e9n refrein al niet meer uit je hoofd krijgt. Hierbij alvast de top 10 van dit seizoen ter voorbereiding. Ideaal om alvast te oefenen in de auto, onder de douche of tijdens het waxen van je ski\u2019s.<\/p>\n<p>Dit zijn d\u00e9 meezinghits voor winter 2025\/20261. Wat zullen we drinken \u2013 Immer Hansi<\/p>\n<p>D\u00e9 apr\u00e8s-ski klassieker die nooit verveelt. E\u00e9n slok, \u00e9\u00e9n refrein en het dak gaat eraf.<\/p>\n<p>2. Oostenrijk \u2013 Tim Schalkx<\/p>\n<p>Alles wat je voelt als je de bergen ziet, gevangen in \u00e9\u00e9n nummer.<\/p>\n<p>3. Au Revoir \u2013 Alex<\/p>\n<p>Perfect voor het laatste rondje\u2026 of juist om nog eentje te bestellen.<\/p>\n<p>4. Samen \u2013 Jan Smit<\/p>\n<p>Handen op de schouders, lichten aan en samen zingen.<\/p>\n<p>5. Duurste van de kaart \u2013 Tom Haver<\/p>\n<p>Voor wie na een skidag nergens meer op let. Behalve op gezelligheid.<\/p>\n<p>6. Ik zal er zijn \u2013 Berry van de Brink<\/p>\n<p>Een meezinger met emotie, perfect voor dat ene moment op de avond.<\/p>\n<p>7. Kroegentocht \u2013 Donnie &amp; Sven<\/p>\n<p>Van bar naar bar, precies zoals apr\u00e8s-ski bedoeld is.<\/p>\n<p>8. Liefde in de nacht \u2013 Gerard Joling, Billy Dans, Afro Bros<\/p>\n<p>Bekend deuntje. Altijd goed!<\/p>\n<p>9. Nachtenlang \u2013 Yves Berendse ft. Donnie<\/p>\n<p>Voor als \u2018nog eentje dan\u2019 ineens nachtenlang wordt.<\/p>\n<p>10. Atje voor de sfeer \u2013 Ren\u00e9 Karst<\/p>\n<p>De titel zegt alles. Deze hoort erbij. Ode aan deze veel te vroeg overleden zanger.<\/p>\n<p>Klaar voor de apr\u00e8s-ski?<\/p>\n<p>Of je nu richting Oostenrijk, Frankrijk of gewoon de apr\u00e8s-ski-bar om de hoek gaat: met deze top 10 zit je altijd goed. Zet \u2019m op repeat, oefen de teksten en zing deze winter zonder twijfel mee.<\/p>\n<p>Lees meer: <a href=\"https:\/\/skiinformatie.nl\/apres-ski-in-2026-beste-apres-ski-hits-van-2026\/\" rel=\"nofollow noopener\" target=\"_blank\">Apr\u00e8s-ski in 2026: beste apr\u00e8s-ski hits van 2026<\/a><\/p>\n","protected":false},"excerpt":{"rendered":"Ben jij je al aan het voorbereiden op je volgende wintersport? Behalve ski-oefeningen is er nog een ander&hellip;\n","protected":false},"author":2,"featured_media":110394,"comment_status":"","ping_status":"","sticky":false,"template":"","format":"standard","meta":{"footnotes":""},"categories":[25],"tags":[99,48,98,46,47,49,45,50],"class_list":{"0":"post-110393","1":"post","2":"type-post","3":"status-publish","4":"format-standard","5":"has-post-thumbnail","7":"category-amusement","8":"tag-amusement","9":"tag-dutch","10":"tag-entertainment","11":"tag-nederland","12":"tag-nederlanden","13":"tag-nederlands","14":"tag-netherlands","15":"tag-nl"},"share_on_mastodon":{"url":"https:\/\/pubeurope.com\/@nl\/115889185950434656","error":""},"_links":{"self":[{"href":"https:\/\/www.europesays.com\/nl\/wp-json\/wp\/v2\/posts\/110393","targetHints":{"allow":["GET"]}}],"collection":[{"href":"https:\/\/www.europesays.com\/nl\/wp-json\/wp\/v2\/posts"}],"about":[{"href":"https:\/\/www.europesays.com\/nl\/wp-json\/wp\/v2\/types\/post"}],"author":[{"embeddable":true,"href":"https:\/\/www.europesays.com\/nl\/wp-json\/wp\/v2\/users\/2"}],"replies":[{"embeddable":true,"href":"https:\/\/www.europesays.com\/nl\/wp-json\/wp\/v2\/comments?post=110393"}],"version-history":[{"count":0,"href":"https:\/\/www.europesays.com\/nl\/wp-json\/wp\/v2\/posts\/110393\/revisions"}],"wp:featuredmedia":[{"embeddable":true,"href":"https:\/\/www.europesays.com\/nl\/wp-json\/wp\/v2\/media\/110394"}],"wp:attachment":[{"href":"https:\/\/www.europesays.com\/nl\/wp-json\/wp\/v2\/media?parent=110393"}],"wp:term":[{"taxonomy":"category","embeddable":true,"href":"https:\/\/www.europesays.com\/nl\/wp-json\/wp\/v2\/categories?post=110393"},{"taxonomy":"post_tag","embeddable":true,"href":"https:\/\/www.europesays.com\/nl\/wp-json\/wp\/v2\/tags?post=110393"}],"curies":[{"name":"wp","href":"https:\/\/api.w.org\/{rel}","templated":true}]}}