{"id":110471,"date":"2026-01-13T19:51:13","date_gmt":"2026-01-13T19:51:13","guid":{"rendered":"https:\/\/www.europesays.com\/nl\/110471\/"},"modified":"2026-01-13T19:51:13","modified_gmt":"2026-01-13T19:51:13","slug":"turkish-airlines-zet-journalist-op-no-flylijst-vanwege-zijn-artikelen","status":"publish","type":"post","link":"https:\/\/www.europesays.com\/nl\/110471\/","title":{"rendered":"Turkish Airlines zet journalist op no-flylijst vanwege zijn artikelen"},"content":{"rendered":"<p>De luchtvaartmaatschappij heeft haar zogenoemde Safe Travel Passenger Tracking System toegepast en een vliegverbod opgelegd voor de duur van zes maanden, tot en met 12 juli 2026. Meerdere Turkse media melden dit.<\/p>\n<p>De journalist zegt dat het komt door berichten op <a href=\"https:\/\/x.com\/alikdk\" rel=\"nofollow\">sociale media<\/a>. Het zou te maken kunnen hebben met een bericht over de kledingvoorschriften. Personeel zou geen speldjes van de nationale vlag meer mogen dragen, en ook niet van de oprichter van het land, Mustafa Kemal Atat\u00fcrk.<\/p>\n<p>Politiek<br \/>K\u0131d\u0131k was eerder ook plaatsvervangend fractievoorzitter van de \u0130yi-partij (Good Party) in de gemeenteraad van Istanboel, een centrumrechtse nationalistische partij die zich verzet tegen de machtsuitbreiding van president Erdo\u011fan. Dat zou, naast zijn journalistieke werk, eveneens een rol kunnen hebben gespeeld bij het besluit tot het vliegverbod, gezien de opgegeven reden.<\/p>\n<p>Merkwaarde aangetast<br \/>Het beleid van Turkish Airlines noemt het \u2018aantasten van de merkwaarde\u2019 door een passagier als mogelijke rechtvaardiging voor een vliegverbod. In de <a href=\"https:\/\/cdn.turkishairlines.com\/m\/53228924eacd3ba1\/original\/Blacklist-web-content-2-eng.pdf\" rel=\"nofollow noopener\" target=\"_blank\">algemene vervoersvoorwaarden<\/a> staat dat het produceren en verspreiden van \u201cinhoud die schadelijk is voor de merkwaarde of reputatie van de vervoerder\u201d aanleiding kan zijn om een passagier te weigeren. De luchtvaartmaatschappij past deze vervoersvoorwaarden dus ook toe op uitingen in de media, en niet uitsluitend op wangedrag aan boord.<\/p>\n<p>SunExpress<br \/>Ook SunExpress, een andere Turkse luchtvaartmaatschappij (waaronder Lufthansa aandeelhouder is), hanteert vergelijkbare regels. In de <a href=\"https:\/\/www.sunexpress.com\/en-gb\/legal-notice\/terms-conditions\/\" rel=\"nofollow noopener\" target=\"_blank\">voorwaarden staat onder meer<\/a>:<\/p>\n<p>\u201cWanneer een persoon via welk medium dan ook of via een door SunExpress aangewezen communicatiekanaal uitingen doet of activiteiten onderneemt die de merkwaarde van SunExpress ondermijnen.\u201d<\/p>\n<p>KLM heeft een dergelijke bepaling niet in de vervoersvoorwaarden opgenomen.<\/p>\n<p>\u00a0<\/p>\n<p>\\n&#8221;}];<\/p>\n<p>\t\tvar restrictedCookies = [{&#8220;script&#8221;:&#8221;&#8221;}];<br \/>\n\t\tvar optimalCookies = [{&#8220;script&#8221;:&#8221;&#8221;<br \/>\n\t\t\t\t\t\t\t\t  + &#8220;&#8221;}];<\/p>\n","protected":false},"excerpt":{"rendered":"De luchtvaartmaatschappij heeft haar zogenoemde Safe Travel Passenger Tracking System toegepast en een vliegverbod opgelegd voor de duur&hellip;\n","protected":false},"author":2,"featured_media":110472,"comment_status":"","ping_status":"","sticky":false,"template":"","format":"standard","meta":{"footnotes":""},"categories":[15],"tags":[1412,1413,23865,39,40,48,43,44,34,35,4852,41,42,77,423,1409,46,47,49,45,32,33,50,1414,36,37,1417,1418,2095,23864,1411,1410,76,38,67,64,65,66,1416,1415],"class_list":{"0":"post-110471","1":"post","2":"type-post","3":"status-publish","4":"format-standard","5":"has-post-thumbnail","7":"category-wereld","8":"tag-airlines","9":"tag-airports","10":"tag-ali-kidik","11":"tag-breaking-news","12":"tag-breakingnews","13":"tag-dutch","14":"tag-featured-news","15":"tag-featurednews","16":"tag-headlines","17":"tag-hoofdpunten","18":"tag-journalist","19":"tag-latest-news","20":"tag-latestnews","21":"tag-luchthaven","22":"tag-luchtvaart","23":"tag-luchtvaartnieuws","24":"tag-nederland","25":"tag-nederlanden","26":"tag-nederlands","27":"tag-netherlands","28":"tag-news","29":"tag-nieuws","30":"tag-nl","31":"tag-tickets","32":"tag-top-stories","33":"tag-topstories","34":"tag-trip","35":"tag-tripnieuws","36":"tag-turkish-airlines","37":"tag-vervoersvoorwaarden","38":"tag-vliegen","39":"tag-vliegtuigen","40":"tag-vliegveld","41":"tag-voorpaginanieuws","42":"tag-wereld","43":"tag-world","44":"tag-world-news","45":"tag-worldnews","46":"tag-zakenreis","47":"tag-zakenreisnieuws"},"share_on_mastodon":{"url":"","error":"Validation failed: Text character limit of 500 exceeded"},"_links":{"self":[{"href":"https:\/\/www.europesays.com\/nl\/wp-json\/wp\/v2\/posts\/110471","targetHints":{"allow":["GET"]}}],"collection":[{"href":"https:\/\/www.europesays.com\/nl\/wp-json\/wp\/v2\/posts"}],"about":[{"href":"https:\/\/www.europesays.com\/nl\/wp-json\/wp\/v2\/types\/post"}],"author":[{"embeddable":true,"href":"https:\/\/www.europesays.com\/nl\/wp-json\/wp\/v2\/users\/2"}],"replies":[{"embeddable":true,"href":"https:\/\/www.europesays.com\/nl\/wp-json\/wp\/v2\/comments?post=110471"}],"version-history":[{"count":0,"href":"https:\/\/www.europesays.com\/nl\/wp-json\/wp\/v2\/posts\/110471\/revisions"}],"wp:featuredmedia":[{"embeddable":true,"href":"https:\/\/www.europesays.com\/nl\/wp-json\/wp\/v2\/media\/110472"}],"wp:attachment":[{"href":"https:\/\/www.europesays.com\/nl\/wp-json\/wp\/v2\/media?parent=110471"}],"wp:term":[{"taxonomy":"category","embeddable":true,"href":"https:\/\/www.europesays.com\/nl\/wp-json\/wp\/v2\/categories?post=110471"},{"taxonomy":"post_tag","embeddable":true,"href":"https:\/\/www.europesays.com\/nl\/wp-json\/wp\/v2\/tags?post=110471"}],"curies":[{"name":"wp","href":"https:\/\/api.w.org\/{rel}","templated":true}]}}