{"id":110517,"date":"2026-01-13T20:33:14","date_gmt":"2026-01-13T20:33:14","guid":{"rendered":"https:\/\/www.europesays.com\/nl\/110517\/"},"modified":"2026-01-13T20:33:14","modified_gmt":"2026-01-13T20:33:14","slug":"vrachtwagenoplegger-met-luiers-in-brand-op-duitse-a2-fotos","status":"publish","type":"post","link":"https:\/\/www.europesays.com\/nl\/110517\/","title":{"rendered":"Vrachtwagenoplegger met luiers in brand op Duitse A2 [+foto\u2019s]"},"content":{"rendered":"<p>HELMSTEDT \u2013 Op de Duitse A2 bij Helmstedt heeft dinsdagochtend een oplegger van een vrachtwagen volledig in brand gestaan. Het incident gebeurde op de rijbaan van Helmstedt-Ost richting Helmstedt-Zentrum (richting Hannover). De oplegger was geladen met luiers, wat de bluswerkzaamheden bemoeilijkte en langdurig maakte.<\/p>\n<p>De brand werd rond 07.30 uur gemeld. Al tijdens de aanrijding van de hulpdiensten was een grote rookontwikkeling zichtbaar. Brandweereenheden uit Helmstedt, Emmerstedt en B\u00fcddenstedt kregen direct versterking van meerdere tankautospuiten uit onder andere Sch\u00f6ningen, Mariental, S\u00fcpplingen en Ochsendorf.<\/p>\n<p>Oplegger volledig uitgebrand<\/p>\n<p>Bij aankomst stond de oplegger al volledig in brand. De compacte lading luiers zorgde ervoor dat het vuur moeilijk te bestrijden was en veel water nodig had. Om voldoende bluswater beschikbaar te houden, werd aan de rand van Helmstedt een waterwinpunt ingericht en reden tankwagens in pendelverkeer naar de snelweg.<\/p>\n<p><a href=\"https:\/\/www.europesays.com\/nl\/wp-content\/uploads\/2026\/01\/Brand-A2-02.jpg\"><img fetchpriority=\"high\" decoding=\"async\" class=\"size-full wp-image-113745\" src=\"https:\/\/www.europesays.com\/nl\/wp-content\/uploads\/2026\/01\/Brand-A2-02.jpg\" alt=\"\" width=\"800\" height=\"800\"  \/><\/a>Foto: Brandweer Helmstedt<\/p>\n<p>Ook werd een telescooplader van de districtsbrandweer ingezet om de brandende lading uit de oplegger te halen en afzonderlijk te blussen. Extra brandweereenheden werden ingezet voor co\u00f6rdinatie, logistieke ondersteuning en inzetveiligheid. Het Duitse Rode Kruis (DRK) zorgde met een noodambulance voor de medische paraatheid tijdens de inzet.<\/p>\n<p><a href=\"https:\/\/www.europesays.com\/nl\/wp-content\/uploads\/2026\/01\/Brand-A2-03.jpg\"><img loading=\"lazy\" decoding=\"async\" class=\"size-full wp-image-113744\" src=\"https:\/\/www.europesays.com\/nl\/wp-content\/uploads\/2026\/01\/Brand-A2-03.jpg\" alt=\"\" width=\"800\" height=\"800\"  \/><\/a>Foto: Brandweer Helmstedt<br \/>\nGeen gewonden<\/p>\n<p>De chauffeur wist de trekker op tijd los te koppelen voordat de brandweer arriveerde, waardoor deze niet werd getroffen door het vuur. Bij het incident raakte niemand gewond.<\/p>\n<p><a href=\"https:\/\/www.europesays.com\/nl\/wp-content\/uploads\/2026\/01\/Brand-A2-04.jpg\"><img loading=\"lazy\" decoding=\"async\" class=\"size-full wp-image-113743\" src=\"https:\/\/www.europesays.com\/nl\/wp-content\/uploads\/2026\/01\/Brand-A2-04.jpg\" alt=\"\" width=\"800\" height=\"800\"  \/><\/a>Foto: Brandweer Helmstedt<\/p>\n<p>De brandweer was ongeveer zes uur bezig met het blussen en nablussen. Het verkeer op de A2 ondervond langdurige hinder door de inzet. De oorzaak van de brand is niet bekendgemaakt.<\/p>\n","protected":false},"excerpt":{"rendered":"HELMSTEDT \u2013 Op de Duitse A2 bij Helmstedt heeft dinsdagochtend een oplegger van een vrachtwagen volledig in brand&hellip;\n","protected":false},"author":2,"featured_media":110518,"comment_status":"","ping_status":"","sticky":false,"template":"","format":"standard","meta":{"footnotes":""},"categories":[15],"tags":[39,40,48,43,44,34,35,41,42,46,47,49,45,32,33,50,36,37,38,67,64,65,66],"class_list":{"0":"post-110517","1":"post","2":"type-post","3":"status-publish","4":"format-standard","5":"has-post-thumbnail","7":"category-wereld","8":"tag-breaking-news","9":"tag-breakingnews","10":"tag-dutch","11":"tag-featured-news","12":"tag-featurednews","13":"tag-headlines","14":"tag-hoofdpunten","15":"tag-latest-news","16":"tag-latestnews","17":"tag-nederland","18":"tag-nederlanden","19":"tag-nederlands","20":"tag-netherlands","21":"tag-news","22":"tag-nieuws","23":"tag-nl","24":"tag-top-stories","25":"tag-topstories","26":"tag-voorpaginanieuws","27":"tag-wereld","28":"tag-world","29":"tag-world-news","30":"tag-worldnews"},"share_on_mastodon":{"url":"https:\/\/pubeurope.com\/@nl\/115889701108650674","error":""},"_links":{"self":[{"href":"https:\/\/www.europesays.com\/nl\/wp-json\/wp\/v2\/posts\/110517","targetHints":{"allow":["GET"]}}],"collection":[{"href":"https:\/\/www.europesays.com\/nl\/wp-json\/wp\/v2\/posts"}],"about":[{"href":"https:\/\/www.europesays.com\/nl\/wp-json\/wp\/v2\/types\/post"}],"author":[{"embeddable":true,"href":"https:\/\/www.europesays.com\/nl\/wp-json\/wp\/v2\/users\/2"}],"replies":[{"embeddable":true,"href":"https:\/\/www.europesays.com\/nl\/wp-json\/wp\/v2\/comments?post=110517"}],"version-history":[{"count":0,"href":"https:\/\/www.europesays.com\/nl\/wp-json\/wp\/v2\/posts\/110517\/revisions"}],"wp:featuredmedia":[{"embeddable":true,"href":"https:\/\/www.europesays.com\/nl\/wp-json\/wp\/v2\/media\/110518"}],"wp:attachment":[{"href":"https:\/\/www.europesays.com\/nl\/wp-json\/wp\/v2\/media?parent=110517"}],"wp:term":[{"taxonomy":"category","embeddable":true,"href":"https:\/\/www.europesays.com\/nl\/wp-json\/wp\/v2\/categories?post=110517"},{"taxonomy":"post_tag","embeddable":true,"href":"https:\/\/www.europesays.com\/nl\/wp-json\/wp\/v2\/tags?post=110517"}],"curies":[{"name":"wp","href":"https:\/\/api.w.org\/{rel}","templated":true}]}}