{"id":110938,"date":"2026-01-14T06:14:23","date_gmt":"2026-01-14T06:14:23","guid":{"rendered":"https:\/\/www.europesays.com\/nl\/110938\/"},"modified":"2026-01-14T06:14:23","modified_gmt":"2026-01-14T06:14:23","slug":"jack-van-gelder-boycot-komt-bij-talpa-vandaan","status":"publish","type":"post","link":"https:\/\/www.europesays.com\/nl\/110938\/","title":{"rendered":"&#8216;Jack van Gelder-boycot komt bij Talpa vandaan&#8217;"},"content":{"rendered":"<p>Waar H\u00e9l\u00e8ne Hendriks lafjes blijft zwijgen \u2014 kennelijk komen de salarisonderhandelingen eraan \u2014 doet Johan Derksen w\u00e9l zijn mond open over de boycot van Jack van Gelder. \u201cLigt bij Talpa.\u201d<\/p>\n<p>        Door onze entertainmentredactie<\/p>\n<p>        <img fetchpriority=\"high\" decoding=\"async\" width=\"1280\" height=\"720\" src=\"https:\/\/www.europesays.com\/nl\/wp-content\/uploads\/2026\/01\/0112-Helene-Jack-Johan.jpg\" class=\"attachment-post-thumbnail size-post-thumbnail wp-post-image\" alt=\"H\u00e9l\u00e8ne Hendriks, Johan Derksen, Jack van Gelder en Frans Klein\"  \/>        \u00a9 SBS    <\/p>\n<p>Het is een grote teleurstelling: H\u00e9l\u00e8ne Hendriks <a href=\"https:\/\/www.mediacourant.nl\/2026\/01\/waarom-staat-helene-hendriks-niet-op-voor-jack-van-gelder-vals\/\" rel=\"nofollow noopener\" target=\"_blank\">staat niet op<\/a> voor de man die haar talkshow mede groot heeft gemaakt. Jack van Gelder <a href=\"https:\/\/www.mediacourant.nl\/2026\/01\/jack-van-gelder-niet-meer-welkom-in-oranjewinter-andere-basis\/\" rel=\"nofollow noopener\" target=\"_blank\">ligt eruit bij De Oranjewinter<\/a>. Hij is in elk geval tijdens de huidige serie niet welkom en de o zo geliefde presentatrice? Die horen we niet. Die laat haar oud-collega keihard barsten, alsof hij er nooit bij heeft gehoord. <\/p>\n<p>\u2018Talpa wil Jack niet\u2019<\/p>\n<p>H\u00e9l\u00e8ne heeft slechts een beetje <a href=\"https:\/\/www.mediacourant.nl\/2026\/01\/helene-hendriks-gniffelt-als-naam-jack-van-gelder-valt-zegt-niets\/\" rel=\"nofollow noopener\" target=\"_blank\">gegniffeld<\/a> toen in haar programma de naam van Jack viel, waarmee ze ruimte openliet voor <a href=\"https:\/\/www.mediacourant.nl\/2026\/01\/aran-bade-helene-hendriks-zeg-gewoon-dat-je-jack-niet-meer-wil\/\" rel=\"nofollow noopener\" target=\"_blank\">speculaties<\/a> over zijn vertrek. Waar de talkshowhost haar voormalige vaste gast keihard aan zijn lot overlaat, springt Johan Derksen, die zich kennelijk iets meer kan permitteren bij Talpa, nu w\u00e9l voor hem in de bres.<\/p>\n<p>Volgens Johan ligt Jack eruit omdat hij niet goed ligt bij Talpa. Mogelijk zijn ze daar \u2014 en dan tv-baas Frans Klein met zijn BnnVara-roots in het bijzonder \u2014 niet blij met iemand die dagelijks rechts-populistische meningen verkondigt op televisie. \u201cIk heb niks met De Oranjewinter te maken, maar ik vind dat wel een gevaarlijke tendens\u201d, zegt de VI-snor.<\/p>\n<p>Gezellig en sociaal<\/p>\n<p>De Jack-boycot komt volgens Johan niet bij H\u00e9l\u00e8ne vandaan. \u201cIk weet zeker dat H\u00e9l\u00e8ne Hendriks hem er dolgraag bij heeft en ik zag vandaag alweer dingen in kranten dat H\u00e9l\u00e8ne hem eruit gezet heeft. Wat een onzin allemaal. Wat een onzin, Aran Bade, waar haal je het vandaan?\u201d, zegt hij in de podcast <a href=\"https:\/\/open.spotify.com\/episode\/6DH8JLQNJO9KB344LIqDEK?si=51beb8ec056b4b39\" rel=\"nofollow noopener\" target=\"_blank\">Groeten uit Grolloo<\/a>. <\/p>\n<p>\u201cMaar Jack ligt niet al te best bij Talpa, geloof ik, en dan komt er een offici\u00eble mededeling van Talpa en die zeggen dan: \u2018Ja, het is een beslissing van de redactie, want de redactie bepaalt wie er aan tafel zit.\u2019\u201d<\/p>\n<p>Diskwalificatie<\/p>\n<p>Talpa gaat keihard voorbij aan wat H\u00e9l\u00e8ne wil, meent Johan. \u201cIk vind dat zo\u2019n mededeling van Talpa een diskwalificatie is van H\u00e9l\u00e8ne Hendriks, want de redactie bepaalt dat, maar in die redactie zit \u00e9\u00e9n eindredacteur en die weet van wanten, maar voor de rest bestaat die redactie uit vrij jonge mensen. Dat zijn niet de mensen die dat soort beslissingen nemen.\u201d<\/p>\n<p>\u201cIk vind dat als H\u00e9l\u00e8ne Hendriks hem er graag bij wil, en daar heeft ze goede argumenten voor want h\u00edj maakt de show interessant. Niet omdat hij een populaire rol heeft, maar omdat hij dus een heel goede discussie los weet te weken met zijn opmerkingen. En ik vind het heel raar dat Talpa daaraan meedoet en dat ze hem daar weghouden.\u201d<\/p>\n<p>Na\u00efef en dom<\/p>\n<p>Talpa schiet zichzelf in de voet met de Jack-boycot, stelt Johan. \u201cIk vind het commercieel gezien heel na\u00efef en dom. (\u2026) Kijk, Jack is achter de schermen niet altijd even gezellig en sociaal. Dat is een lastige jongen, een driftige, opvliegende jongen, maar dat was wel een man aan tafel met uitspraken.\u201d<\/p>\n<p>Over Jacks vervanging \u2014 op dit moment zit Rutger Castricum aan tafel \u2014 is hij niet te spreken. \u201cJack deponeerde stellingen en die leverden interessante discussies op. Nu Jack er niet meer is, zitten er kabbelende babbelaars. Die kun je gewoon invullen. Het maakt niet uit wie er zit. Het babbelt vrolijk mee en ze hebben allemaal niks te melden.\u201d<\/p>\n<p>Half zo leuk<\/p>\n<p>Dit gaat serieus ten koste van H\u00e9l\u00e8ne\u2019s tv-carri\u00e8re, meent Johan. \u201cAls ik nu kijk, vind ik het programma half zo leuk en interessant als dat wanneer Jack er zit.\u201d<\/p>\n<p>\u201cH\u00e9l\u00e8ne heeft de kijkcijfers aan haar kont hangen, h\u00e8, of onder haar bloesje zitten. Ik weet niet wat de daadwerkelijke reden is, maar die spat van het scherm en die is populair. Kijk, het is zo: H\u00e9l\u00e8ne is populairder dan wij hoor. De sponsors zitten ook liever bij H\u00e9l\u00e8ne dan bij ons, want zij is niet relgevoelig, h\u00e8?\u201d<\/p>\n<p>\u201cMaar Jack van Gelder moet terug aan tafel, want dat is de man die het programma interessant maakt.\u201d<\/p>\n","protected":false},"excerpt":{"rendered":"Waar H\u00e9l\u00e8ne Hendriks lafjes blijft zwijgen \u2014 kennelijk komen de salarisonderhandelingen eraan \u2014 doet Johan Derksen w\u00e9l zijn&hellip;\n","protected":false},"author":2,"featured_media":110939,"comment_status":"","ping_status":"","sticky":false,"template":"","format":"standard","meta":{"footnotes":""},"categories":[31],"tags":[99,147,21357,48,98,581,378,192,46,47,49,45,50],"class_list":{"0":"post-110938","1":"post","2":"type-post","3":"status-publish","4":"format-standard","5":"has-post-thumbnail","7":"category-celebrities","8":"tag-amusement","9":"tag-celebrities","10":"tag-de-oranjewinter","11":"tag-dutch","12":"tag-entertainment","13":"tag-helene-hendriks","14":"tag-jack-van-gelder","15":"tag-johan-derksen","16":"tag-nederland","17":"tag-nederlanden","18":"tag-nederlands","19":"tag-netherlands","20":"tag-nl"},"share_on_mastodon":{"url":"https:\/\/pubeurope.com\/@nl\/115891985613519702","error":""},"_links":{"self":[{"href":"https:\/\/www.europesays.com\/nl\/wp-json\/wp\/v2\/posts\/110938","targetHints":{"allow":["GET"]}}],"collection":[{"href":"https:\/\/www.europesays.com\/nl\/wp-json\/wp\/v2\/posts"}],"about":[{"href":"https:\/\/www.europesays.com\/nl\/wp-json\/wp\/v2\/types\/post"}],"author":[{"embeddable":true,"href":"https:\/\/www.europesays.com\/nl\/wp-json\/wp\/v2\/users\/2"}],"replies":[{"embeddable":true,"href":"https:\/\/www.europesays.com\/nl\/wp-json\/wp\/v2\/comments?post=110938"}],"version-history":[{"count":0,"href":"https:\/\/www.europesays.com\/nl\/wp-json\/wp\/v2\/posts\/110938\/revisions"}],"wp:featuredmedia":[{"embeddable":true,"href":"https:\/\/www.europesays.com\/nl\/wp-json\/wp\/v2\/media\/110939"}],"wp:attachment":[{"href":"https:\/\/www.europesays.com\/nl\/wp-json\/wp\/v2\/media?parent=110938"}],"wp:term":[{"taxonomy":"category","embeddable":true,"href":"https:\/\/www.europesays.com\/nl\/wp-json\/wp\/v2\/categories?post=110938"},{"taxonomy":"post_tag","embeddable":true,"href":"https:\/\/www.europesays.com\/nl\/wp-json\/wp\/v2\/tags?post=110938"}],"curies":[{"name":"wp","href":"https:\/\/api.w.org\/{rel}","templated":true}]}}