{"id":111005,"date":"2026-01-14T07:46:07","date_gmt":"2026-01-14T07:46:07","guid":{"rendered":"https:\/\/www.europesays.com\/nl\/111005\/"},"modified":"2026-01-14T07:46:07","modified_gmt":"2026-01-14T07:46:07","slug":"gratis-op-te-pikken-club-america-neemt-per-direct-afscheid-van-javairo-dilrosun","status":"publish","type":"post","link":"https:\/\/www.europesays.com\/nl\/111005\/","title":{"rendered":"Gratis op te pikken: Club Am\u00e9rica neemt per direct afscheid van Javair\u00f4 Dilrosun"},"content":{"rendered":"<p><a class=\"article-details_article-details__section__element--authorName__j3rZA article-details_link__9uNPj\" href=\"https:\/\/www.voetbalzone.nl\/auteur\/wessel-antes\/316901\" rel=\"nofollow noopener\" target=\"_blank\">Wessel Antes<\/a>14 jan 2026, 07:27<\/p>\n<p>Laatst bijgewerkt: 14 jan 2026, 07:42<\/p>\n<p>Javair\u00f4 Dilrosun is niet langer speler van Club Am\u00e9rica. Dat communiceert de Mexicaanse club via de offici\u00eble kanalen. De 27-jarige buitenspeler lijkt zijn carri\u00e8re te vervolgen in de Major League Soccer.<\/p>\n<p>Feyenoord verkocht Dilrosun in 2024 voor 4,6 miljoen euro aan Club Am\u00e9rica. In Mexico tekende de Amsterdammer een contract tot het einde van 2026.\n<\/p>\n<p>Deze verbintenis gaat Dilrosun echter niet uitdienen. Club Am\u00e9rica neemt via social media afscheid van de linkspoot.\n<\/p>\n<p>Volgens diverse Mexicaanse media is het contract van Dilrosun in goed overleg ontbonden. De enkelvoudig international van Oranje kan gaan en staan waar hij wil.\n<\/p>\n<p>Het lijkt erop dat Dilrosun terugkeert in de MLS. In 2025 speelde hij al op huurbasis bij het Amerikaanse LAFC.\n<\/p>\n<p>Uiteindelijk kwam Dilrosun 52 keer in actie namens Club Am\u00e9rica. Hij was drie keer trefzeker en leverde acht assists af.\n<\/p>\n<p>Met Club Am\u00e9rica won Dilrosun vier prijzen. Suriname hoopt hem nog altijd te strikken in aanloop naar de intercontinentale play-offs.<\/p>\n","protected":false},"excerpt":{"rendered":"Wessel Antes14 jan 2026, 07:27 Laatst bijgewerkt: 14 jan 2026, 07:42 Javair\u00f4 Dilrosun is niet langer speler van&hellip;\n","protected":false},"author":2,"featured_media":111006,"comment_status":"","ping_status":"","sticky":false,"template":"","format":"standard","meta":{"footnotes":""},"categories":[21],"tags":[23939,48,23940,1387,9627,8759,46,47,49,45,50,92,91,2704,605],"class_list":{"0":"post-111005","1":"post","2":"type-post","3":"status-publish","4":"format-standard","5":"has-post-thumbnail","7":"category-sport","8":"tag-cf-america","9":"tag-dutch","10":"tag-j-dilrosun","11":"tag-liga-mx","12":"tag-major-league-soccer","13":"tag-mls","14":"tag-nederland","15":"tag-nederlanden","16":"tag-nederlands","17":"tag-netherlands","18":"tag-nl","19":"tag-sport","20":"tag-sports","21":"tag-suriname","22":"tag-transfers"},"share_on_mastodon":{"url":"https:\/\/pubeurope.com\/@nl\/115892347335725717","error":""},"_links":{"self":[{"href":"https:\/\/www.europesays.com\/nl\/wp-json\/wp\/v2\/posts\/111005","targetHints":{"allow":["GET"]}}],"collection":[{"href":"https:\/\/www.europesays.com\/nl\/wp-json\/wp\/v2\/posts"}],"about":[{"href":"https:\/\/www.europesays.com\/nl\/wp-json\/wp\/v2\/types\/post"}],"author":[{"embeddable":true,"href":"https:\/\/www.europesays.com\/nl\/wp-json\/wp\/v2\/users\/2"}],"replies":[{"embeddable":true,"href":"https:\/\/www.europesays.com\/nl\/wp-json\/wp\/v2\/comments?post=111005"}],"version-history":[{"count":0,"href":"https:\/\/www.europesays.com\/nl\/wp-json\/wp\/v2\/posts\/111005\/revisions"}],"wp:featuredmedia":[{"embeddable":true,"href":"https:\/\/www.europesays.com\/nl\/wp-json\/wp\/v2\/media\/111006"}],"wp:attachment":[{"href":"https:\/\/www.europesays.com\/nl\/wp-json\/wp\/v2\/media?parent=111005"}],"wp:term":[{"taxonomy":"category","embeddable":true,"href":"https:\/\/www.europesays.com\/nl\/wp-json\/wp\/v2\/categories?post=111005"},{"taxonomy":"post_tag","embeddable":true,"href":"https:\/\/www.europesays.com\/nl\/wp-json\/wp\/v2\/tags?post=111005"}],"curies":[{"name":"wp","href":"https:\/\/api.w.org\/{rel}","templated":true}]}}