{"id":111025,"date":"2026-01-14T08:14:17","date_gmt":"2026-01-14T08:14:17","guid":{"rendered":"https:\/\/www.europesays.com\/nl\/111025\/"},"modified":"2026-01-14T08:14:17","modified_gmt":"2026-01-14T08:14:17","slug":"psv-benadert-door-ajax-gescout-toptalent","status":"publish","type":"post","link":"https:\/\/www.europesays.com\/nl\/111025\/","title":{"rendered":"PSV benadert door Ajax gescout toptalent"},"content":{"rendered":"<p>De Italiaanse transferjournalist Fabrizio Romano bemoeit zich ermee en dat is meestal een teken aan de wand. Een teken aan de wand inzake een aanstaande transfer dan wel aanstaande transfer dan wel serieuze belangstelling van welke club dan ook.<\/p>\n<p>In dat kader wijst Romano naar PSV en Ajax want beide clubs zouden een toptalent in beeld hebben met grote potentie. De Italiaanse transferjournalist meldt zelfs dat PSV toenadering heeft gezocht tot een talent dat Ajax al gescout zou hebben.<\/p>\n<p>Ook Fabrizio Romano zit er weleens naast maar in dit geval lijkt de Italiaan vrij zeker van zijn zaak.\u00a0PSV is in ieder geval \u00e9\u00e9n van de clubs die interesse heeft in Benjamin Brantlind. Het Zweedse talent van IFK G\u00f6teborg is enkele maanden geleden gelinkt aan interesse van Ajax.<\/p>\n<p>Brantlind is zeventien jaar oud en maakte al minuten voor G\u00f6teborg. G\u00f6teborg wil het \u00e9\u00e9njarige contract van de jonge middenvelder maar wat graag verlengen, maar de vraag is of dat nog realistisch is gezien alle internationale belangstelling.<\/p>\n<p><img decoding=\"async\" width=\"500\" height=\"280\" loading=\"lazy\" src=\"https:\/\/www.europesays.com\/nl\/wp-content\/uploads\/2026\/01\/goteborg.jpeg@webp.webp\" class=\"w-auto h-auto\" alt=\"goteborg\"\/><\/p>\n<p>PSV heet volgens Romano inmiddels al toenadering te hebben gezocht richting de jeugdinternational van Zweden. Hoe dat precies gegaan zou zijn meldt de journalist niet. Ook wordt Club Brugge genoemd, dat net als Ajax de jonge Zweed al langer in het vizier zou hebben.<\/p>\n","protected":false},"excerpt":{"rendered":"De Italiaanse transferjournalist Fabrizio Romano bemoeit zich ermee en dat is meestal een teken aan de wand. Een&hellip;\n","protected":false},"author":2,"featured_media":111026,"comment_status":"","ping_status":"","sticky":false,"template":"","format":"standard","meta":{"footnotes":""},"categories":[21],"tags":[48,46,47,49,45,50,92,91,869],"class_list":{"0":"post-111025","1":"post","2":"type-post","3":"status-publish","4":"format-standard","5":"has-post-thumbnail","7":"category-sport","8":"tag-dutch","9":"tag-nederland","10":"tag-nederlanden","11":"tag-nederlands","12":"tag-netherlands","13":"tag-nl","14":"tag-sport","15":"tag-sports","16":"tag-transfernieuws"},"share_on_mastodon":{"url":"https:\/\/pubeurope.com\/@nl\/115892457508444077","error":""},"_links":{"self":[{"href":"https:\/\/www.europesays.com\/nl\/wp-json\/wp\/v2\/posts\/111025","targetHints":{"allow":["GET"]}}],"collection":[{"href":"https:\/\/www.europesays.com\/nl\/wp-json\/wp\/v2\/posts"}],"about":[{"href":"https:\/\/www.europesays.com\/nl\/wp-json\/wp\/v2\/types\/post"}],"author":[{"embeddable":true,"href":"https:\/\/www.europesays.com\/nl\/wp-json\/wp\/v2\/users\/2"}],"replies":[{"embeddable":true,"href":"https:\/\/www.europesays.com\/nl\/wp-json\/wp\/v2\/comments?post=111025"}],"version-history":[{"count":0,"href":"https:\/\/www.europesays.com\/nl\/wp-json\/wp\/v2\/posts\/111025\/revisions"}],"wp:featuredmedia":[{"embeddable":true,"href":"https:\/\/www.europesays.com\/nl\/wp-json\/wp\/v2\/media\/111026"}],"wp:attachment":[{"href":"https:\/\/www.europesays.com\/nl\/wp-json\/wp\/v2\/media?parent=111025"}],"wp:term":[{"taxonomy":"category","embeddable":true,"href":"https:\/\/www.europesays.com\/nl\/wp-json\/wp\/v2\/categories?post=111025"},{"taxonomy":"post_tag","embeddable":true,"href":"https:\/\/www.europesays.com\/nl\/wp-json\/wp\/v2\/tags?post=111025"}],"curies":[{"name":"wp","href":"https:\/\/api.w.org\/{rel}","templated":true}]}}