{"id":111086,"date":"2026-01-14T09:15:10","date_gmt":"2026-01-14T09:15:10","guid":{"rendered":"https:\/\/www.europesays.com\/nl\/111086\/"},"modified":"2026-01-14T09:15:10","modified_gmt":"2026-01-14T09:15:10","slug":"het-gaat-niet-alleen-om-geld","status":"publish","type":"post","link":"https:\/\/www.europesays.com\/nl\/111086\/","title":{"rendered":"&#8216;Het gaat niet alleen om geld&#8217;"},"content":{"rendered":"<p>                            &#8221; href=&#8221;https:\/\/www.fcupdate.nl\/voetballers\/quinten-ryan-crispito-timber&#8221;&gt;Quinten\u00a0Timber heeft zich tegenover <a target=\"_blank\" href=\"https:\/\/www.vi.nl\/pro\/quinten-timber-de-druk-is-gigantisch-heerlijk\" tt-mode=\"url\" rel=\"nofollow noopener\">Voetbal International <\/a>uitgelaten over zijn contractsituatie bij <a href=\"https:\/\/www.fcupdate.nl\/voetbalteams\/nederland\/feyenoord\" rel=\"nofollow noopener\" target=\"_blank\">Feyenoord<\/a>. De middenvelder, die beschikt over een aflopende verbintenis, vertelt dat alle scenario\u2019s nog openliggen. Daarnaast merkt hij dat zijn situatie veel losmaakt in Rotterdam-Zuid, iets waar bijvoorbeeld Justin Bijlow aanzienlijk minder mee te maken heeft.<\/p>\n<p>Timber, die in de zomer van 2022 door Feyenoord werd overgenomen van FC Utrecht, loopt aankomende zomer uit zijn contract. De vrees is groot dat de middenvelder zijn verbintenis niet verlengt, waardoor een van de meest waardevolle spelers van de Rotterdamse selectie mogelijk gratis en voor niets vertrekt uit De Kuip. Voetbal International sprak met de sterkhouder en vroeg zich daarbij af of het gesprek zijn \u2018afscheidsinterview\u2019 was.<\/p>\n<p>            Artikel gaat verder onder video<\/p>\n<p>\u201cIk weet het niet, het kan zomaar. Het klopt dat ik met clubs mag praten, maar wat mij betreft liggen alle opties nog op tafel: bijtekenen, in de zomer weg, of nu naar een andere club\u201d, vertelt Timber.<\/p>\n<p>                                                                                                                                            Timber: \u2018Eigenlijk was dat de bedoeling met het Feyenoord-contract\u2019<\/p>\n<p>Het is geen geheim dat de middenvelder en Feyenoord niet op \u00e9\u00e9n lijn zitten tijdens de contractbesprekingen. Enkele jaren geleden bevond Jurri\u00ebn Timber zich in een vergelijkbare situatie bij Ajax, maar hij verlengde uiteindelijk wel. Dat deed hij via een specifieke constructie: verlengen, opwaarderen en vervolgens voor veel geld vertrekken.<\/p>\n<p>\u201cDat is inderdaad ook onze bedoeling geweest. We hebben lange gesprekken gevoerd en de opties besproken met Feyenoord, vorig jaar en afgelopen zomer. Het verschil met Jurri\u00ebn is dat zij daar met Ajax wel op \u00e9\u00e9n lijn zijn gekomen. Bij Feyenoord is dat nog niet gelukt\u201d, aldus Timber.<\/p>\n<p>                                                                                                                                            Timber: \u2018Het gaat niet alleen om geld\u2019<\/p>\n<p>De middenvelder ontkent dat zijn contractsituatie puur een geldkwestie is, zoals veel Feyenoord-supporters denken. \u201cJa, dat is altijd makkelijk gezegd. Het gaat natuurlijk om veel meer voorwaarden. Ik wil niet op details ingaan, want ik zit zelf niet aan tafel. Wat ik wel kan zeggen, is dat het nooit alleen om geld gaat.\u201d<\/p>\n<p>Tot slot merkt de voormalig aanvoerder op dat zijn situatie meer losmaakt dan hij had verwacht. \u201cHet begon in de zomer, toen ik nog geblesseerd was. Opeens ging het leven bij mensen. Dat merk je aan hoe ze reageren op social media. Het opvallende is dat Justin (Bijlow, red.) in precies dezelfde situatie zit als ik, maar daar hoor je niets over. Ik denk dat als hij opeens gaat spelen en de pannen van het dak keept, het bij hem ook een item wordt.\u201d Timber ziet de heisa overigens meer als een <a target=\"_blank\" href=\"https:\/\/www.fcupdate.nl\/voetbalnieuws\/2026\/01\/timber-hard-geraakt-door-gedrag-van-fans-tijdens-feyenoord-pec\" tt-mode=\"url\" rel=\"nofollow noopener\">compliment <\/a>dan als een aanval.<\/p>\n<p>                    \u27a1\ufe0f Meer nieuws over Quinten Timber<\/p>\n","protected":false},"excerpt":{"rendered":"&#8221; href=&#8221;https:\/\/www.fcupdate.nl\/voetballers\/quinten-ryan-crispito-timber&#8221;&gt;Quinten\u00a0Timber heeft zich tegenover Voetbal International uitgelaten over zijn contractsituatie bij Feyenoord. De middenvelder, die beschikt over&hellip;\n","protected":false},"author":2,"featured_media":111087,"comment_status":"","ping_status":"","sticky":false,"template":"","format":"standard","meta":{"footnotes":""},"categories":[5],"tags":[39,40,23962,4010,48,165,2348,43,44,169,34,35,4536,6295,235,41,42,46,47,49,45,32,33,50,1523,10451,36,37,167,1519,234,38],"class_list":{"0":"post-111086","1":"post","2":"type-post","3":"status-publish","4":"format-standard","5":"has-post-thumbnail","7":"category-hoofdpunten","8":"tag-breaking-news","9":"tag-breakingnews","10":"tag-contractbesprekingen","11":"tag-de-kuip","12":"tag-dutch","13":"tag-eredivisie","14":"tag-fc-utrecht","15":"tag-featured-news","16":"tag-featurednews","17":"tag-feyenoord","18":"tag-headlines","19":"tag-hoofdpunten","20":"tag-jurrien-timber","21":"tag-justin-bijlow","22":"tag-laatste-voetbalnieuws","23":"tag-latest-news","24":"tag-latestnews","25":"tag-nederland","26":"tag-nederlanden","27":"tag-nederlands","28":"tag-netherlands","29":"tag-news","30":"tag-nieuws","31":"tag-nl","32":"tag-quinten-timber","33":"tag-rotterdam-zuid","34":"tag-top-stories","35":"tag-topstories","36":"tag-voetbal","37":"tag-voetbal-international","38":"tag-voetbalnieuws","39":"tag-voorpaginanieuws"},"share_on_mastodon":{"url":"https:\/\/pubeurope.com\/@nl\/115892697444037899","error":""},"_links":{"self":[{"href":"https:\/\/www.europesays.com\/nl\/wp-json\/wp\/v2\/posts\/111086","targetHints":{"allow":["GET"]}}],"collection":[{"href":"https:\/\/www.europesays.com\/nl\/wp-json\/wp\/v2\/posts"}],"about":[{"href":"https:\/\/www.europesays.com\/nl\/wp-json\/wp\/v2\/types\/post"}],"author":[{"embeddable":true,"href":"https:\/\/www.europesays.com\/nl\/wp-json\/wp\/v2\/users\/2"}],"replies":[{"embeddable":true,"href":"https:\/\/www.europesays.com\/nl\/wp-json\/wp\/v2\/comments?post=111086"}],"version-history":[{"count":0,"href":"https:\/\/www.europesays.com\/nl\/wp-json\/wp\/v2\/posts\/111086\/revisions"}],"wp:featuredmedia":[{"embeddable":true,"href":"https:\/\/www.europesays.com\/nl\/wp-json\/wp\/v2\/media\/111087"}],"wp:attachment":[{"href":"https:\/\/www.europesays.com\/nl\/wp-json\/wp\/v2\/media?parent=111086"}],"wp:term":[{"taxonomy":"category","embeddable":true,"href":"https:\/\/www.europesays.com\/nl\/wp-json\/wp\/v2\/categories?post=111086"},{"taxonomy":"post_tag","embeddable":true,"href":"https:\/\/www.europesays.com\/nl\/wp-json\/wp\/v2\/tags?post=111086"}],"curies":[{"name":"wp","href":"https:\/\/api.w.org\/{rel}","templated":true}]}}