{"id":111123,"date":"2026-01-14T09:55:22","date_gmt":"2026-01-14T09:55:22","guid":{"rendered":"https:\/\/www.europesays.com\/nl\/111123\/"},"modified":"2026-01-14T09:55:22","modified_gmt":"2026-01-14T09:55:22","slug":"campagne-tegen-voeren-pluimveemest-aan-israelisch-rundvee","status":"publish","type":"post","link":"https:\/\/www.europesays.com\/nl\/111123\/","title":{"rendered":"Campagne tegen voeren pluimveemest aan Isra\u00eblisch rundvee"},"content":{"rendered":"<p class=\"intro\">&#13;<br \/>\n\t\t\tIn Isra\u00ebl worden volgens Animals Now jaarlijks tienduizenden tonnen pluimveemest aan runderen gevoerd. De dierenrechtenorganisatie is een campagne gestart om dit te stoppen. In veel westerse landen geldt al jaren een verbod op het gebruik van dierlijke uitwerpselen in veevoer.<br \/>&#13;\n\t\t<\/p>\n<p>In de Europese Unie, het Verenigd Koninkrijk, Canada, Nieuw-Zeeland, Australi\u00eb en diverse andere landen is het strikt verboden om mest in veevoer te verwerken. Maar in Isra\u00ebl is het dagelijkse kost: een mengsel van kippenmest, veren en voedselresten uit kippenhokken wordt onder de naam pluimveemest verwerkt tot eiwitbron voor kalveren en koeien, meldt <a target=\"_blank\" href=\"https:\/\/www.timesofisrael.com\/banned-elsewhere-in-the-west-israel-permitting-farmers-to-use-feces-as-cattle-feed\/\" rel=\"nofollow noopener\">The Times of Isra\u00ebl<\/a>.<\/p>\n<p>Uit gegevens die Animals Now via een beroep op de Wet openbaarheid van bestuur heeft verkregen, blijkt dat het Isra\u00eblische landbouwministerie jaarlijks toestemming geeft voor het gebruik van 43.000 ton pluimveemest. Volgens de organisatie staat dit gelijk aan 1.400 volgeladen vrachtwagens.<\/p>\n<p>&#8216;Dit is een gebruikelijke bron van stikstof voor de productie van eiwitten in veevoer. Gezien de beperkte graasgebieden zijn aangepaste voedingsoplossingen noodzakelijk&#8217;, stelt het ministerie in een verklaring. De mest mag overigens enkel worden gevoerd wanneer iedere drie maanden wordt getest op antibiotica.<\/p>\n<p>\nVerbod vogelgriepmest<\/p>\n<p>Hoewel de mest verplicht moet worden verhit of behandeld, geeft het Isra\u00eblische landbouwministerie volgens Animals Now toe dat bepaalde giftige bacteri\u00ebn, zoals de veroorzaker van botulisme, dit proces kunnen overleven. Veehouders worden daarom ge\u00efnstrueerd hun vee tegen botulisme te vaccineren, al biedt dit volgens het ministerie geen volledige bescherming. Het is overigens verboden om mest te gebruiken van bedrijven die zijn besmet met <a target=\"_blank\" href=\"https:\/\/www.nieuweoogst.nl\/themas\/vogelgriep\" rel=\"nofollow noopener\">vogelgriep<\/a>.<\/p>\n<p>Naast ziekteverwekkers, vormen ook residuen, resten van zware metalen, antibiotica en gewasbeschermingsmiddelen gezondheidsrisico&#8217;s, aldus Animals Now. Die stelt dat kalveren dagelijks tot wel 3 kilo kippenmest in hun voer krijgen. Op melkveebedrijven wordt de mest verstrekt in de eerste twee jaar van het leven van het rund, wanneer het dier nog geen melk geeft.<\/p>\n<p>Met de campagne &#8216;Eat less meat, eat less shit&#8217; wil de dierenrechtenorganisatie de Isra\u00eblische consument bewust maken van wat er op het bord belandt. Doel is de politiek te overtuigen van een ban op de verwerking van pluimveemest in veevoer.<\/p>\n","protected":false},"excerpt":{"rendered":"&#13; In Isra\u00ebl worden volgens Animals Now jaarlijks tienduizenden tonnen pluimveemest aan runderen gevoerd. De dierenrechtenorganisatie is een&hellip;\n","protected":false},"author":2,"featured_media":111124,"comment_status":"","ping_status":"","sticky":false,"template":"","format":"standard","meta":{"footnotes":""},"categories":[15],"tags":[39,40,48,43,44,34,35,23968,41,42,10437,46,47,49,45,32,33,50,5433,36,37,11471,38,67,64,65,66],"class_list":{"0":"post-111123","1":"post","2":"type-post","3":"status-publish","4":"format-standard","5":"has-post-thumbnail","7":"category-wereld","8":"tag-breaking-news","9":"tag-breakingnews","10":"tag-dutch","11":"tag-featured-news","12":"tag-featurednews","13":"tag-headlines","14":"tag-hoofdpunten","15":"tag-kalveren","16":"tag-latest-news","17":"tag-latestnews","18":"tag-mengvoer","19":"tag-nederland","20":"tag-nederlanden","21":"tag-nederlands","22":"tag-netherlands","23":"tag-news","24":"tag-nieuws","25":"tag-nl","26":"tag-pluimveemest","27":"tag-top-stories","28":"tag-topstories","29":"tag-veevoer","30":"tag-voorpaginanieuws","31":"tag-wereld","32":"tag-world","33":"tag-world-news","34":"tag-worldnews"},"share_on_mastodon":{"url":"https:\/\/pubeurope.com\/@nl\/115892854719016721","error":""},"_links":{"self":[{"href":"https:\/\/www.europesays.com\/nl\/wp-json\/wp\/v2\/posts\/111123","targetHints":{"allow":["GET"]}}],"collection":[{"href":"https:\/\/www.europesays.com\/nl\/wp-json\/wp\/v2\/posts"}],"about":[{"href":"https:\/\/www.europesays.com\/nl\/wp-json\/wp\/v2\/types\/post"}],"author":[{"embeddable":true,"href":"https:\/\/www.europesays.com\/nl\/wp-json\/wp\/v2\/users\/2"}],"replies":[{"embeddable":true,"href":"https:\/\/www.europesays.com\/nl\/wp-json\/wp\/v2\/comments?post=111123"}],"version-history":[{"count":0,"href":"https:\/\/www.europesays.com\/nl\/wp-json\/wp\/v2\/posts\/111123\/revisions"}],"wp:featuredmedia":[{"embeddable":true,"href":"https:\/\/www.europesays.com\/nl\/wp-json\/wp\/v2\/media\/111124"}],"wp:attachment":[{"href":"https:\/\/www.europesays.com\/nl\/wp-json\/wp\/v2\/media?parent=111123"}],"wp:term":[{"taxonomy":"category","embeddable":true,"href":"https:\/\/www.europesays.com\/nl\/wp-json\/wp\/v2\/categories?post=111123"},{"taxonomy":"post_tag","embeddable":true,"href":"https:\/\/www.europesays.com\/nl\/wp-json\/wp\/v2\/tags?post=111123"}],"curies":[{"name":"wp","href":"https:\/\/api.w.org\/{rel}","templated":true}]}}