{"id":111269,"date":"2026-01-14T12:32:11","date_gmt":"2026-01-14T12:32:11","guid":{"rendered":"https:\/\/www.europesays.com\/nl\/111269\/"},"modified":"2026-01-14T12:32:11","modified_gmt":"2026-01-14T12:32:11","slug":"gerard-joling-richt-zich-tot-zangeres-zorg-even-dat-je-je-huiswerk-doet","status":"publish","type":"post","link":"https:\/\/www.europesays.com\/nl\/111269\/","title":{"rendered":"Gerard Joling richt zich tot zangeres: \u2018Zorg even dat je je huiswerk doet\u2026\u2019"},"content":{"rendered":"<p class=\"mui-173mato e10ntc2u0\">Gerard Joling reageert in De Oranjewinter op uitspraken van een zangeres, die zich onlangs kritisch uitliet over Geer. Zie video hierboven.<\/p>\n<p class=\"mui-173mato e10ntc2u0\">Gerard is enorm geliefd in Nederland, maar in Belgi\u00eb is er in ieder geval \u00e9\u00e9n iemand niet zo gecharmeerd van de zanger. De Belgische zangeres Sandra Kim was onlangs in gesprek met Story niet te spreken over Gerard. \u201c&#8217;Voor mij zijn kleine momenten met familie en vrienden belangrijker dan roem of trofee\u00ebn. Ik schrok toen Gerard Joling zijn huis toonde op tv\u00a0in de realityshow\u00a0Only Joling.\u00a0Het was net een museum, met op elke muur zijn kop. Van zoveel egocentrisme houd ik niet. Bij mij thuis hangt niet \u00e9\u00e9n gouden plaat en op de foto&#8217;s aan de muur speelt mijn familie de hoofdrol, niet mijn werk\u201d, zei Sandra Kim onder meer. <\/p>\n<p class=\"mui-173mato e10ntc2u0\">Bij De Oranjewinter reageert Gerard op de uitspraken van de Belgische zangeres. Bekijk de beelden bovenaan deze pagina. Zie video hierboven.<\/p>\n","protected":false},"excerpt":{"rendered":"Gerard Joling reageert in De Oranjewinter op uitspraken van een zangeres, die zich onlangs kritisch uitliet over Geer.&hellip;\n","protected":false},"author":2,"featured_media":111270,"comment_status":"","ping_status":"","sticky":false,"template":"","format":"standard","meta":{"footnotes":""},"categories":[31],"tags":[99,147,48,98,46,47,49,45,50],"class_list":{"0":"post-111269","1":"post","2":"type-post","3":"status-publish","4":"format-standard","5":"has-post-thumbnail","7":"category-celebrities","8":"tag-amusement","9":"tag-celebrities","10":"tag-dutch","11":"tag-entertainment","12":"tag-nederland","13":"tag-nederlanden","14":"tag-nederlands","15":"tag-netherlands","16":"tag-nl"},"share_on_mastodon":{"url":"https:\/\/pubeurope.com\/@nl\/115893471944004213","error":""},"_links":{"self":[{"href":"https:\/\/www.europesays.com\/nl\/wp-json\/wp\/v2\/posts\/111269","targetHints":{"allow":["GET"]}}],"collection":[{"href":"https:\/\/www.europesays.com\/nl\/wp-json\/wp\/v2\/posts"}],"about":[{"href":"https:\/\/www.europesays.com\/nl\/wp-json\/wp\/v2\/types\/post"}],"author":[{"embeddable":true,"href":"https:\/\/www.europesays.com\/nl\/wp-json\/wp\/v2\/users\/2"}],"replies":[{"embeddable":true,"href":"https:\/\/www.europesays.com\/nl\/wp-json\/wp\/v2\/comments?post=111269"}],"version-history":[{"count":0,"href":"https:\/\/www.europesays.com\/nl\/wp-json\/wp\/v2\/posts\/111269\/revisions"}],"wp:featuredmedia":[{"embeddable":true,"href":"https:\/\/www.europesays.com\/nl\/wp-json\/wp\/v2\/media\/111270"}],"wp:attachment":[{"href":"https:\/\/www.europesays.com\/nl\/wp-json\/wp\/v2\/media?parent=111269"}],"wp:term":[{"taxonomy":"category","embeddable":true,"href":"https:\/\/www.europesays.com\/nl\/wp-json\/wp\/v2\/categories?post=111269"},{"taxonomy":"post_tag","embeddable":true,"href":"https:\/\/www.europesays.com\/nl\/wp-json\/wp\/v2\/tags?post=111269"}],"curies":[{"name":"wp","href":"https:\/\/api.w.org\/{rel}","templated":true}]}}