{"id":111291,"date":"2026-01-14T13:00:11","date_gmt":"2026-01-14T13:00:11","guid":{"rendered":"https:\/\/www.europesays.com\/nl\/111291\/"},"modified":"2026-01-14T13:00:11","modified_gmt":"2026-01-14T13:00:11","slug":"hans-kazan-over-steven-en-jamie-ik-hoop-dat-ze-weer-bij-elkaar-komen","status":"publish","type":"post","link":"https:\/\/www.europesays.com\/nl\/111291\/","title":{"rendered":"Hans Kaz\u00e0n over Steven en Jamie: &#8216;Ik hoop dat ze weer bij elkaar komen&#8217;"},"content":{"rendered":"<p class=\"mui-173mato e10ntc2u0\">Het is nu bijna een jaar geleden dat de relatie tussen Steven Kaz\u00e0n en Jamie strandde omdat zij <a rel=\"noopener noreferrer nofollow\" target=\"_blank\" class=\"mui-1i4zqbr e1bmvyuj0\" href=\"https:\/\/www.shownieuws.nl\/entertainment\/nieuws\/artikelen\/steven-kazan-doorbreekt-de-stilte-na-zijn-breuk-met-jamie\">een scheve schaats reed<\/a>. Maar inmiddels hebben de twee wel samen oudejaarsavond gevierd. Steven\u2019s ouders Hans en Wendy vertellen aan Weekend hoe zij er tegenover staan als ze weer samenkomen.<\/p>\n<p class=\"mui-173mato e10ntc2u0\">&#8220;Dat is absoluut niet het geval. Ze hebben inderdaad oudejaarsavond samen gevierd, puur voor hun zoon Oliver&#8221;, vertelt Wendy. &#8220;Maar dat ze binnen twee maanden weer gaan samenwonen, daar ziet het zeker niet naar uit. Er wordt veel over gespeculeerd, maar bij deze: ze wonen apart en zorgen ervoor dat het werk zo goed mogelijk door kan gaan. En dat Oliver zo goed mogelijk wordt verzorgd.&#8221;<\/p>\n<p class=\"mui-173mato e10ntc2u0\">Rond de kerstdagen hebben ze Jamie ook gezien. &#8220;Omdat we bij dezelfde opnamedag waren. Ik rijd Hans altijd. We gaven elkaar een knuffel en ik had zelf nog een kerstcadeautje voor haar meegenomen.&#8221;<\/p>\n<p>Oud en vertrouwd<\/p>\n<p class=\"mui-173mato e10ntc2u0\">En dat was oud en vertrouwd. &#8220;Jamie is veertien jaar een goede, lieve schoondochter geweest en het is niet zo dat ik ineens niet meer van haar hou door wat er nu is gebeurd. Het raakt gewoon diep. Voor Jamie is het natuurlijk ook heftig, als je elkaar een jaar lang niet hebt gezien en dan ineens weer wel. Maar het was toch wel heel fijn.&#8221;<\/p>\n<p class=\"mui-173mato e10ntc2u0\">En toch ook ongemakkelijk? &#8220;Nou, je voelt natuurlijk wel een beetje onzekerheid van haar kant, want er is veel gebeurd. Maar er is nooit haatdragendheid of boosheid tussen ons geweest.&#8221;<\/p>\n<p class=\"mui-173mato e10ntc2u0\">Lees hieronder verder&#8230;<\/p>\n<p><img alt=\"Staat er een hereniging op het kerstmenu voor Jamie en Steven Kazan?\" loading=\"lazy\" decoding=\"async\" data-nimg=\"fill\" class=\"mui-nacstu e1qtpq9e5\" style=\"position:absolute;height:100%;width:100%;left:0;top:0;right:0;bottom:0;color:transparent\"   src=\"https:\/\/www.europesays.com\/nl\/wp-content\/uploads\/2025\/12\/staat-er-een-hereniging-op-het-kerstmenu-voor-jamie-en-steven-kazan.jpg\"\/><\/p>\n<p>5:51<\/p>\n<p>Staat er een hereniging op het kerstmenu voor Jamie en Steven Kazan?<\/p>\n<p class=\"mui-173mato e10ntc2u0\">Vanuit Wendy is er absoluut geen sprake van verwijt, ondanks dat Jamie een misstap met een andere man begin. &#8220;Van mijn kant in elk geval niet. Onze deur staat altijd open. Dus mocht het ooit weer goed komen, dan sluit ik Jamie gewoon weer in mijn armen. En Hans ook.&#8221;<\/p>\n<p class=\"mui-173mato e10ntc2u0\">Of Hans zijn schoondochter dan nog wel vertrouwt? &#8220;\u00cdk hoef dat vertrouwen niet te hebben, Steven en Jamie moeten vertrouwen in elk\u00e1\u00e1r krijgen. Als zij denken: dit had nooit moeten gebeuren, we vergeven en vergeten het, dan roep ik: &#8216;Fantastisch jongens!&#8217; Maar het is h\u00fan leven. Straks gebeurt er iets op mijn aanraden en is het van: &#8216;Ja, maar papa zei\u2026&#8217; Dat zou ik heel erg vinden.&#8221;<\/p>\n<p>&#8216;Het hangt h\u00e9lemaal af van deze twee mensen&#8217; <\/p>\n<p class=\"mui-173mato e10ntc2u0\">Steven gunt hij bovenal het allerbeste. Maar is Jamie dat nog wel? &#8220;Ja natuurlijk, als hij en zij dat willen. Als zij weer samen zouden komen, sta ik hier met een brede glimlach. Ik hoop dat ze weer bij elkaar komen, dat zou leuk zijn. Maar het hangt h\u00e9lemaal af van deze twee mensen, niet van de Jacks of andere mensen om ze heen.&#8221;<\/p>\n<p class=\"mui-173mato e10ntc2u0\">Vorige maand sprak Shownieuws Hans ook over de liefdesbreuk tussen zijn zoon en Jamie. Het gesprek zie je hieronder:<\/p>\n<p><img alt=\"Hans Kaz\u00e0n reageert op liefdesbreuk Jamie Kames en Vieze Jack\" loading=\"lazy\" decoding=\"async\" data-nimg=\"fill\" class=\"mui-nacstu e1qtpq9e5\" style=\"position:absolute;height:100%;width:100%;left:0;top:0;right:0;bottom:0;color:transparent\"   src=\"https:\/\/www.europesays.com\/nl\/wp-content\/uploads\/2026\/01\/hans-kazan-reageert-op-liefdesbreuk-jamie-kames-en-vieze-jack.jpg\"\/><\/p>\n<p>1:12<\/p>\n<p>Hans Kaz\u00e0n reageert op liefdesbreuk Jamie Kames en Vieze Jack<\/p>\n<p class=\"mui-173mato e10ntc2u0\">Bron headerfoto: BSR AGENCY<\/p>\n","protected":false},"excerpt":{"rendered":"Het is nu bijna een jaar geleden dat de relatie tussen Steven Kaz\u00e0n en Jamie strandde omdat zij&hellip;\n","protected":false},"author":2,"featured_media":111292,"comment_status":"","ping_status":"","sticky":false,"template":"","format":"standard","meta":{"footnotes":""},"categories":[31],"tags":[99,147,48,98,46,47,49,45,50],"class_list":{"0":"post-111291","1":"post","2":"type-post","3":"status-publish","4":"format-standard","5":"has-post-thumbnail","7":"category-celebrities","8":"tag-amusement","9":"tag-celebrities","10":"tag-dutch","11":"tag-entertainment","12":"tag-nederland","13":"tag-nederlanden","14":"tag-nederlands","15":"tag-netherlands","16":"tag-nl"},"share_on_mastodon":{"url":"https:\/\/pubeurope.com\/@nl\/115893582074800658","error":""},"_links":{"self":[{"href":"https:\/\/www.europesays.com\/nl\/wp-json\/wp\/v2\/posts\/111291","targetHints":{"allow":["GET"]}}],"collection":[{"href":"https:\/\/www.europesays.com\/nl\/wp-json\/wp\/v2\/posts"}],"about":[{"href":"https:\/\/www.europesays.com\/nl\/wp-json\/wp\/v2\/types\/post"}],"author":[{"embeddable":true,"href":"https:\/\/www.europesays.com\/nl\/wp-json\/wp\/v2\/users\/2"}],"replies":[{"embeddable":true,"href":"https:\/\/www.europesays.com\/nl\/wp-json\/wp\/v2\/comments?post=111291"}],"version-history":[{"count":0,"href":"https:\/\/www.europesays.com\/nl\/wp-json\/wp\/v2\/posts\/111291\/revisions"}],"wp:featuredmedia":[{"embeddable":true,"href":"https:\/\/www.europesays.com\/nl\/wp-json\/wp\/v2\/media\/111292"}],"wp:attachment":[{"href":"https:\/\/www.europesays.com\/nl\/wp-json\/wp\/v2\/media?parent=111291"}],"wp:term":[{"taxonomy":"category","embeddable":true,"href":"https:\/\/www.europesays.com\/nl\/wp-json\/wp\/v2\/categories?post=111291"},{"taxonomy":"post_tag","embeddable":true,"href":"https:\/\/www.europesays.com\/nl\/wp-json\/wp\/v2\/tags?post=111291"}],"curies":[{"name":"wp","href":"https:\/\/api.w.org\/{rel}","templated":true}]}}