{"id":111332,"date":"2026-01-14T13:47:08","date_gmt":"2026-01-14T13:47:08","guid":{"rendered":"https:\/\/www.europesays.com\/nl\/111332\/"},"modified":"2026-01-14T13:47:08","modified_gmt":"2026-01-14T13:47:08","slug":"deze-geschrapte-film-had-marvel-fans-waarschijnlijk-heel-boos-gemaakt","status":"publish","type":"post","link":"https:\/\/www.europesays.com\/nl\/111332\/","title":{"rendered":"Deze geschrapte film had Marvel-fans waarschijnlijk heel boos gemaakt"},"content":{"rendered":"<p>        Toen Sony Pictures in 2015 een deal sloot met Marvel om Spider-Man naar het Marvel Cinematic Universe te brengen, wou die eerste studio niet op de handen blijven zitten. Zodoende kregen we films als <a href=\"https:\/\/www.filmtotaal.nl\/film\/18258\" rel=\"nofollow noopener\" target=\"_blank\">Venom<\/a>, <a href=\"https:\/\/www.filmtotaal.nl\/film\/28907\" rel=\"nofollow noopener\" target=\"_blank\">Morbius<\/a> en <a href=\"https:\/\/www.filmtotaal.nl\/film\/34795\" rel=\"nofollow noopener\" target=\"_blank\">Madame Web<\/a>.<\/p>\n<p>Niet elk van deze films werd echter even goed ontvangen, en &#8216;Sony&#8217;s Spider-Man Universe&#8217; werd begin vorig jaar <a href=\"https:\/\/www.filmtotaal.nl\/nieuws\/118500\" rel=\"nofollow noopener\" target=\"_blank\">effectief stopgezet<\/a>. Een heleboel projecten kwam daardoor stil te liggen. <\/p>\n<p>Black Cat<br \/>Een van die projecten was een film over Black Cat\/Felicia Hardy, een antiheld\/liefdesfiguur in de Spider-Man-strips. Volgens een nieuw gerucht weten we nu wat de plannen waren voor dit personage.<\/p>\n<p>Contentmaker Nerd Tower beweert namelijk storyboards te hebben gezien. &#8220;In \u00e9\u00e9n specifieke sc\u00e8ne was ze als gothic gekleed op een verkleedfeestje, huilt ze in de badkamer, veegt ze haar make-up uit en maakt ze het &#8216;masker&#8217; [van Black Cat],&#8221; schrijven zij op X. &#8220;Het was vreselijk.&#8221; <\/p>\n<p>Gerucht<br \/>We moeten duidelijk stellen: dit is een gerucht. Maar dit past wel bij de aanpak van Sony wat betreft andere personages, zoals Kraven the Hunter in <a href=\"https:\/\/www.filmtotaal.nl\/film\/33184\" rel=\"nofollow noopener\" target=\"_blank\">zijn film<\/a>. Als dit waar is, dan zal het fans waarschijnlijk heel kwaad hebben gemaakt. <br \/>Felicia Hardy hebben we overigens al eens in een film gezien. Felicity Jones speelde het personage in <a href=\"https:\/\/www.filmtotaal.nl\/film\/21962\" rel=\"nofollow noopener\" target=\"_blank\">The Amazing Spider-Man 2<\/a> uit 2014, al krijgt ze daarin nooit de kans om de Black Cat te worden.<\/p>\n","protected":false},"excerpt":{"rendered":"Toen Sony Pictures in 2015 een deal sloot met Marvel om Spider-Man naar het Marvel Cinematic Universe te&hellip;\n","protected":false},"author":2,"featured_media":111333,"comment_status":"","ping_status":"","sticky":false,"template":"","format":"standard","meta":{"footnotes":""},"categories":[26],"tags":[99,48,98,102,103,101,46,47,49,45,50],"class_list":{"0":"post-111332","1":"post","2":"type-post","3":"status-publish","4":"format-standard","5":"has-post-thumbnail","7":"category-films","8":"tag-amusement","9":"tag-dutch","10":"tag-entertainment","11":"tag-film","12":"tag-films","13":"tag-movies","14":"tag-nederland","15":"tag-nederlanden","16":"tag-nederlands","17":"tag-netherlands","18":"tag-nl"},"share_on_mastodon":{"url":"https:\/\/pubeurope.com\/@nl\/115893766921681599","error":""},"_links":{"self":[{"href":"https:\/\/www.europesays.com\/nl\/wp-json\/wp\/v2\/posts\/111332","targetHints":{"allow":["GET"]}}],"collection":[{"href":"https:\/\/www.europesays.com\/nl\/wp-json\/wp\/v2\/posts"}],"about":[{"href":"https:\/\/www.europesays.com\/nl\/wp-json\/wp\/v2\/types\/post"}],"author":[{"embeddable":true,"href":"https:\/\/www.europesays.com\/nl\/wp-json\/wp\/v2\/users\/2"}],"replies":[{"embeddable":true,"href":"https:\/\/www.europesays.com\/nl\/wp-json\/wp\/v2\/comments?post=111332"}],"version-history":[{"count":0,"href":"https:\/\/www.europesays.com\/nl\/wp-json\/wp\/v2\/posts\/111332\/revisions"}],"wp:featuredmedia":[{"embeddable":true,"href":"https:\/\/www.europesays.com\/nl\/wp-json\/wp\/v2\/media\/111333"}],"wp:attachment":[{"href":"https:\/\/www.europesays.com\/nl\/wp-json\/wp\/v2\/media?parent=111332"}],"wp:term":[{"taxonomy":"category","embeddable":true,"href":"https:\/\/www.europesays.com\/nl\/wp-json\/wp\/v2\/categories?post=111332"},{"taxonomy":"post_tag","embeddable":true,"href":"https:\/\/www.europesays.com\/nl\/wp-json\/wp\/v2\/tags?post=111332"}],"curies":[{"name":"wp","href":"https:\/\/api.w.org\/{rel}","templated":true}]}}