{"id":111399,"date":"2026-01-14T15:06:10","date_gmt":"2026-01-14T15:06:10","guid":{"rendered":"https:\/\/www.europesays.com\/nl\/111399\/"},"modified":"2026-01-14T15:06:10","modified_gmt":"2026-01-14T15:06:10","slug":"deze-winter-vol-liefde-deelnemer-moest-dezelfde-dag-naar-huis","status":"publish","type":"post","link":"https:\/\/www.europesays.com\/nl\/111399\/","title":{"rendered":"D\u00e9ze Winter Vol Liefde-deelnemer moest dezelfde dag naar huis"},"content":{"rendered":"<p>    Klaas uit Winter Vol Liefde<\/p>\n<p>Het Winter Vol Liefde-avontuur van Klaas is eindelijk van start gegaan \u2013 en dat raakt kijkers meteen. Klaas doet namelijk niet zomaar mee. In 2005 verhuisde hij samen met zijn grote liefde Jikke naar Oostenrijk om daar een nieuw leven op te bouwen. Jarenlang leek alles perfect, tot het noodlot in 2016 keihard toesloeg en zijn liefste Jikke kwam te overlijden. Een intens en verdrietig verhaal, en precies daarom is het extra bijzonder dat hij nu zijn hart opnieuw openstelt voor de liefde! Maar ja, niet per se voor iedereen\u2026 E\u00e9n van de Winter Vol Liefde-deelnemers werd namelijk dezelfde dag nog terug naar haar huisje in Nederland gestuurd door Klaas. Oei!<\/p>\n<p>Een veelbelovende eerste indruk<\/p>\n<p>De eerste vrouw die Klaas\u2019 winterparadijs binnenstapt, is Natasja \u2013 en kijkers zijn meteen enthousiast. De klik lijkt er te zijn en de sfeer is rustig, warm en oprecht. \u2018Het zou fijn zijn om mijn leven en mijn plannen te kunnen delen\u2019, deelde Klaas, en ja hoor: fans van het programma zijn het er massaal over eens. Dit zou zomaar eens goed kunnen komen!<\/p>\n<p><img loading=\"lazy\" decoding=\"async\" width=\"828\" height=\"466\" src=\"https:\/\/www.europesays.com\/nl\/wp-content\/uploads\/2026\/01\/1768403169_408_image-3.png\" alt=\"\" class=\"wp-image-170268\"  \/><\/p>\n<p>Beeld: Winter Vol Liefde<\/p>\n<p>D\u00e9ze Winter Vol Liefde-deelnemer moest dezelfde dag weer naar huis<\/p>\n<p>Maar dan komt daar ineens nummer twee binnenwandelen: de 51-jarige Karine! Ze is interieurontwerpster, heeft een uitgesproken persoonlijkheid en wordt door Klaas een \u201dechte wervelwind\u201d genoemd.  Een dag na haar aankomst zou ze haar 52e verjaardag gaan vieren en daar keek ze enorm naar uit. \u201dIk vind het helemaal geweldig om mijn verjaardag in de bergen te vieren\u201d, vertelt ze enthousiast. Mits ze mag blijven, natuurlijk.<\/p>\n<p><img loading=\"lazy\" decoding=\"async\" width=\"800\" height=\"533\" src=\"https:\/\/www.europesays.com\/nl\/wp-content\/uploads\/2026\/01\/image-2.png\" alt=\"\" class=\"wp-image-170266\"  \/><\/p>\n<p>Beeld: Winter Vol Liefde<\/p>\n<p>Karine weet prec\u00edes wat ze zoekt. \u201dWat ik heel erg mooi vind, is als hij borsthaar heeft en armhaar\u201d, deelt ze zonder schaamte. \u201dEigenlijk vond ik armhaar al aantrekkelijk toen ik heel jong was.\u201d Ok\u00e9 dan!<\/p>\n<p>Klaas is er snel klaar mee<\/p>\n<p>Waar Karine binnenkomt met veel energie, voelt Klaas juist direct weerstand. De rust die hij met Natasja had \u2013 en met zijn dochter \u2013 wordt verstoord en dat zit hem niet lekker. Haar manier van doen ervaart hij als intens, en wanneer Karine later ook nog zijn parfum gebruikt, is voor Klaas de maat vol. Nope. Dit is het niet.<\/p>\n<p>Nog voordat Karine haar verjaardag in de Oostenrijkse bergen kan vieren, trekt Klaas zijn conclusie. Tegen een vriend zegt hij zelfs: \u201dIk wil haar helemaal niet leren kennen.\u201d Au.<\/p>\n<p>Karine wordt dezelfde dag nog terug naar huis gestuurd<\/p>\n<p>Het verblijf van Karine in Winter Vol Liefde is daarmee extreem kort. Ze wordt dezelfde dag nog naar huis gestuurd en dat zorgt voor tranen. Een pijnlijke exit, zeker omdat Karine duidelijk hoop had op meer.<\/p>\n<p>Yep, in Winter Vol Liefde kan het snel gaan \u2013 h\u00e9\u00e9l snel. En bij Klaas weten we \u00e9\u00e9n ding zeker: hij volgt zijn gevoel. Wij blijven kijken, want zijn liefdesavontuur is nog lang niet voorbij. Lees ook: <a href=\"https:\/\/www.girlscene.nl\/zo-ziet-bb-van-winter-vol-liefde-klaas-er-uit\/\" rel=\"nofollow noopener\" target=\"_blank\">Effe loeren: z\u00f3 ziet de B&amp;B van Klaas uit Winter Vol Liefde eruit<\/a><\/p>\n","protected":false},"excerpt":{"rendered":"Klaas uit Winter Vol Liefde Het Winter Vol Liefde-avontuur van Klaas is eindelijk van start gegaan \u2013 en&hellip;\n","protected":false},"author":2,"featured_media":111400,"comment_status":"","ping_status":"","sticky":false,"template":"","format":"standard","meta":{"footnotes":""},"categories":[31],"tags":[99,147,48,98,46,47,49,45,50,1435,2507,1251],"class_list":{"0":"post-111399","1":"post","2":"type-post","3":"status-publish","4":"format-standard","5":"has-post-thumbnail","7":"category-celebrities","8":"tag-amusement","9":"tag-celebrities","10":"tag-dutch","11":"tag-entertainment","12":"tag-nederland","13":"tag-nederlanden","14":"tag-nederlands","15":"tag-netherlands","16":"tag-nl","17":"tag-rtl","18":"tag-videoland","19":"tag-winter-vol-liefde"},"share_on_mastodon":{"url":"https:\/\/pubeurope.com\/@nl\/115894077528047995","error":""},"_links":{"self":[{"href":"https:\/\/www.europesays.com\/nl\/wp-json\/wp\/v2\/posts\/111399","targetHints":{"allow":["GET"]}}],"collection":[{"href":"https:\/\/www.europesays.com\/nl\/wp-json\/wp\/v2\/posts"}],"about":[{"href":"https:\/\/www.europesays.com\/nl\/wp-json\/wp\/v2\/types\/post"}],"author":[{"embeddable":true,"href":"https:\/\/www.europesays.com\/nl\/wp-json\/wp\/v2\/users\/2"}],"replies":[{"embeddable":true,"href":"https:\/\/www.europesays.com\/nl\/wp-json\/wp\/v2\/comments?post=111399"}],"version-history":[{"count":0,"href":"https:\/\/www.europesays.com\/nl\/wp-json\/wp\/v2\/posts\/111399\/revisions"}],"wp:featuredmedia":[{"embeddable":true,"href":"https:\/\/www.europesays.com\/nl\/wp-json\/wp\/v2\/media\/111400"}],"wp:attachment":[{"href":"https:\/\/www.europesays.com\/nl\/wp-json\/wp\/v2\/media?parent=111399"}],"wp:term":[{"taxonomy":"category","embeddable":true,"href":"https:\/\/www.europesays.com\/nl\/wp-json\/wp\/v2\/categories?post=111399"},{"taxonomy":"post_tag","embeddable":true,"href":"https:\/\/www.europesays.com\/nl\/wp-json\/wp\/v2\/tags?post=111399"}],"curies":[{"name":"wp","href":"https:\/\/api.w.org\/{rel}","templated":true}]}}