{"id":111555,"date":"2026-01-14T18:04:20","date_gmt":"2026-01-14T18:04:20","guid":{"rendered":"https:\/\/www.europesays.com\/nl\/111555\/"},"modified":"2026-01-14T18:04:20","modified_gmt":"2026-01-14T18:04:20","slug":"besparen-op-de-zorg-kan-zonder-bezuinigen-zegt-deze-hoogleraar-er-liggen-miljarden-voor-het-oprapen","status":"publish","type":"post","link":"https:\/\/www.europesays.com\/nl\/111555\/","title":{"rendered":"Besparen op de zorg kan zonder bezuinigen, zegt deze hoogleraar: &#8216;Er liggen miljarden voor het oprapen&#8217;"},"content":{"rendered":"<p>Canoy denkt dat in de zorg heel veel &#8216;bespaard&#8217; kan worden. &#8220;Er worden heel veel dingen gedaan in de zorg die je op een andere manier kan doen, waardoor je betere uitkomsten krijgt en het minder kost&#8221;, zegt hij. &#8220;Dat we nu moeten bezuinigen is een ideale kans om eens een keertje kritisch te kijken naar of we de zorg eigenlijk wel slim hebben geregeld&#8221;, vindt de zorgeconoom.<\/p>\n<p>Volgens Canoy noemen we in Nederland veel te veel &#8216;zorg&#8217;. &#8220;We betalen heel veel met publieke middelen, die in het buitenland helemaal niet tot &#8216;zorg&#8217; worden gerekend. Neem huishoudelijke hulp; je hebt je hele leven een huishoudelijke hulp die je zelf betaalt, maar als je een indicatie hebt, betaalt de staat die ineens. Dat is eigenlijk heel raar&#8221;, vindt hij. &#8220;Heel veel dingen kunnen in de gemeenschap worden uitgevoerd, maar die worden nu als &#8216;zorg&#8217; betaald en uitgevoerd met schaarse zorgprofessionals.&#8221;<\/p>\n<p>Zorgzame gemeenschap<\/p>\n<p>Als we meer naar elkaar omkijken, is er veel minder zorg nodig, zegt Canoy. Zo gaan bijvoorbeeld veel eenzame ouderen naar de huisarts, terwijl ze eigenlijk geen gezondheidsklachten hebben. &#8220;Dat is gewoon doodzonde. Als ze gewoon opgevangen worden in de buurt voor een kop koffie, hoeven ze niet naar de huisarts.&#8221; Uit cijfers blijkt dat mensen die eenzaam gemiddeld 2 tot 3 keer zoveel zorg consumeren dan mensen die niet eenzaam zijn. &#8220;Als ze contacten krijgen, hebben ze veel minder zorg nodig. Zo simpel is dat.&#8221;<\/p>\n<p>Vrijwilligers zijn er genoeg, zegt hij. |Ik kom echt in heel het land bij zorgzame gemeenschappen en er is overal een tekort aan, behalve aan vrijwilligers&#8221;, zegt hij.<\/p>\n<p>Er zijn overigens steeds meer plekken waar dit werkt, vertelt Canoy. In Austerlitz (provincie Utrecht) bijvoorbeeld. &#8220;Daar is een dorpsondersteuner en een dorpsco\u00f6peratie, waardoor er bijna geen WMO meer wordt afgenomen. De gemeente bespaart daar tonnen op.&#8221; Ook in het Brabantse Eijsden gaat dit goed, ziet Canoy, waar \u00e9\u00e9n co\u00f6rdinator een groep vrijwilligers aanstuurt.<\/p>\n<p>Voor de formerende partijen heeft hoogleraar gezondheidseconomie nog wel een tip: ga niet alleen maar praten. &#8220;Dat is in de zorg een ramp. Ik zou het heel goed vinden als de premier of de minister van zorg op dag 1 zou zeggen: zo gaan we het doen. Sla een paaltje in de grond en ga niet met iedereen overleggen.&#8221;<\/p>\n","protected":false},"excerpt":{"rendered":"Canoy denkt dat in de zorg heel veel &#8216;bespaard&#8217; kan worden. &#8220;Er worden heel veel dingen gedaan in&hellip;\n","protected":false},"author":2,"featured_media":111556,"comment_status":"","ping_status":"","sticky":false,"template":"","format":"standard","meta":{"footnotes":""},"categories":[17],"tags":[73,74,48,46,47,49,45,50,75],"class_list":{"0":"post-111555","1":"post","2":"type-post","3":"status-publish","4":"format-standard","5":"has-post-thumbnail","7":"category-zakelijk","8":"tag-business","9":"tag-commercial","10":"tag-dutch","11":"tag-nederland","12":"tag-nederlanden","13":"tag-nederlands","14":"tag-netherlands","15":"tag-nl","16":"tag-zakelijk"},"share_on_mastodon":{"url":"https:\/\/pubeurope.com\/@nl\/115894777631611017","error":""},"_links":{"self":[{"href":"https:\/\/www.europesays.com\/nl\/wp-json\/wp\/v2\/posts\/111555","targetHints":{"allow":["GET"]}}],"collection":[{"href":"https:\/\/www.europesays.com\/nl\/wp-json\/wp\/v2\/posts"}],"about":[{"href":"https:\/\/www.europesays.com\/nl\/wp-json\/wp\/v2\/types\/post"}],"author":[{"embeddable":true,"href":"https:\/\/www.europesays.com\/nl\/wp-json\/wp\/v2\/users\/2"}],"replies":[{"embeddable":true,"href":"https:\/\/www.europesays.com\/nl\/wp-json\/wp\/v2\/comments?post=111555"}],"version-history":[{"count":0,"href":"https:\/\/www.europesays.com\/nl\/wp-json\/wp\/v2\/posts\/111555\/revisions"}],"wp:featuredmedia":[{"embeddable":true,"href":"https:\/\/www.europesays.com\/nl\/wp-json\/wp\/v2\/media\/111556"}],"wp:attachment":[{"href":"https:\/\/www.europesays.com\/nl\/wp-json\/wp\/v2\/media?parent=111555"}],"wp:term":[{"taxonomy":"category","embeddable":true,"href":"https:\/\/www.europesays.com\/nl\/wp-json\/wp\/v2\/categories?post=111555"},{"taxonomy":"post_tag","embeddable":true,"href":"https:\/\/www.europesays.com\/nl\/wp-json\/wp\/v2\/tags?post=111555"}],"curies":[{"name":"wp","href":"https:\/\/api.w.org\/{rel}","templated":true}]}}