{"id":111732,"date":"2026-01-14T21:18:12","date_gmt":"2026-01-14T21:18:12","guid":{"rendered":"https:\/\/www.europesays.com\/nl\/111732\/"},"modified":"2026-01-14T21:18:12","modified_gmt":"2026-01-14T21:18:12","slug":"tunesie-tegenstander-oranje-op-wk-stelt-lamouchi-aan-als-nieuwe-bondscoach","status":"publish","type":"post","link":"https:\/\/www.europesays.com\/nl\/111732\/","title":{"rendered":"Tunesi\u00eb, tegenstander Oranje op WK, stelt Lamouchi aan als nieuwe bondscoach"},"content":{"rendered":"<p><img alt=\"\" decoding=\"async\" loading=\"eager\" src=\"https:\/\/www.europesays.com\/nl\/wp-content\/uploads\/2026\/01\/1768425492_279_1024x576a.jpg\" class=\"sc-bcb3b750-1 cULYcE\"\/>Pro ShotsSabri Lamouchi<\/p>\n<p>NOS Voetbal\u2022vandaag, 19:22<\/p>\n<p class=\"sc-2ea02837-0 fedhGB\" id=\"117219963528719\">Sabri Lamouchi wordt de nieuwe bondscoach van Tunesi\u00eb, een van de tegenstanders van het Nederlands elftal in de groepsfase van het WK. Hij tekent een contract tot medio 2028.<\/p>\n<p class=\"sc-2ea02837-0 fedhGB\" id=\"82334072246220\">De Fransman van Tunesische komaf is de opvolger van Sami Trabelsi, die na uitschakeling in de achtste finales van de Afrika Cup werd <a data-tracking=\"elementType=page|elementId=https:\/\/nos.nl\/artikel\/2597010-tunesie-tegenstander-oranje-op-wk-ontslaat-coach-na-uitschakeling-op-afrika-cup|eventType=navigation|eventName=open\" target=\"_self\" href=\"https:\/\/nos.nl\/artikel\/2597010-tunesie-tegenstander-oranje-op-wk-ontslaat-coach-na-uitschakeling-op-afrika-cup\" rel=\"nofollow noopener\">ontslagen<\/a>.<\/p>\n<p class=\"sc-2ea02837-0 fedhGB\" id=\"168680444475014\">Lamouchi (54) heeft al ervaring als bondscoach op een WK. Hij leidde Ivoorkust naar het WK van 2014, waar &#8216;Les \u00c9l\u00e9phants&#8217; ondanks een overwinning op Japan in de groepsfase werden uitgeschakeld.<\/p>\n<p class=\"sc-2ea02837-0 fedhGB\" id=\"61202310767098\">Meteen na dat toernooi vertrok Lamouchi en later was hij trainer van onder meer Stade Rennais, Nottingham Forest en Cardiff City. De afgelopen jaren coachte hij Al-Riyadh en Al-Diriyah in Saudi-Arabi\u00eb.<\/p>\n<p><img alt=\"\" decoding=\"async\" loading=\"lazy\" src=\"https:\/\/www.europesays.com\/nl\/wp-content\/uploads\/2026\/01\/1768425492_251_1024x576a.jpg\" class=\"sc-35032481-1 jENweF\"\/><\/p>\n<p>Tunesi\u00eb wil goed voor de dag komen op WK: &#8216;Nederland geduchte tegenstander&#8217;<\/p>\n<p class=\"sc-2ea02837-0 fedhGB\" id=\"623032540079984\">Het in Lyon geboren kind van Tunesische ouders voetbalde het grootste deel van zijn carri\u00e8re in zijn geboorteland. Hij werd in 1996 landskampion met AJ Auxerre en vier jaar later nog eens met AS Monaco.<\/p>\n<p class=\"sc-2ea02837-0 fedhGB\" id=\"804631053311038\">In 1994 werd hij opgeroepen voor interlands van Tunesi\u00eb, maar bleef hij op de bank. Daarop koos hij alsnog voor zijn geboorteland en werd hij international van Frankrijk. Hij speelde in totaal twaalf interlands voor de Fransen, scoorde daarin \u00e9\u00e9n keer en was onderdeel van de EK-selectie in 1996. Hij speelde toen enkel in de verloren halve finale tegen Tsjechi\u00eb.<\/p>\n<p>Tegenstander in Kansas City<\/p>\n<p class=\"sc-2ea02837-0 fedhGB\" id=\"176852541553356\">Tunesi\u00eb is op donderdag 25 juni in Kansas City de tegenstander van het Nederlands elftal op het WK. Japan en een nog onbekende play-offwinnaar (Oekra\u00efne, Zweden, Polen of Albani\u00eb) zijn de overige opponenten van Oranje.<\/p>\n","protected":false},"excerpt":{"rendered":"Pro ShotsSabri Lamouchi NOS Voetbal\u2022vandaag, 19:22 Sabri Lamouchi wordt de nieuwe bondscoach van Tunesi\u00eb, een van de tegenstanders&hellip;\n","protected":false},"author":2,"featured_media":111733,"comment_status":"","ping_status":"","sticky":false,"template":"","format":"standard","meta":{"footnotes":""},"categories":[21],"tags":[48,46,47,49,45,50,92,91,167],"class_list":{"0":"post-111732","1":"post","2":"type-post","3":"status-publish","4":"format-standard","5":"has-post-thumbnail","7":"category-sport","8":"tag-dutch","9":"tag-nederland","10":"tag-nederlanden","11":"tag-nederlands","12":"tag-netherlands","13":"tag-nl","14":"tag-sport","15":"tag-sports","16":"tag-voetbal"},"share_on_mastodon":{"url":"https:\/\/pubeurope.com\/@nl\/115895540337559449","error":""},"_links":{"self":[{"href":"https:\/\/www.europesays.com\/nl\/wp-json\/wp\/v2\/posts\/111732","targetHints":{"allow":["GET"]}}],"collection":[{"href":"https:\/\/www.europesays.com\/nl\/wp-json\/wp\/v2\/posts"}],"about":[{"href":"https:\/\/www.europesays.com\/nl\/wp-json\/wp\/v2\/types\/post"}],"author":[{"embeddable":true,"href":"https:\/\/www.europesays.com\/nl\/wp-json\/wp\/v2\/users\/2"}],"replies":[{"embeddable":true,"href":"https:\/\/www.europesays.com\/nl\/wp-json\/wp\/v2\/comments?post=111732"}],"version-history":[{"count":0,"href":"https:\/\/www.europesays.com\/nl\/wp-json\/wp\/v2\/posts\/111732\/revisions"}],"wp:featuredmedia":[{"embeddable":true,"href":"https:\/\/www.europesays.com\/nl\/wp-json\/wp\/v2\/media\/111733"}],"wp:attachment":[{"href":"https:\/\/www.europesays.com\/nl\/wp-json\/wp\/v2\/media?parent=111732"}],"wp:term":[{"taxonomy":"category","embeddable":true,"href":"https:\/\/www.europesays.com\/nl\/wp-json\/wp\/v2\/categories?post=111732"},{"taxonomy":"post_tag","embeddable":true,"href":"https:\/\/www.europesays.com\/nl\/wp-json\/wp\/v2\/tags?post=111732"}],"curies":[{"name":"wp","href":"https:\/\/api.w.org\/{rel}","templated":true}]}}