{"id":111857,"date":"2026-01-14T23:34:08","date_gmt":"2026-01-14T23:34:08","guid":{"rendered":"https:\/\/www.europesays.com\/nl\/111857\/"},"modified":"2026-01-14T23:34:08","modified_gmt":"2026-01-14T23:34:08","slug":"winter-vol-liefde-kijkers-krijgen-kriebels-van-deelnemer-glibberende-gilbert","status":"publish","type":"post","link":"https:\/\/www.europesays.com\/nl\/111857\/","title":{"rendered":"Winter Vol Liefde-kijkers krijgen kriebels van deelnemer: &#8216;Glibberende Gilbert&#8217;"},"content":{"rendered":"<p class=\"mui-173mato e10ntc2u0\">Dinsdag maakte Gilbert zijn entree in Winter Vol Liefde bij Elsje in Zweden. Hoewel de twee het zichtbaar leuk hebben samen, blijven bij veel kijkers de nekharen recht overeind staan. Ook na de aflevering van woensdag uitten kijkers massaal hun ongenoegen op X.<\/p>\n<p class=\"mui-173mato e10ntc2u0\">In het sneeuwachtige landschap kreeg eerst boswachter Jeroen de kans om het hart van Elsje te veroveren. Al snel kwam ook Gilbert in beeld. De 56-jarige salesman voelde direct een band met Elsje en gaf aan echt voor haar te willen gaan. Hoewel de B&amp;B-eigenaresse aanvankelijk aangaf zich aangetrokken te voelen tot Jeroen, bekende ze later dat er geen<a rel=\"noopener noreferrer nofollow\" target=\"_blank\" class=\"mui-1i4zqbr e1bmvyuj0\" href=\"https:\/\/www.shownieuws.nl\/tv\/reality\/artikelen\/winter-vol-liefde-romance-begint-voortvarend-maar-hoelang-houdt-dit-stand\"> romantische klik<\/a> was. Niet veel later kwam Elsje tot de conclusie dat het niet zou gaan werken. Zo gezegd, zo gedaan: het liefdesavontuur voor de boswachter kwam tot een einde.<\/p>\n<p class=\"mui-173mato e10ntc2u0\">Gilbert bleef alleen achter met Elsje. De B&amp;B-eigenaresse vertelde dat ze het prettig vindt als hij dicht bij haar staat en dat ze dat \u201cniet snel heeft\u201d. Na een ritje samen op de sneeuwscooter zit de salesman huilend op een bankje en vraagt hij haar om een kus. \u201cIk had echt niet verwacht dat het zo zou zijn,\u201d zegt hij. Elsje geeft hem vervolgens een kus, en later opnieuw bij de open haard.<\/p>\n<p>Klik<\/p>\n<p class=\"mui-173mato e10ntc2u0\">Ook in de aflevering van woensdag is Gilbert niet zuinig met zijn complimenten en aanrakingen. \u201cHet is op liefdesgebied elke dag een stukje meer. Ik denk dat dat er zeker is,\u201d zegt hij. De klik die Elsje niet voelde bij Jeroen, voelt ze w\u00e9l bij Gilbert. \u201cJa, ik heb absoluut een klik met hem. We liggen echt op \u00e9\u00e9n lijn. We hebben een beetje dezelfde idee\u00ebn. Ik vind hem heel boeiend,\u201d vertelt ze openhartig.<\/p>\n<p>Klef of glibberig?<\/p>\n<p class=\"mui-173mato e10ntc2u0\">Op X kijken veel kijkers echter met opgetrokken wenkbrauwen naar de acties en woorden van de salesman. Zijn bijnaam is al snel \u2018Glibberende Gilbert\u2019. \u201cOh, wat is Gilbert toch eng,\u201d schrijft iemand. Een andere kijker merkt op: \u201cGilbert wordt met de minuut kleffer.\u201d Hieronder is een greep uit de reacties te lezen.<\/p>\n<p class=\"mui-173mato e10ntc2u0\">Bron foto: RTL Thirza Wijnja<\/p>\n","protected":false},"excerpt":{"rendered":"Dinsdag maakte Gilbert zijn entree in Winter Vol Liefde bij Elsje in Zweden. Hoewel de twee het zichtbaar&hellip;\n","protected":false},"author":2,"featured_media":103834,"comment_status":"","ping_status":"","sticky":false,"template":"","format":"standard","meta":{"footnotes":""},"categories":[28],"tags":[99,48,98,46,47,49,45,50,124],"class_list":{"0":"post-111857","1":"post","2":"type-post","3":"status-publish","4":"format-standard","5":"has-post-thumbnail","7":"category-tv","8":"tag-amusement","9":"tag-dutch","10":"tag-entertainment","11":"tag-nederland","12":"tag-nederlanden","13":"tag-nederlands","14":"tag-netherlands","15":"tag-nl","16":"tag-tv"},"share_on_mastodon":{"url":"https:\/\/pubeurope.com\/@nl\/115896075052618611","error":""},"_links":{"self":[{"href":"https:\/\/www.europesays.com\/nl\/wp-json\/wp\/v2\/posts\/111857","targetHints":{"allow":["GET"]}}],"collection":[{"href":"https:\/\/www.europesays.com\/nl\/wp-json\/wp\/v2\/posts"}],"about":[{"href":"https:\/\/www.europesays.com\/nl\/wp-json\/wp\/v2\/types\/post"}],"author":[{"embeddable":true,"href":"https:\/\/www.europesays.com\/nl\/wp-json\/wp\/v2\/users\/2"}],"replies":[{"embeddable":true,"href":"https:\/\/www.europesays.com\/nl\/wp-json\/wp\/v2\/comments?post=111857"}],"version-history":[{"count":0,"href":"https:\/\/www.europesays.com\/nl\/wp-json\/wp\/v2\/posts\/111857\/revisions"}],"wp:featuredmedia":[{"embeddable":true,"href":"https:\/\/www.europesays.com\/nl\/wp-json\/wp\/v2\/media\/103834"}],"wp:attachment":[{"href":"https:\/\/www.europesays.com\/nl\/wp-json\/wp\/v2\/media?parent=111857"}],"wp:term":[{"taxonomy":"category","embeddable":true,"href":"https:\/\/www.europesays.com\/nl\/wp-json\/wp\/v2\/categories?post=111857"},{"taxonomy":"post_tag","embeddable":true,"href":"https:\/\/www.europesays.com\/nl\/wp-json\/wp\/v2\/tags?post=111857"}],"curies":[{"name":"wp","href":"https:\/\/api.w.org\/{rel}","templated":true}]}}