{"id":111882,"date":"2026-01-15T00:22:14","date_gmt":"2026-01-15T00:22:14","guid":{"rendered":"https:\/\/www.europesays.com\/nl\/111882\/"},"modified":"2026-01-15T00:22:14","modified_gmt":"2026-01-15T00:22:14","slug":"bayern-munchen-maakt-achterstand-goed-en-schrijft-bundesliga-historie","status":"publish","type":"post","link":"https:\/\/www.europesays.com\/nl\/111882\/","title":{"rendered":"Bayern M\u00fcnchen maakt achterstand goed en schrijft Bundesliga-historie"},"content":{"rendered":"<p>Bayern M\u00fcnchen heeft woensdag met moeite weten af te rekenen met FC K\u00f6ln. Linton Maina zette de thuisploeg vlak voor rust op voorsprong, maar dankzij treffers van Serge Gnabry, Kim Min-jae en Lennart Karl won Der Rekordmeister alsnog: 1-3. Bayern, dat 47 punten heeft na 17 duels, schrijft bovendien geschiedenis: nooit eerder ging Bayern, of een andere ploeg, z\u00f3 goed van start in de Bundesliga.\u00a0<\/p>\n<p>K\u00f6ln begon sterk aan de wedstrijd en zette Bayern direct onder druk. Nadat de bezoekers enkele hachelijke momenten overleefden, werden ook zij gevaarlijk. Na goed voorbereidend werk van Luis D\u00edaz werd de knal van Hiroki Ito maar net gekeerd door Marvin Schw\u00e4be.\u00a0<\/p>\n<p>Bayern kreeg het initiatief steeds nadrukkelijker te pakken. Schw\u00e4be redde knap op een knal van Gnabry en een minuut later schoot D\u00edaz naast. Datzelfde overkwam aan de overkant ook voormalig Spartaan Ragnar Ache, die zijn inzet rakelings voorlangs zag gaan.\u00a0<\/p>\n<p>Doelpunten zouden er alsnog vallen in Keulen. Allereerst was het de beurt aan Maina, die zijn indrukwekkende dribbel afrondde met een harde knal achter Manuel Neuer: 1-0.\u00a0<\/p>\n<p>Bayern wilde nog voor het einde van de eerste helft op gelijke hoogte komen en slaagde daarin. Vanuit een moeilijke hoek schoot Gnabry de bal al stuiterend achter Schw\u00e4be: 1-1.\u00a0<\/p>\n<p>Na rust veranderde er weinig. Bayern bleef de bal met het meeste balbezit en zocht naar de volgende treffer, terwijl K\u00f6ln loerde op de counter.\u00a0<\/p>\n<p>Uit zo&#8217;n tegenaanval leek Jakub Kaminski op weg naar de 2-1, ware het niet dat Kim erger voorkwam met een indrukwekkende sprint. Kaminski besloot het daarom ogenblikken later van afstand te passeren en trof de vuisten van Neuer.\u00a0<\/p>\n<p>Twintig minuten voor tijd sloeg Bayern toe uit een hoekschop. D\u00edaz slingerde de bal naar de tweede paal, waar Ito de bal op de achterlijn terugkopte op Kim. De Zuid-Koreaan kopte vervolgens van dichtbij raak: 1-2.\u00a0<\/p>\n<p>Vlak voor tijd maakte Bayern een einde aan alle illusies bij K\u00f6ln. D\u00edaz werd de diepte ingestuurd en bediende na een fraaie dribbel invaller Lennart Karl, die uiterst kalm binnenschoof met binnenkant links: 1-3.\u00a0<\/p>\n","protected":false},"excerpt":{"rendered":"Bayern M\u00fcnchen heeft woensdag met moeite weten af te rekenen met FC K\u00f6ln. Linton Maina zette de thuisploeg&hellip;\n","protected":false},"author":2,"featured_media":111883,"comment_status":"","ping_status":"","sticky":false,"template":"","format":"standard","meta":{"footnotes":""},"categories":[21],"tags":[3713,7835,48,24134,24135,24136,24137,46,47,49,45,50,92,91],"class_list":{"0":"post-111882","1":"post","2":"type-post","3":"status-publish","4":"format-standard","5":"has-post-thumbnail","7":"category-sport","8":"tag-bayern-munich","9":"tag-bundesliga","10":"tag-dutch","11":"tag-fc-keulen","12":"tag-fc-keulen-vs-bayern-munich","13":"tag-fc-koeln","14":"tag-fc-koeln-vs-bayern-munich","15":"tag-nederland","16":"tag-nederlanden","17":"tag-nederlands","18":"tag-netherlands","19":"tag-nl","20":"tag-sport","21":"tag-sports"},"share_on_mastodon":{"url":"https:\/\/pubeurope.com\/@nl\/115896263794790108","error":""},"_links":{"self":[{"href":"https:\/\/www.europesays.com\/nl\/wp-json\/wp\/v2\/posts\/111882","targetHints":{"allow":["GET"]}}],"collection":[{"href":"https:\/\/www.europesays.com\/nl\/wp-json\/wp\/v2\/posts"}],"about":[{"href":"https:\/\/www.europesays.com\/nl\/wp-json\/wp\/v2\/types\/post"}],"author":[{"embeddable":true,"href":"https:\/\/www.europesays.com\/nl\/wp-json\/wp\/v2\/users\/2"}],"replies":[{"embeddable":true,"href":"https:\/\/www.europesays.com\/nl\/wp-json\/wp\/v2\/comments?post=111882"}],"version-history":[{"count":0,"href":"https:\/\/www.europesays.com\/nl\/wp-json\/wp\/v2\/posts\/111882\/revisions"}],"wp:featuredmedia":[{"embeddable":true,"href":"https:\/\/www.europesays.com\/nl\/wp-json\/wp\/v2\/media\/111883"}],"wp:attachment":[{"href":"https:\/\/www.europesays.com\/nl\/wp-json\/wp\/v2\/media?parent=111882"}],"wp:term":[{"taxonomy":"category","embeddable":true,"href":"https:\/\/www.europesays.com\/nl\/wp-json\/wp\/v2\/categories?post=111882"},{"taxonomy":"post_tag","embeddable":true,"href":"https:\/\/www.europesays.com\/nl\/wp-json\/wp\/v2\/tags?post=111882"}],"curies":[{"name":"wp","href":"https:\/\/api.w.org\/{rel}","templated":true}]}}