{"id":111907,"date":"2026-01-15T01:12:39","date_gmt":"2026-01-15T01:12:39","guid":{"rendered":"https:\/\/www.europesays.com\/nl\/111907\/"},"modified":"2026-01-15T01:12:39","modified_gmt":"2026-01-15T01:12:39","slug":"dit-is-waarom-miljoenenproject-a9-zoveel-vertraging-oploopt-werken-op-postzegel","status":"publish","type":"post","link":"https:\/\/www.europesays.com\/nl\/111907\/","title":{"rendered":"Dit is waarom miljoenenproject A9 zoveel vertraging oploopt: &#8220;Werken op postzegel&#8221;"},"content":{"rendered":"<p>De reacties op het nieuws over de vertraging zijn wisselend, vertelt Postma. &#8220;Sommige inwoners hadden het wel verwacht, maar anderen vinden het heel vervelend. We vragen heel veel van de mensen hier. Ze zitten al vijf jaar in een bouwput en dat dat nog drie jaar gaat duren is wel heel zuur.&#8221;<\/p>\n<p>Slecht slapen<\/p>\n<p>Ook NH hoort wisselende reacties van omwonenden. Viviana woont in een flat p\u00e1l naast de werkzaamheden en kon deze de afgelopen vijf jaar dus op de voet volgen. Ze baalt van het nieuws over de verschoven einddatum.<\/p>\n<p>&#8220;Dan denk je: daar g\u00e1\u00e1n we weer. N\u00f3g een jaar erbij.&#8221; Vooral de geluidsoverlast speelt haar parten. &#8220;Als er &#8217;s avonds werkzaamheden zijn slaap ik er slecht van en overdag kan ik me niet focussen.&#8221;\u00a0Haar buurman Rob vindt het allemaal niet zo&#8217;n probleem. &#8220;Voor mij is het reuring. Ik ben maar alleen en dan heb ik iets te zien.&#8221;<\/p>\n<p>Omwonenden met vragen kunnen die morgenavond stellen tijdens een webinar. Inmiddels hebben meer dan vierhonderd mensen zich hiervoor aangemeld.\u00a0<\/p>\n<p>Tekst gaat verder onder afbeelding<\/p>\n","protected":false},"excerpt":{"rendered":"De reacties op het nieuws over de vertraging zijn wisselend, vertelt Postma. &#8220;Sommige inwoners hadden het wel verwacht,&hellip;\n","protected":false},"author":2,"featured_media":111908,"comment_status":"","ping_status":"","sticky":false,"template":"","format":"standard","meta":{"footnotes":""},"categories":[12],"tags":[39,40,48,43,44,34,35,41,42,46,47,49,45,32,33,50,36,37,38],"class_list":{"0":"post-111907","1":"post","2":"type-post","3":"status-publish","4":"format-standard","5":"has-post-thumbnail","7":"category-nederland","8":"tag-breaking-news","9":"tag-breakingnews","10":"tag-dutch","11":"tag-featured-news","12":"tag-featurednews","13":"tag-headlines","14":"tag-hoofdpunten","15":"tag-latest-news","16":"tag-latestnews","17":"tag-nederland","18":"tag-nederlanden","19":"tag-nederlands","20":"tag-netherlands","21":"tag-news","22":"tag-nieuws","23":"tag-nl","24":"tag-top-stories","25":"tag-topstories","26":"tag-voorpaginanieuws"},"share_on_mastodon":{"url":"https:\/\/pubeurope.com\/@nl\/115896460524469304","error":""},"_links":{"self":[{"href":"https:\/\/www.europesays.com\/nl\/wp-json\/wp\/v2\/posts\/111907","targetHints":{"allow":["GET"]}}],"collection":[{"href":"https:\/\/www.europesays.com\/nl\/wp-json\/wp\/v2\/posts"}],"about":[{"href":"https:\/\/www.europesays.com\/nl\/wp-json\/wp\/v2\/types\/post"}],"author":[{"embeddable":true,"href":"https:\/\/www.europesays.com\/nl\/wp-json\/wp\/v2\/users\/2"}],"replies":[{"embeddable":true,"href":"https:\/\/www.europesays.com\/nl\/wp-json\/wp\/v2\/comments?post=111907"}],"version-history":[{"count":0,"href":"https:\/\/www.europesays.com\/nl\/wp-json\/wp\/v2\/posts\/111907\/revisions"}],"wp:featuredmedia":[{"embeddable":true,"href":"https:\/\/www.europesays.com\/nl\/wp-json\/wp\/v2\/media\/111908"}],"wp:attachment":[{"href":"https:\/\/www.europesays.com\/nl\/wp-json\/wp\/v2\/media?parent=111907"}],"wp:term":[{"taxonomy":"category","embeddable":true,"href":"https:\/\/www.europesays.com\/nl\/wp-json\/wp\/v2\/categories?post=111907"},{"taxonomy":"post_tag","embeddable":true,"href":"https:\/\/www.europesays.com\/nl\/wp-json\/wp\/v2\/tags?post=111907"}],"curies":[{"name":"wp","href":"https:\/\/api.w.org\/{rel}","templated":true}]}}