{"id":111916,"date":"2026-01-15T01:38:29","date_gmt":"2026-01-15T01:38:29","guid":{"rendered":"https:\/\/www.europesays.com\/nl\/111916\/"},"modified":"2026-01-15T01:38:29","modified_gmt":"2026-01-15T01:38:29","slug":"cultuur-om-je-op-te-verheugen-wat-moet-je-de-komende-maanden-gaan-zien-en-horen","status":"publish","type":"post","link":"https:\/\/www.europesays.com\/nl\/111916\/","title":{"rendered":"Cultuur om je op te verheugen: wat moet je de komende maanden gaan zien en horen?"},"content":{"rendered":"<p>In dit artikel<\/p>\n<ol>\n<li><a href=\"#toc-beeldende-kunst\">Beeldende kunst<\/a><\/li>\n<li><a href=\"#toc-fotografie\">Fotografie<\/a><\/li>\n<li><a href=\"#toc-film\">Film<\/a><\/li>\n<li><a href=\"#toc-series\">Series<\/a><\/li>\n<li><a href=\"#toc-pop-amp-jazz\">Pop &amp; jazz<\/a><\/li>\n<li><a href=\"#toc-klassiek\">Klassiek<\/a><\/li>\n<li><a href=\"#toc-theater\">Theater<\/a><\/li>\n<li><a href=\"#toc-cabaret\">Cabaret<\/a><\/li>\n<li><a href=\"#toc-musical\">Musical<\/a><\/li>\n<li><a href=\"#toc-dans\">Dans<\/a><\/li>\n<li><a href=\"#toc-games\">Games<\/a><\/li>\n<\/ol>\n<p>Beeldende kunst<\/p>\n<p><img alt=\"Kunstwerk op de Bi\u00ebnnale van Veneti\u00eb in 2024.\" data-lightbox-highres=\"https:\/\/images.nrc.nl\/wmxLbnGiCVIPhSwxhUc8KVq13_U=\/1920x\/filters:no_upscale()\/s3\/static.nrc.nl\/wp-content\/uploads\/2025\/12\/18185703\/140126CUL_2027605392_biennale-kunst-venetie.jpg\" data-lightbox-highres-webp=\"https:\/\/images.nrc.nl\/UbeX6lY8uCJD2CmIbEXtUg90gzQ=\/1920x\/filters:no_upscale():format(webp)\/s3\/static.nrc.nl\/wp-content\/uploads\/2025\/12\/18185703\/140126CUL_2027605392_biennale-kunst-venetie.jpg\" data-lightbox-zoom=\"https:\/\/images.nrc.nl\/wmxLbnGiCVIPhSwxhUc8KVq13_U=\/1920x\/filters:no_upscale()\/s3\/static.nrc.nl\/wp-content\/uploads\/2025\/12\/18185703\/140126CUL_2027605392_biennale-kunst-venetie.jpg\" data-lightbox-zoom-webp=\"https:\/\/images.nrc.nl\/UbeX6lY8uCJD2CmIbEXtUg90gzQ=\/1920x\/filters:no_upscale():format(webp)\/s3\/static.nrc.nl\/wp-content\/uploads\/2025\/12\/18185703\/140126CUL_2027605392_biennale-kunst-venetie.jpg\" data-open-in-lightbox=\"true\" decoding=\"async\" height=\"2000\" loading=\"lazy\" src=\"https:\/\/www.europesays.com\/nl\/wp-content\/uploads\/2026\/01\/140126CUL_2027605392_biennale-kunst-venetie.jpg\"  width=\"2997\"\/><\/p>\n<p class=\"caption\" id=\"figcaption-1\">Kunstwerk op de Bi\u00ebnnale van Veneti\u00eb in 2024.<\/p>\n<p>Foto Getty Images<\/p>\n<p>Zoom in<\/p>\n<p>1. Zachte krachten in Veneti\u00eb<\/p>\n<p>De 61ste Bi\u00ebnnale van Veneti\u00eb, de oudste van alle bi\u00ebnnales en nog steeds de meest toonaangevende, zou dit jaar worden samengesteld door de eerste vrouwelijke curator van Afrikaanse herkomst,\u00a0Koyo Kouoh. Zij stierf in 2025 aan kanker, kort na haar aanstelling. Haar theoretische kader is wel aangehouden: In Minor Keys, een term uit de muziek, \u2018tonen in mineur\u2019. Kouoh refereert hiermee aan zachte krachten, aan melancholische schoonheid en vergeten plekken. Ze hoopte dat de tentoonstelling meer dan een \u201elitanie aan commentaar op wereldgebeurtenissen\u201d zou worden, maar ook geen \u201epoging zou worden de crises te ontkomen\u201d. In het Nederlandse paviljoen is kunstenaar Dries Verhoeven te zien.<\/p>\n<p>De Bi\u00ebnnale van Veneti\u00eb, van 9 mei t\/m 22 november op meerdere locaties in Veneti\u00eb. <\/p>\n<p><img alt=\"Louis Finson, \u2018Chaos\u2019 of \u2018De strijd van de vier elementen\u2019, 1611. Sarah Campbell Blaffer Foundation, The Museum of Fine Arts, Houston.\" data-lightbox-highres=\"https:\/\/images.nrc.nl\/jYLFGHVgkD1zaUm42zZ6SwKuU1Q=\/1920x\/filters:no_upscale()\/s3\/static.nrc.nl\/wp-content\/uploads\/2025\/12\/18181342\/140126CUL_2027605392_metamorfosen-1.jpg\" data-lightbox-highres-webp=\"https:\/\/images.nrc.nl\/Fq0COB3ifNRJTDIFqON1S-x8FZk=\/1920x\/filters:no_upscale():format(webp)\/s3\/static.nrc.nl\/wp-content\/uploads\/2025\/12\/18181342\/140126CUL_2027605392_metamorfosen-1.jpg\" data-lightbox-zoom=\"https:\/\/images.nrc.nl\/jYLFGHVgkD1zaUm42zZ6SwKuU1Q=\/1920x\/filters:no_upscale()\/s3\/static.nrc.nl\/wp-content\/uploads\/2025\/12\/18181342\/140126CUL_2027605392_metamorfosen-1.jpg\" data-lightbox-zoom-webp=\"https:\/\/images.nrc.nl\/Fq0COB3ifNRJTDIFqON1S-x8FZk=\/1920x\/filters:no_upscale():format(webp)\/s3\/static.nrc.nl\/wp-content\/uploads\/2025\/12\/18181342\/140126CUL_2027605392_metamorfosen-1.jpg\" data-open-in-lightbox=\"true\" decoding=\"async\" height=\"8306\" loading=\"lazy\" src=\"https:\/\/www.europesays.com\/nl\/wp-content\/uploads\/2026\/01\/140126CUL_2027605392_metamorfosen-1.jpg\"  width=\"7847\"\/><\/p>\n<p class=\"caption\" id=\"figcaption-2\">Louis Finson, \u2018Chaos\u2019 of \u2018De strijd van de vier elementen\u2019, 1611. Sarah Campbell Blaffer Foundation, The Museum of Fine Arts, Houston.<\/p>\n<p>Foto The Museum of Fine Arts, Houston<\/p>\n<p>Zoom in<\/p>\n<p>2. De kunst van gedaanteverwisseling<\/p>\n<p>Het Rijksmuseum brengt in de expositie Metamorfosen, een samenwerking met de\u00a0<a href=\"https:\/\/www.google.com\/search?q=Galleria+Borghese&amp;sca_esv=2bc7513dd8de01bf&amp;rlz=1C1GCFP_enNL1141NL1141&amp;ei=eOBbafqaGsmli-gP6aidiAw&amp;ved=2ahUKEwjkioKl4_SRAxVt9wIHHRfsAM0QgK4QegQIARAC&amp;uact=5&amp;oq=2.%09Metamorfosen+in+het+Rijksmuseum&amp;gs_lp=Egxnd3Mtd2l6LXNlcnAiIjIuCU1ldGFtb3Jmb3NlbiBpbiBoZXQgUmlqa3NtdXNldW0yBRAAGO8FMgUQABjvBTIIEAAYgAQYogQyBRAAGO8FMggQABiiBBiJBUjLCVAAWABwAHgBkAEAmAGDAaABgwGqAQMwLjG4AQPIAQD4AQL4AQGYAgGgAogBmAMAkgcDMC4xoAebA7IHAzAuMbgHiAHCBwMyLTHIBwOACAA&amp;sclient=gws-wiz-serp&amp;mstk=AUtExfATU4l_wtN8YHIB6PNDms4_BcvFrmq7HCzQQZtEUXrjwtkTfIyqc9PcFlaeX8hNjgaYJSKXCGLt-c_3lXz7A0Te1F_J7P_BLCc8wB_PpPUoPpfv_96tz-52ivm7NT9cTjM&amp;csui=3\" rel=\"nofollow noopener\" target=\"_blank\">Galleria Borghese<\/a> in Rome, kunstwerken van de Renaissance tot nu samen waarin gedaanteveranderingen centraal staan. Meer dan tweeduizend jaar geleden schreef de Romeinse dichter Ovidius zijn invloedrijke werk Metamorfosen. Het is een reeks losse verhalen met als rode lijn hoe goden en mensen steeds van gedaante veranderen, zoals de Godin Diana die een jager die haar naakt zag in een hert veranderde, en oppergod Zeus die de nimf Io in een koe veranderde om zijn jaloerse echtgenote te misleiden. In de expositie zijn kunstwerken te zien van Titiaan tot Ulay, en van Cellini tot Louise Bourgeois.<\/p>\n<p>Metamorfosen, Rijksmuseum Amsterdam, 6 februari t\/m 25 mei. <\/p>\n<p><img alt=\"Michaelina Wautier, \u2018Twee meisjes als de heiligen Agnes en Dorothea\u2019, ca. 1650.\" data-lightbox-highres=\"https:\/\/images.nrc.nl\/sVEZdJKYfHJ0kgwb8YDhsZNcrHU=\/1920x\/filters:no_upscale()\/s3\/static.nrc.nl\/wp-content\/uploads\/2025\/12\/22105217\/140126CUL_2027605392_vrouw-Gent-5.jpg\" data-lightbox-highres-webp=\"https:\/\/images.nrc.nl\/1e0pXH_i_aJuc7wE9_KB1TtB3vY=\/1920x\/filters:no_upscale():format(webp)\/s3\/static.nrc.nl\/wp-content\/uploads\/2025\/12\/22105217\/140126CUL_2027605392_vrouw-Gent-5.jpg\" data-lightbox-zoom=\"https:\/\/images.nrc.nl\/sVEZdJKYfHJ0kgwb8YDhsZNcrHU=\/1920x\/filters:no_upscale()\/s3\/static.nrc.nl\/wp-content\/uploads\/2025\/12\/22105217\/140126CUL_2027605392_vrouw-Gent-5.jpg\" data-lightbox-zoom-webp=\"https:\/\/images.nrc.nl\/1e0pXH_i_aJuc7wE9_KB1TtB3vY=\/1920x\/filters:no_upscale():format(webp)\/s3\/static.nrc.nl\/wp-content\/uploads\/2025\/12\/22105217\/140126CUL_2027605392_vrouw-Gent-5.jpg\" data-open-in-lightbox=\"true\" decoding=\"async\" height=\"6083\" loading=\"lazy\" src=\"https:\/\/www.europesays.com\/nl\/wp-content\/uploads\/2026\/01\/140126CUL_2027605392_vrouw-Gent-5.jpg\"  width=\"8000\"\/><\/p>\n<p class=\"caption\" id=\"figcaption-3\">Michaelina Wautier, \u2018Twee meisjes als de heiligen Agnes en Dorothea\u2019, ca. 1650.<\/p>\n<p>Foto KMSKA<\/p>\n<p>Zoom in<\/p>\n<p>3. Vroegmoderne vrouwelijke kunstenaars<\/p>\n<p>In de expositie Onvergetelijk. Vrouwelijke kunstenaars van Antwerpen tot Amsterdam, 1600-1750 in het MSK Gent, die eerder in Washington te zien was, staan voor het eerst vrouwelijke schilders uit de vroegmoderne tijd in de Nederlanden centraal. Meer dan veertig kunstenaars, onder wie <a href=\"https:\/\/www.google.com\/search?q=Judith+Leyster&amp;rlz=1C1GCFP_enNL1141NL1141&amp;oq=4.%09%27Onvergetelijk+Vrouwelijke+kunstenaars+van+Antwerpen+tot+Amsterdam&amp;gs_lcrp=EgZjaHJvbWUyBggAEEUYOdIBBzU1NmowajSoAgCwAgE&amp;sourceid=chrome&amp;ie=UTF-8&amp;mstk=AUtExfBnBIdOM99C9Qoq0udL1o2P_bTQJCB9LO7kR5BDyDHrlQr7llTy6OZaPztYb0nEH91dHzho4XiUA0fdCkvOiRChh3YBNvovAVuX1VVCyfuS28Vp-4QIGXSPgC4V-JLiEoM&amp;csui=3&amp;ved=2ahUKEwj41LqM5PSRAxXC_7sIHVy2HOwQgK4QegQIBRAB\" rel=\"nofollow noopener\" target=\"_blank\">Judith Leyster<\/a>, <a href=\"https:\/\/www.google.com\/search?q=Maria+Sibylla+Merian&amp;rlz=1C1GCFP_enNL1141NL1141&amp;oq=4.%09%27Onvergetelijk+Vrouwelijke+kunstenaars+van+Antwerpen+tot+Amsterdam&amp;gs_lcrp=EgZjaHJvbWUyBggAEEUYOdIBBzU1NmowajSoAgCwAgE&amp;sourceid=chrome&amp;ie=UTF-8&amp;mstk=AUtExfBnBIdOM99C9Qoq0udL1o2P_bTQJCB9LO7kR5BDyDHrlQr7llTy6OZaPztYb0nEH91dHzho4XiUA0fdCkvOiRChh3YBNvovAVuX1VVCyfuS28Vp-4QIGXSPgC4V-JLiEoM&amp;csui=3&amp;ved=2ahUKEwj41LqM5PSRAxXC_7sIHVy2HOwQgK4QegQIBRAD\" rel=\"nofollow noopener\" target=\"_blank\">Maria Sibylla Merian<\/a>, <a href=\"https:\/\/www.google.com\/search?q=Magdalena+van+de+Passe&amp;rlz=1C1GCFP_enNL1141NL1141&amp;oq=4.%09%27Onvergetelijk+Vrouwelijke+kunstenaars+van+Antwerpen+tot+Amsterdam&amp;gs_lcrp=EgZjaHJvbWUyBggAEEUYOdIBBzU1NmowajSoAgCwAgE&amp;sourceid=chrome&amp;ie=UTF-8&amp;mstk=AUtExfBnBIdOM99C9Qoq0udL1o2P_bTQJCB9LO7kR5BDyDHrlQr7llTy6OZaPztYb0nEH91dHzho4XiUA0fdCkvOiRChh3YBNvovAVuX1VVCyfuS28Vp-4QIGXSPgC4V-JLiEoM&amp;csui=3&amp;ved=2ahUKEwj41LqM5PSRAxXC_7sIHVy2HOwQgK4QegQIBRAF\" rel=\"nofollow noopener\" target=\"_blank\">Magdalena van de Passe<\/a>, <a href=\"https:\/\/www.google.com\/search?q=Clara+Peeters&amp;rlz=1C1GCFP_enNL1141NL1141&amp;oq=4.%09%27Onvergetelijk+Vrouwelijke+kunstenaars+van+Antwerpen+tot+Amsterdam&amp;gs_lcrp=EgZjaHJvbWUyBggAEEUYOdIBBzU1NmowajSoAgCwAgE&amp;sourceid=chrome&amp;ie=UTF-8&amp;mstk=AUtExfBnBIdOM99C9Qoq0udL1o2P_bTQJCB9LO7kR5BDyDHrlQr7llTy6OZaPztYb0nEH91dHzho4XiUA0fdCkvOiRChh3YBNvovAVuX1VVCyfuS28Vp-4QIGXSPgC4V-JLiEoM&amp;csui=3&amp;ved=2ahUKEwj41LqM5PSRAxXC_7sIHVy2HOwQgK4QegQIBRAH\" rel=\"nofollow noopener\" target=\"_blank\">Clara Peeters<\/a> en <a href=\"https:\/\/www.google.com\/search?q=Rachel+Ruysch&amp;rlz=1C1GCFP_enNL1141NL1141&amp;oq=4.%09%27Onvergetelijk+Vrouwelijke+kunstenaars+van+Antwerpen+tot+Amsterdam&amp;gs_lcrp=EgZjaHJvbWUyBggAEEUYOdIBBzU1NmowajSoAgCwAgE&amp;sourceid=chrome&amp;ie=UTF-8&amp;mstk=AUtExfBnBIdOM99C9Qoq0udL1o2P_bTQJCB9LO7kR5BDyDHrlQr7llTy6OZaPztYb0nEH91dHzho4XiUA0fdCkvOiRChh3YBNvovAVuX1VVCyfuS28Vp-4QIGXSPgC4V-JLiEoM&amp;csui=3&amp;ved=2ahUKEwj41LqM5PSRAxXC_7sIHVy2HOwQgK4QegQIBRAJ\" rel=\"nofollow noopener\" target=\"_blank\">Rachel Ruysch<\/a> worden hier getoond. De tentoonstelling wil laten zien dat vrouwelijke kunstenaars destijds \u201eallesbehalve zeldzaam of onbekend waren\u201d, maar dat \u201ehun aanwezigheid in ateliers en netwerken lang onderbelicht bleef\u201d. Nu ze eenmaal voor het eerst gepresenteerd worden, hoopt het MSK dat ze \u201eonvergetelijk\u201d worden.<\/p>\n<p>Onvergetelijk. Vrouwelijke kunstenaars van Antwerpen tot Amsterdam, 1600-1750, Museum voor Schone Kunsten (MSK) in Gent,  7 maart tot 31 mei. <\/p>\n<p><img alt=\"Danh Vo, \u2018G\u00fcldenhof\u2019, zomer, 2025. \" data-lightbox-highres=\"https:\/\/images.nrc.nl\/V0rIc-1K3-YUVqLpn0jnIG68pdE=\/1920x\/filters:no_upscale()\/s3\/static.nrc.nl\/wp-content\/uploads\/2025\/12\/18194344\/140126CUL_2027605392_Danh-Vo-2.jpg\" data-lightbox-highres-webp=\"https:\/\/images.nrc.nl\/sPvP36U29zbUJulN9Ba8eAWcDDc=\/1920x\/filters:no_upscale():format(webp)\/s3\/static.nrc.nl\/wp-content\/uploads\/2025\/12\/18194344\/140126CUL_2027605392_Danh-Vo-2.jpg\" data-lightbox-zoom=\"https:\/\/images.nrc.nl\/V0rIc-1K3-YUVqLpn0jnIG68pdE=\/1920x\/filters:no_upscale()\/s3\/static.nrc.nl\/wp-content\/uploads\/2025\/12\/18194344\/140126CUL_2027605392_Danh-Vo-2.jpg\" data-lightbox-zoom-webp=\"https:\/\/images.nrc.nl\/sPvP36U29zbUJulN9Ba8eAWcDDc=\/1920x\/filters:no_upscale():format(webp)\/s3\/static.nrc.nl\/wp-content\/uploads\/2025\/12\/18194344\/140126CUL_2027605392_Danh-Vo-2.jpg\" data-open-in-lightbox=\"true\" decoding=\"async\" height=\"4912\" loading=\"lazy\" src=\"https:\/\/www.europesays.com\/nl\/wp-content\/uploads\/2026\/01\/140126CUL_2027605392_Danh-Vo-2.jpg\"  width=\"7356\"\/><\/p>\n<p class=\"caption\" id=\"figcaption-4\">Danh Vo, \u2018G\u00fcldenhof\u2019, zomer, 2025. <\/p>\n<p>Foto Nick Ash<\/p>\n<p>Zoom in<\/p>\n<p>4. Hoe macht zich manifesteert <\/p>\n<p>In de solotentoonstelling \u03c0\u03bd\u03b5\u1fe6\u03bc\u03b1\u202f(\u1f1c\u03bb\u03b9\u03c3\u03c3\u03b1) van kunstenaar Danh Vo (1975), die in 1980 met zijn ouders van een Vietnamees vluchtelingenvlot werd gered door een Deens schip en zo in Kopenhagen terecht kwam, komt zijn persoonlijke geschiedenis samen met grote globale thematiek. In Vo\u2019s installaties in het Stedelijk Museum Amsterdam worden thema\u2019s als oorlog, verlangen, ambitie en geloof verwerkt,  op een po\u00ebtische manier. In zijn installaties zijn fragmenten uit de oudheid, religieuze relieken of delen van monumenten opgenomen. Hij wil, zoals het Stedelijk het formuleert, laten zien \u201ehoe macht zich manifesteert in mensen, materialen en persoonlijke verhalen\u201d.<\/p>\n<p>Danh Vo, \u03c0\u03bd\u03b5\u1fe6\u03bc\u03b1\u202f(\u1f1c\u03bb\u03b9\u03c3\u03c3\u03b1), Stedelijk Museum Amsterdam, 14 februari t\/m 2 augustus. <\/p>\n<p><img alt=\"David Hockney, \u2018My Parents\u2019, 1977.\" data-lightbox-highres=\"https:\/\/images.nrc.nl\/s4h6TcDBTPEnsFSeMxwPv2fuDMs=\/1920x\/filters:no_upscale()\/s3\/static.nrc.nl\/wp-content\/uploads\/2025\/12\/18193419\/140126CUL_2027605392_londoncalling-3.jpg\" data-lightbox-highres-webp=\"https:\/\/images.nrc.nl\/YLg_tAdMus_gTGTvTlkL-t6FEJY=\/1920x\/filters:no_upscale():format(webp)\/s3\/static.nrc.nl\/wp-content\/uploads\/2025\/12\/18193419\/140126CUL_2027605392_londoncalling-3.jpg\" data-lightbox-zoom=\"https:\/\/images.nrc.nl\/s4h6TcDBTPEnsFSeMxwPv2fuDMs=\/1920x\/filters:no_upscale()\/s3\/static.nrc.nl\/wp-content\/uploads\/2025\/12\/18193419\/140126CUL_2027605392_londoncalling-3.jpg\" data-lightbox-zoom-webp=\"https:\/\/images.nrc.nl\/YLg_tAdMus_gTGTvTlkL-t6FEJY=\/1920x\/filters:no_upscale():format(webp)\/s3\/static.nrc.nl\/wp-content\/uploads\/2025\/12\/18193419\/140126CUL_2027605392_londoncalling-3.jpg\" data-open-in-lightbox=\"true\" decoding=\"async\" height=\"3232\" loading=\"lazy\" src=\"https:\/\/www.europesays.com\/nl\/wp-content\/uploads\/2026\/01\/140126CUL_2027605392_londoncalling-3.jpg\"  width=\"3254\"\/><\/p>\n<p class=\"caption\" id=\"figcaption-5\">David Hockney, \u2018My Parents\u2019, 1977.<\/p>\n<p>Foto Tate Images<\/p>\n<p>Zoom in<\/p>\n<p>5. Bacon, Freud en Hockney in Den Haag<\/p>\n<p>Volgens het Kunstmuseum Den Haag is Londen Calling het eerste grote overzicht van hoogtepunten uit de naoorlogse Britse schilderkunst dat in Nederland is te zien. In de expositie, een samenwerking tussen Tate Britain en het Kunstmuseum Den Haag, zijn bekende namen als Francis Bacon, Lucian Freud en David Hockney te zien, maar ook schilders die minder bekend zijn, zoals Celia Paul, Eva Frankfurther en Denzil Forrester. De overeenkomst van al deze verschillende 20ste-eeuwse kunstenaars is de menselijke figuur en de stad Londen.\u00a0Er bestond weliswaar geen typische \u2018Londense school\u2019, stelt het Kunstmuseum, maar ze delen wel \u201eeen gedeelde zoektocht naar hoe je de wereld om je heen kunt schilderen\u201d.<\/p>\n<p>Londen Calling, Kunstmuseum Den Haag, 14 februari t\/m 7 juni. <\/p>\n<p>Fotografie<\/p>\n<p><img alt=\"Letizia Battaglia,  \u2018Wijk Cala. Het meisje met de bal. Palermo, 1980\u2019. \" data-lightbox-highres=\"https:\/\/images.nrc.nl\/5e6UBAZ6IYYsxKYY70zyJqKnhcY=\/1920x\/filters:no_upscale()\/s3\/static.nrc.nl\/wp-content\/uploads\/2026\/01\/12124151\/140126CUL_2027605392_Fotomuseum_Letizia01.jpg\" data-lightbox-highres-webp=\"https:\/\/images.nrc.nl\/ACERrKYcrYLq1fjlYWSx0m9oTks=\/1920x\/filters:no_upscale():format(webp)\/s3\/static.nrc.nl\/wp-content\/uploads\/2026\/01\/12124151\/140126CUL_2027605392_Fotomuseum_Letizia01.jpg\" data-lightbox-zoom=\"https:\/\/images.nrc.nl\/5e6UBAZ6IYYsxKYY70zyJqKnhcY=\/1920x\/filters:no_upscale()\/s3\/static.nrc.nl\/wp-content\/uploads\/2026\/01\/12124151\/140126CUL_2027605392_Fotomuseum_Letizia01.jpg\" data-lightbox-zoom-webp=\"https:\/\/images.nrc.nl\/ACERrKYcrYLq1fjlYWSx0m9oTks=\/1920x\/filters:no_upscale():format(webp)\/s3\/static.nrc.nl\/wp-content\/uploads\/2026\/01\/12124151\/140126CUL_2027605392_Fotomuseum_Letizia01.jpg\" data-open-in-lightbox=\"true\" decoding=\"async\" height=\"2993\" loading=\"lazy\" src=\"https:\/\/www.europesays.com\/nl\/wp-content\/uploads\/2026\/01\/140126CUL_2027605392_Fotomuseum_Letizia01.jpg\"  width=\"2000\"\/><\/p>\n<p class=\"caption\" id=\"figcaption-6\">Letizia Battaglia,  \u2018Wijk Cala. Het meisje met de bal. Palermo, 1980\u2019. <\/p>\n<p>Foto archief Letizia Battaglia <\/p>\n<p>Zoom in<\/p>\n<p>1. Liefde, dood en nog meer liefde<\/p>\n<p>De Italiaanse fotograaf, activist en politica Letizia Battaglia (Sicili\u00eb, 1935-2022) legde in zwart-wit op indrukwekkende wijze het dagelijks leven in Sicili\u00eb vast, waarin het maffiageweld een belangrijke rol speelde. Het is sowieso een goed idee om dit voorjaar naar Den Haag af te reizen, want niet alleen het Fotomuseum heeft met ook nog exposities van Farren van Wyck en Ruben Lundgren (ook 4 april t\/m 23 augustus) een sterke programmering  \u2013 bij de buren in het Kunstmuseum is veertig jaar modefotografie van Inez van Lamsweerde en Vinoodh Matadin te zien, in de grote overzichtstentoonstelling Can Love Be A Photograph (21 maart t\/m 6 september).<\/p>\n<p>Letizia Battaglia Life, Love and Death in Sicily, Fotomuseum Den Haag, 4 april t\/m 23 augustus. <\/p>\n<p><img alt=\"Tata Ronkholz,  \u2018Trinkhalle \/ Kiosk, K\u00f6ln-Nippes, Merheimer Stra\u00dfe 294, 1983\u2019. \" data-lightbox-highres=\"https:\/\/images.nrc.nl\/OgNJd0QdbMUex6zNL3FB8KXEAVE=\/1920x\/filters:no_upscale()\/s3\/static.nrc.nl\/wp-content\/uploads\/2026\/01\/12125428\/140126CUL_2027605392_tata01.jpg\" data-lightbox-highres-webp=\"https:\/\/images.nrc.nl\/rLyAKUqR-OcKz2CVk-WdyjmJdPM=\/1920x\/filters:no_upscale():format(webp)\/s3\/static.nrc.nl\/wp-content\/uploads\/2026\/01\/12125428\/140126CUL_2027605392_tata01.jpg\" data-lightbox-zoom=\"https:\/\/images.nrc.nl\/OgNJd0QdbMUex6zNL3FB8KXEAVE=\/1920x\/filters:no_upscale()\/s3\/static.nrc.nl\/wp-content\/uploads\/2026\/01\/12125428\/140126CUL_2027605392_tata01.jpg\" data-lightbox-zoom-webp=\"https:\/\/images.nrc.nl\/rLyAKUqR-OcKz2CVk-WdyjmJdPM=\/1920x\/filters:no_upscale():format(webp)\/s3\/static.nrc.nl\/wp-content\/uploads\/2026\/01\/12125428\/140126CUL_2027605392_tata01.jpg\" data-open-in-lightbox=\"true\" decoding=\"async\" height=\"1772\" loading=\"lazy\" src=\"https:\/\/www.europesays.com\/nl\/wp-content\/uploads\/2026\/01\/140126CUL_2027605392_tata01.jpg\"  width=\"2497\"\/><\/p>\n<p class=\"caption\" id=\"figcaption-7\">Tata Ronkholz,  \u2018Trinkhalle \/ Kiosk, K\u00f6ln-Nippes, Merheimer Stra\u00dfe 294, 1983\u2019. <\/p>\n<p>Foto VAN HAM Art Estate\/Tata Ronkholz<\/p>\n<p>Zoom in<\/p>\n<p>2. Duitse Trinkhallen in Huis Marseille<\/p>\n<p>Tata Ronkholz (1940\u20131997) studeerde in de jaren zeventig fotografie aan de kunstacademie in D\u00fcsseldorf, waar Bernd en Hilla Becher als docenten zo gezaghebbend waren dat er werd gesproken van de Becherschule. Terwijl klasgenoten Candida H\u00f6fer, Axel H\u00fctte, Thomas Ruff en Thomas Struth wereldberoemd werden, komt de internationale waardering voor Ronkholz pas de laatste jaren op gang. Huis Marseille organiseert een overzicht van haar werk, waarin de invloed van de Bechers goed zichtbaar is: we zien hun strakke, zakelijke benadering terug in Ronkholz\u2019 foto\u2019s van kiosken (Trinkhallen) en kleine winkeltjes, de industriepoorten in het Ruhrgebied, meubels en lampen (ze was ook opgeleid als ontwerper) en de documentaire serie over de Rheinhafen van D\u00fcsseldorf, die ze maakte met Struth.<\/p>\n<p>Ontworpen wereld: door de ogen van Tata Ronkholz,  in Huis Marseille, Amsterdam, 14 februari t\/m 21 juni<\/p>\n<p><img alt=\"Wouter Cool, Delfshaven, 1910. \" data-lightbox-highres=\"https:\/\/images.nrc.nl\/P28u0qLbTObx6ccc2kagoCYe3CM=\/1920x\/filters:no_upscale()\/s3\/static.nrc.nl\/wp-content\/uploads\/2026\/01\/12152321\/140126CUL_2027605392_rotterdam04.jpg\" data-lightbox-highres-webp=\"https:\/\/images.nrc.nl\/znazKETAXy4wxSJIxRZ6ZL_djoY=\/1920x\/filters:no_upscale():format(webp)\/s3\/static.nrc.nl\/wp-content\/uploads\/2026\/01\/12152321\/140126CUL_2027605392_rotterdam04.jpg\" data-lightbox-zoom=\"https:\/\/images.nrc.nl\/P28u0qLbTObx6ccc2kagoCYe3CM=\/1920x\/filters:no_upscale()\/s3\/static.nrc.nl\/wp-content\/uploads\/2026\/01\/12152321\/140126CUL_2027605392_rotterdam04.jpg\" data-lightbox-zoom-webp=\"https:\/\/images.nrc.nl\/znazKETAXy4wxSJIxRZ6ZL_djoY=\/1920x\/filters:no_upscale():format(webp)\/s3\/static.nrc.nl\/wp-content\/uploads\/2026\/01\/12152321\/140126CUL_2027605392_rotterdam04.jpg\" data-open-in-lightbox=\"true\" decoding=\"async\" height=\"5850\" loading=\"lazy\" src=\"https:\/\/www.europesays.com\/nl\/wp-content\/uploads\/2026\/01\/140126CUL_2027605392_rotterdam04.jpg\"  width=\"8000\"\/><\/p>\n<p class=\"caption\" id=\"figcaption-8\">Wouter Cool, Delfshaven, 1910. <\/p>\n<p>Foto  Wouter Cool\/Stadsarchief Rotterdam<\/p>\n<p>Zoom in<\/p>\n<p>3. Aandacht voor het verleden <\/p>\n<p>Directeur Birgit Donker werd ontslagen, de opening van de nieuwe locatie in pakhuis Santos in september werd uitgesteld: 2025 was een turbulent jaar voor het Nederlands Fotomuseum. In februari 2026 zullen de deuren dan eindelijk \u00e9cht opengaan. Met de exposities Rotterdam in focus. Fotografie van de stad 1843 \u2013 nu (t\/m 24 mei) en Ontwaken in blauw. Een ode aan cyanotypie is er, ondanks dat er ook hedendaagse toepassingen van deze oude techniek te zien zijn, veel aandacht voor het (lokale) verleden en lijkt de keuze wat behoudend. Toch zijn we razend nieuwsgierig, ook naar het gebouw, de open depotruimtes en restauratieateliers, de nieuwe bibliotheek, het restaurant \u2018met panoramisch uitzicht\u2019, zoals het persbericht belooft. Maar vooral natuurlijk naar de toekomstige koers van dit nationale fotomuseum.<\/p>\n<p>Rotterdam in focus + Ontwaken in blauw,  Nederlands Fotomuseum Rotterdam, 7 februari t\/m 7 juni.<\/p>\n<p>Film<\/p>\n<p><img alt=\"Filmstill uit \u2018Marty Supreme\u2019, met Timoth\u00e9e Chalamet in de hoofdrol. \" data-lightbox-highres=\"https:\/\/images.nrc.nl\/ggaw2TFlnuibw-AwGsk5nWfJIvQ=\/1920x\/filters:no_upscale()\/s3\/static.nrc.nl\/wp-content\/uploads\/2026\/01\/12153656\/140126CUL_2027605392_Martysupreme.jpg\" data-lightbox-highres-webp=\"https:\/\/images.nrc.nl\/U94XL6C4ubtc1wON7rMEF_FTWbE=\/1920x\/filters:no_upscale():format(webp)\/s3\/static.nrc.nl\/wp-content\/uploads\/2026\/01\/12153656\/140126CUL_2027605392_Martysupreme.jpg\" data-lightbox-zoom=\"https:\/\/images.nrc.nl\/ggaw2TFlnuibw-AwGsk5nWfJIvQ=\/1920x\/filters:no_upscale()\/s3\/static.nrc.nl\/wp-content\/uploads\/2026\/01\/12153656\/140126CUL_2027605392_Martysupreme.jpg\" data-lightbox-zoom-webp=\"https:\/\/images.nrc.nl\/U94XL6C4ubtc1wON7rMEF_FTWbE=\/1920x\/filters:no_upscale():format(webp)\/s3\/static.nrc.nl\/wp-content\/uploads\/2026\/01\/12153656\/140126CUL_2027605392_Martysupreme.jpg\" data-open-in-lightbox=\"true\" decoding=\"async\" height=\"1716\" loading=\"lazy\" src=\"https:\/\/www.europesays.com\/nl\/wp-content\/uploads\/2026\/01\/140126CUL_2027605392_Martysupreme.jpg\"  width=\"4087\"\/><\/p>\n<p class=\"caption\" id=\"figcaption-9\">Filmstill uit \u2018Marty Supreme\u2019, met Timoth\u00e9e Chalamet in de hoofdrol. <\/p>\n<p>Zoom in<\/p>\n<p>1. Marty Mauser liegt, bedriegt en steelt<\/p>\n<p>In jaarlijstjes wereldwijd scoorde zwarte tragikomedie Marty Supreme afgelopen jaar  hoog. Dit jaar draait hij eindelijk in Nederland. Timoth\u00e9e Chalamet speelt Marty Mauser, een cartooneske, extreem ambitieuze jongeman in het New York van 1952. Hij werkt in een schoenenwinkel, maar is rotsvast overtuigd dat hem een gouden toekomst wacht in de opkomende sport tafeltennis en liegt, bedriegt en steelt om dat doel te bereiken. Het verhaal is losjes gebaseerd op het leven van tafeltennisser Marty Reisman. Regisseur Josh Safdie, maakte eerder met broer Benny stresssthrillers als Uncut Gems. Benny bracht afgelopen jaar de topzware sportbiopic The Smashing Machine uit over een mixed martial arts-kampioen uit de jaren negentig. Nu komt Josh\u2019 ook met een sportverhaal, al blijkt dat al snel meer te gaan over narcisme, waanzin en wanhoop dan over sport.<\/p>\n<p>Marty Supreme, regie Josh Safdie, vanaf 19 februari.<\/p>\n<p><img alt=\"Sc\u00e8ne uit \u2018Jumpers\u2019.\" data-lightbox-highres=\"https:\/\/images.nrc.nl\/6eOd0BQqP9TJLDte6kIBPTlhp5g=\/1920x\/filters:no_upscale()\/s3\/static.nrc.nl\/wp-content\/uploads\/2026\/01\/12153742\/140126CUL_2027605392_jumpers.jpg\" data-lightbox-highres-webp=\"https:\/\/images.nrc.nl\/tOlUiL5ea1mn3Ni0bPMdDg9T9CY=\/1920x\/filters:no_upscale():format(webp)\/s3\/static.nrc.nl\/wp-content\/uploads\/2026\/01\/12153742\/140126CUL_2027605392_jumpers.jpg\" data-lightbox-zoom=\"https:\/\/images.nrc.nl\/6eOd0BQqP9TJLDte6kIBPTlhp5g=\/1920x\/filters:no_upscale()\/s3\/static.nrc.nl\/wp-content\/uploads\/2026\/01\/12153742\/140126CUL_2027605392_jumpers.jpg\" data-lightbox-zoom-webp=\"https:\/\/images.nrc.nl\/tOlUiL5ea1mn3Ni0bPMdDg9T9CY=\/1920x\/filters:no_upscale():format(webp)\/s3\/static.nrc.nl\/wp-content\/uploads\/2026\/01\/12153742\/140126CUL_2027605392_jumpers.jpg\" data-open-in-lightbox=\"true\" decoding=\"async\" height=\"2162\" loading=\"lazy\" src=\"https:\/\/www.europesays.com\/nl\/wp-content\/uploads\/2026\/01\/140126CUL_2027605392_jumpers.jpg\"  width=\"3996\"\/><\/p>\n<p class=\"caption\" id=\"figcaption-10\">Sc\u00e8ne uit \u2018Jumpers\u2019.<\/p>\n<p>Foto Disney\/PIXAR<\/p>\n<p>Zoom in<\/p>\n<p>2. Wat als je plots met dieren kunt praten?<\/p>\n<p>De nieuwe film van Disney en Pixar speelt in op de fantasie van menig kind: wat als je plots met dieren kunt praten? In Jumpers hebben wetenschappers ontdekt hoe ze de menselijk geest kunnen laten \u2018jumpen\u2019, of verspringen naar een levensecht robotachtig dier. Dierenliefhebber en student wetenschappen Mabel gebruikt de revolutionaire technologie om zichzelf naar het lichaam van een beverrobot te transporteren, waarna ze dieren niet alleen begrijpt, maar hen ook aanzet om een revolutie te beginnen tegen het voortdurende landjepik van de mensheid. \u00c9n ontdekt dat dieren behoorlijk rancuneus kunnen zijn. Dat klinkt als een erg spannend plot voor jonge kijkertjes, maar de eerste gedeelde beelden zijn vooral heerlijk pluizig en vrolijk makend.<\/p>\n<p>Jumpers, regie  Daniel Chong, vanaf 4 maart<\/p>\n<p><img alt=\"Toni Servillo in \u2018La Grazia\u2019. \" data-lightbox-highres=\"https:\/\/images.nrc.nl\/4fN9hXed0EsMTShkCwlQUqCnZZM=\/1920x\/filters:no_upscale()\/s3\/static.nrc.nl\/wp-content\/uploads\/2026\/01\/12172314\/140126CUL_2027605392_lagrazia.jpg\" data-lightbox-highres-webp=\"https:\/\/images.nrc.nl\/loxKqt7qDB29FGvIMYh4lrly0UM=\/1920x\/filters:no_upscale():format(webp)\/s3\/static.nrc.nl\/wp-content\/uploads\/2026\/01\/12172314\/140126CUL_2027605392_lagrazia.jpg\" data-lightbox-zoom=\"https:\/\/images.nrc.nl\/4fN9hXed0EsMTShkCwlQUqCnZZM=\/1920x\/filters:no_upscale()\/s3\/static.nrc.nl\/wp-content\/uploads\/2026\/01\/12172314\/140126CUL_2027605392_lagrazia.jpg\" data-lightbox-zoom-webp=\"https:\/\/images.nrc.nl\/loxKqt7qDB29FGvIMYh4lrly0UM=\/1920x\/filters:no_upscale():format(webp)\/s3\/static.nrc.nl\/wp-content\/uploads\/2026\/01\/12172314\/140126CUL_2027605392_lagrazia.jpg\" data-open-in-lightbox=\"true\" decoding=\"async\" height=\"934\" loading=\"lazy\" src=\"https:\/\/www.europesays.com\/nl\/wp-content\/uploads\/2026\/01\/140126CUL_2027605392_lagrazia.jpg\"  width=\"1400\"\/><\/p>\n<p class=\"caption\" id=\"figcaption-11\">Toni Servillo in \u2018La Grazia\u2019. <\/p>\n<p>Zoom in<\/p>\n<p>3. Door en door Italiaans<\/p>\n<p>Regisseur Paolo Sorrentino (La grande bellezza) is opnieuw in topvorm in deze  door en door Italiaanse film vol geestige personages. Vaste Sorrentino-acteur Toni Servillo speelt een Italiaanse president wiens pensioen nadert. Zijn dochter probeert hem een aantal cruciale dossiers te laten afronden. Maar de melancholische, eeuwig twijfelende en alles uitstellende katholieke president is nog niet klaar om afscheid te nemen van zijn functie en het Quirinaalpaleis. En meer dan in de euthanasiewet die hij zou moeten goedkeuren, is hij ge\u00efnteresseerd in met wie zijn overleden vrouw is vreemdgegaan, veertig jaar geleden.<\/p>\n<p>La Grazia, regie Paolo Sorrentino, vanaf 19 maart.<\/p>\n<p><img alt=\"\u2018The Oddyssey\u2019, met in het midden Matt  Damon als de Griekse held Odysseus. \" data-lightbox-highres=\"https:\/\/images.nrc.nl\/ARL602q_3OguGMV7nQAr_yX4Sqs=\/1920x\/filters:no_upscale()\/s3\/static.nrc.nl\/wp-content\/uploads\/2026\/01\/12180846\/140126CUL_2027605392_universal.jpg\" data-lightbox-highres-webp=\"https:\/\/images.nrc.nl\/MkgWJ72F_xMqgIH4x0kdSe3opps=\/1920x\/filters:no_upscale():format(webp)\/s3\/static.nrc.nl\/wp-content\/uploads\/2026\/01\/12180846\/140126CUL_2027605392_universal.jpg\" data-lightbox-zoom=\"https:\/\/images.nrc.nl\/ARL602q_3OguGMV7nQAr_yX4Sqs=\/1920x\/filters:no_upscale()\/s3\/static.nrc.nl\/wp-content\/uploads\/2026\/01\/12180846\/140126CUL_2027605392_universal.jpg\" data-lightbox-zoom-webp=\"https:\/\/images.nrc.nl\/MkgWJ72F_xMqgIH4x0kdSe3opps=\/1920x\/filters:no_upscale():format(webp)\/s3\/static.nrc.nl\/wp-content\/uploads\/2026\/01\/12180846\/140126CUL_2027605392_universal.jpg\" data-open-in-lightbox=\"true\" decoding=\"async\" height=\"720\" loading=\"lazy\" src=\"https:\/\/www.europesays.com\/nl\/wp-content\/uploads\/2026\/01\/140126CUL_2027605392_universal.jpg\"  width=\"1079\"\/><\/p>\n<p class=\"caption\" id=\"figcaption-12\">\u2018The Oddyssey\u2019, met in het midden Matt  Damon als de Griekse held Odysseus. <\/p>\n<p>foto Universal Pictures<\/p>\n<p>Zoom in<\/p>\n<p>4. Matt Damon als Odysseus<\/p>\n<p>Nadat hij het toekomstige einde van de wereld verfilmde met Oscarwinnaar Oppenheimer, richt regisseur Christopher Nolan zich nu op een mythisch voorverleden met zijn verfilming van Homerus\u2019 Oddyssee. Het wordt niet minder groots. Maandenlang zeulde Nolan zijn speciale IMAX-camera\u2019s rondom en door de Middellandse Zee, naar Schotland, IJsland en de Sahara. Zijn Odysseus is Matt Damon (Interstellar, Oppenheimer, de rest van de cast bestaat uit elke Hollywood-ster die de telefoon opnam \u2013 het zou  nietverbazen als Al Pacino de catering doet. Nolan en cameraman Hoyte van Hoytema verbruikten twee miljoen feet aan filmrol (609 kilometer) voor de film. Er zijn weinig aankomende projecten waar filmnerds zo vaak  over speculeerden het afgelopen jaar.  Wordt dit Batman in de Oudheid? Ontketent Nolan een terugkeer van de zwaarden-en-sandalen-film? En voor de classici onder ons: zijn de kostuums wel van de tijd?<\/p>\n<p>The Oddyssey, regie Christopher Nolan, vanaf 17 juni.<\/p>\n<p><img alt=\"\u2018Mother Mary\u2019, met Michaela Coel (links) en Anne Hathaway.\" data-lightbox-highres=\"https:\/\/images.nrc.nl\/fyC_3b-3K5OVrVHBuu_aV1OZoHI=\/1920x\/filters:no_upscale()\/s3\/static.nrc.nl\/wp-content\/uploads\/2026\/01\/12181245\/140126CUL_2027605392_mothermary.jpg\" data-lightbox-highres-webp=\"https:\/\/images.nrc.nl\/erqDNPz5Z8pOCktJHJdYstnlp9w=\/1920x\/filters:no_upscale():format(webp)\/s3\/static.nrc.nl\/wp-content\/uploads\/2026\/01\/12181245\/140126CUL_2027605392_mothermary.jpg\" data-lightbox-zoom=\"https:\/\/images.nrc.nl\/fyC_3b-3K5OVrVHBuu_aV1OZoHI=\/1920x\/filters:no_upscale()\/s3\/static.nrc.nl\/wp-content\/uploads\/2026\/01\/12181245\/140126CUL_2027605392_mothermary.jpg\" data-lightbox-zoom-webp=\"https:\/\/images.nrc.nl\/erqDNPz5Z8pOCktJHJdYstnlp9w=\/1920x\/filters:no_upscale():format(webp)\/s3\/static.nrc.nl\/wp-content\/uploads\/2026\/01\/12181245\/140126CUL_2027605392_mothermary.jpg\" data-open-in-lightbox=\"true\" decoding=\"async\" height=\"450\" loading=\"lazy\" src=\"https:\/\/www.europesays.com\/nl\/wp-content\/uploads\/2026\/01\/140126CUL_2027605392_mothermary.jpg\"  width=\"800\"\/><\/p>\n<p class=\"caption\" id=\"figcaption-13\">\u2018Mother Mary\u2019, met Michaela Coel (links) en Anne Hathaway.<\/p>\n<p>Foto A24<\/p>\n<p>Zoom in<\/p>\n<p>5. Psychoseksuele popmuziekthriller<\/p>\n<p>Regisseur David Lowery noemt zijn nieuwste film Mother Mary een \u201evreemde, vreemde film\u201d, en als hij het zegt\u2026 Bij Lowery weet je nooit precies wat je kunt verwachten. Hij maakt fantasierijke, bijna mythische verhalen, die weinig met elkaar delen behalve een verstilde, peinzende ondertoon. Een Koning Arthur-verhaal (The Green Knight) over de dood. Een spookverhaal (A Ghost Story), maar zonder angst (tenzij Camus-achtig absurdisme je de stuipen op het lijf jaagt). Mother Mary wordt omschreven als \u2018psychoseksuele popmuziekthriller\u2019, ge\u00efnspireerd door Francis Ford Coppola\u2019s Dracula. Popster Mary herenigt zich met een van haar vervreemde modeontwerpster om een jurk te maken. Verwacht visuele pracht. Verwacht bijbelsymboliek en vurige blikken. Verwacht een popsoundtrack van Charli XCX, FKA Twigs en Jack Antonoff. Verwacht, kortom, de vreemdste maar meest enthousiasmerende film van 2026.<\/p>\n<p>Mother Mary, regie David Lowery, vanaf 24 april.<\/p>\n<p>Series<\/p>\n<p><img alt=\"\u2018Scarpetta\u2019, met Jake Cannavale  (links) als de jonge Pete Marino en Rose McEwen als de jonge Kay Scarpetta. \" data-lightbox-highres=\"https:\/\/images.nrc.nl\/Lwusc5Aj0vbPweYCgusLWRMhljk=\/1920x\/filters:no_upscale()\/s3\/static.nrc.nl\/wp-content\/uploads\/2026\/01\/12181425\/140126CUL_2027605392_scarpetta.jpg\" data-lightbox-highres-webp=\"https:\/\/images.nrc.nl\/GXBsekncmFy7K_uaRn9VuR83-1c=\/1920x\/filters:no_upscale():format(webp)\/s3\/static.nrc.nl\/wp-content\/uploads\/2026\/01\/12181425\/140126CUL_2027605392_scarpetta.jpg\" data-lightbox-zoom=\"https:\/\/images.nrc.nl\/Lwusc5Aj0vbPweYCgusLWRMhljk=\/1920x\/filters:no_upscale()\/s3\/static.nrc.nl\/wp-content\/uploads\/2026\/01\/12181425\/140126CUL_2027605392_scarpetta.jpg\" data-lightbox-zoom-webp=\"https:\/\/images.nrc.nl\/GXBsekncmFy7K_uaRn9VuR83-1c=\/1920x\/filters:no_upscale():format(webp)\/s3\/static.nrc.nl\/wp-content\/uploads\/2026\/01\/12181425\/140126CUL_2027605392_scarpetta.jpg\" data-open-in-lightbox=\"true\" decoding=\"async\" height=\"467\" loading=\"lazy\" src=\"https:\/\/www.europesays.com\/nl\/wp-content\/uploads\/2026\/01\/140126CUL_2027605392_scarpetta.jpg\"  width=\"700\"\/><\/p>\n<p class=\"caption\" id=\"figcaption-14\">\u2018Scarpetta\u2019, met Jake Cannavale  (links) als de jonge Pete Marino en Rose McEwen als de jonge Kay Scarpetta. <\/p>\n<p>foto prime video<\/p>\n<p>Zoom in<\/p>\n<p>1. Nicole Kidman als forensisch patholoog<\/p>\n<p>Nicole Kidman heeft al een tijdje de seriesmaak te pakken met hoofdrollen in grote producties als Big Little Lies, The Perfect Couple en Expats. Ze gaat daar ook in 2026 mee door. Zo speelt ze in de thrillerserie Scarpetta een forensisch patholoog die moorden oplost. Tegelijkertijd probeert ze zo goed mogelijk om te gaan met de gespannen relatie die ze heeft met haar zus, gespeeld door Jamie Lee Curtis (Alien, The Bear). Met Kidman en Curtis heeft Scarpetta twee Oscar-winaars in huis. Gebaseerd op een langlopende boekenreeks van Patricia Cornwell.<\/p>\n<p>Scarpetta, Vanaf 11 maart, Prime Video.<\/p>\n<p><img alt=\"\u2018M\u00e1xima\u2019, met Martijn Lakemeier als Willem-Alexander  en Delfina Chaves als M\u00e1xima   \" data-lightbox-highres=\"https:\/\/images.nrc.nl\/wFr0oTySfQjR7PMeFfMi_5wZwYQ=\/1920x\/filters:no_upscale()\/s3\/static.nrc.nl\/wp-content\/uploads\/2026\/01\/12181734\/140126CUL_2027605392_maxima.jpg\" data-lightbox-highres-webp=\"https:\/\/images.nrc.nl\/AT3J0hDy3dYO9KUfejmaTd8Y2ww=\/1920x\/filters:no_upscale():format(webp)\/s3\/static.nrc.nl\/wp-content\/uploads\/2026\/01\/12181734\/140126CUL_2027605392_maxima.jpg\" data-lightbox-zoom=\"https:\/\/images.nrc.nl\/wFr0oTySfQjR7PMeFfMi_5wZwYQ=\/1920x\/filters:no_upscale()\/s3\/static.nrc.nl\/wp-content\/uploads\/2026\/01\/12181734\/140126CUL_2027605392_maxima.jpg\" data-lightbox-zoom-webp=\"https:\/\/images.nrc.nl\/AT3J0hDy3dYO9KUfejmaTd8Y2ww=\/1920x\/filters:no_upscale():format(webp)\/s3\/static.nrc.nl\/wp-content\/uploads\/2026\/01\/12181734\/140126CUL_2027605392_maxima.jpg\" data-open-in-lightbox=\"true\" decoding=\"async\" height=\"1440\" loading=\"lazy\" src=\"https:\/\/www.europesays.com\/nl\/wp-content\/uploads\/2026\/01\/140126CUL_2027605392_maxima.jpg\"  width=\"1920\"\/><\/p>\n<p class=\"caption\" id=\"figcaption-15\">\u2018M\u00e1xima\u2019, met Martijn Lakemeier als Willem-Alexander  en Delfina Chaves als M\u00e1xima   <\/p>\n<p>foto videoland<\/p>\n<p>Zoom in<\/p>\n<p>2. Het huwelijk van M\u00e1xima en Willem-Alexander<\/p>\n<p>De Argentijnse actrice Delfina Chaves was overtuigend als M\u00e1xima Zorreguieta in het Nederlandse antwoord op The Crown. De tweede reeks volgt M\u00e1xima over een periode van tien jaar: vanaf het huwelijk met Willem-Alexander (Martijn Lakemeier) tot de inhuldiging. Nieuwe spelers in het verhaal zijn onder meer Prins Friso, Prins Constantijn en Mabel. Videoland wijst in persberichten op het internationale succes van de serie: het eerste seizoen van M\u00e1xima was een hit in Latijns-Amerika en is volgens de streamingdienst verkocht aan meer dan zeventig landen.<\/p>\n<p>M\u00e1xima. Seizoen 2. Vanaf 14 maart, Videoland.<\/p>\n<p><img alt=\"Zendaya als Rue Bennett in \u2018Euphoria\u2019.\" data-lightbox-highres=\"https:\/\/images.nrc.nl\/rh6yKE8UG9pvBmeUztcxOgr0dSM=\/1920x\/filters:no_upscale()\/s3\/static.nrc.nl\/wp-content\/uploads\/2026\/01\/12190218\/140126CUL_2027605392_euphoriaseizoen3-1.jpg\" data-lightbox-highres-webp=\"https:\/\/images.nrc.nl\/SU9pBFo8OCBzvOmZyGvTieODM2s=\/1920x\/filters:no_upscale():format(webp)\/s3\/static.nrc.nl\/wp-content\/uploads\/2026\/01\/12190218\/140126CUL_2027605392_euphoriaseizoen3-1.jpg\" data-lightbox-zoom=\"https:\/\/images.nrc.nl\/rh6yKE8UG9pvBmeUztcxOgr0dSM=\/1920x\/filters:no_upscale()\/s3\/static.nrc.nl\/wp-content\/uploads\/2026\/01\/12190218\/140126CUL_2027605392_euphoriaseizoen3-1.jpg\" data-lightbox-zoom-webp=\"https:\/\/images.nrc.nl\/SU9pBFo8OCBzvOmZyGvTieODM2s=\/1920x\/filters:no_upscale():format(webp)\/s3\/static.nrc.nl\/wp-content\/uploads\/2026\/01\/12190218\/140126CUL_2027605392_euphoriaseizoen3-1.jpg\" data-open-in-lightbox=\"true\" decoding=\"async\" height=\"1056\" loading=\"lazy\" src=\"https:\/\/www.europesays.com\/nl\/wp-content\/uploads\/2026\/01\/140126CUL_2027605392_euphoriaseizoen3-1.jpg\"  width=\"1582\"\/><\/p>\n<p class=\"caption\" id=\"figcaption-16\">Zendaya als Rue Bennett in \u2018Euphoria\u2019.<\/p>\n<p>foto HBO<\/p>\n<p>Zoom in<\/p>\n<p>3. Derde seizoen van \u2018Euphoria\u2019 met Rosal\u00eda<\/p>\n<p>Een nieuw seizoen van Euphoria leek een tijdje uitgesloten. Ondanks vele tegenslagen, waaronder verhalen over onenigheid tussen maker Sam Levinson en hoofdrolspeler Zendaya, keert het controversi\u00eble jongerendrama na vier jaar  dan toch terug. Ook de veelbesproken sterren Sydney Sweeney en Jacob Elordi zijn erbij. Levinson maakte met The Idol in 2023 een van de meest <a data-id=\"https:\/\/www.nrc.nl\/nieuws\/2023\/05\/30\/hollywoods-nieuwste-homme-terrible-a4165880\" data-type=\"link\" href=\"https:\/\/www.nrc.nl\/nieuws\/2023\/05\/30\/hollywoods-nieuwste-homme-terrible-a4165880\" rel=\"nofollow noopener\" target=\"_blank\">verguisde<\/a> series van de afgelopen jaren. Met Euphoria 3 moet hij de trein weer op de rails zien te krijgen. Het verhaal maakt een sprong in de tijd van vijf jaar en speelt zich dus niet meer af op een middelbare school. Opvallende toevoeging aan de cast: popsensatie Rosal\u00eda, maker van het <a href=\"https:\/\/www.nrc.nl\/nieuws\/2025\/12\/17\/dit-zijn-de-beste-popalbums-van-2025-a4914329\" rel=\"nofollow noopener\" target=\"_blank\">beste album van 2025<\/a> volgens NRC.<\/p>\n<p>Euphoria. Seizoen 3. Vanaf 13 april. HBO Max.<\/p>\n<p><img alt=\"Ali Wong  als Amy Lau in het eerste seizoen van  \u2018Beef\u2019.\" data-lightbox-highres=\"https:\/\/images.nrc.nl\/xVPyttJMKatzgCeCQ18o8_VBVg0=\/1920x\/filters:no_upscale()\/s3\/static.nrc.nl\/wp-content\/uploads\/2026\/01\/12182921\/140126CUL_2027605392_beef.jpg\" data-lightbox-highres-webp=\"https:\/\/images.nrc.nl\/RHPiOUzt1HylX7ewUE0RwpwJ9Gw=\/1920x\/filters:no_upscale():format(webp)\/s3\/static.nrc.nl\/wp-content\/uploads\/2026\/01\/12182921\/140126CUL_2027605392_beef.jpg\" data-lightbox-zoom=\"https:\/\/images.nrc.nl\/xVPyttJMKatzgCeCQ18o8_VBVg0=\/1920x\/filters:no_upscale()\/s3\/static.nrc.nl\/wp-content\/uploads\/2026\/01\/12182921\/140126CUL_2027605392_beef.jpg\" data-lightbox-zoom-webp=\"https:\/\/images.nrc.nl\/RHPiOUzt1HylX7ewUE0RwpwJ9Gw=\/1920x\/filters:no_upscale():format(webp)\/s3\/static.nrc.nl\/wp-content\/uploads\/2026\/01\/12182921\/140126CUL_2027605392_beef.jpg\" data-open-in-lightbox=\"true\" decoding=\"async\" height=\"2400\" loading=\"lazy\" src=\"https:\/\/www.europesays.com\/nl\/wp-content\/uploads\/2026\/01\/140126CUL_2027605392_beef.jpg\"  width=\"3596\"\/><\/p>\n<p class=\"caption\" id=\"figcaption-17\">Ali Wong  als Amy Lau in het eerste seizoen van  \u2018Beef\u2019.<\/p>\n<p>Foto ANDREW COOPER\/NETFLIX<\/p>\n<p>Zoom in<\/p>\n<p>4. Opnieuw een uit de hand gelopen ruzie<\/p>\n<p>Beef, een tragikomische serie een over een uit de hand gelopen verkeersruzie,\u00a0was <a data-id=\"https:\/\/www.nrc.nl\/nieuws\/2023\/04\/11\/kort-lontje-leidt-tot-lang-conflict-in-netflix-serie-beef-a4161776\" data-type=\"link\" href=\"https:\/\/www.nrc.nl\/nieuws\/2023\/04\/11\/kort-lontje-leidt-tot-lang-conflict-in-netflix-serie-beef-a4161776\" rel=\"nofollow noopener\" target=\"_blank\">in 2023<\/a> een verrassende hit. Het tweede seizoen van bedenker en showrunner Lee Sung Jin gaat ook weer over een incident dat steeds verder escaleert. Verder is het verhaal en de cast helemaal nieuw, met acteerkanonnen Oscar Isaac en Carey Mulligan bovenaan het affiche. Ditmaal begint alles met een heftige ruzie tussen hun baas en zijn vrouw waarvan een jong stel getuige is Rijzende ster Cailee Spaeny noemde dit seizoen tijdens de premi\u00e8re van de nieuwe Knives Out-film \u201enet zo gestoord\u201d als de eerste reeks. <\/p>\n<p>Beef. Seizoen 2. Vanaf 16 april. Netflix.<\/p>\n<p><img alt=\"Florence Pugh speelt Cathy Ames in \u2018East of Eden\u2019. \" data-lightbox-highres=\"https:\/\/images.nrc.nl\/s6NdCloT2UfVMburfmMFG-I79F0=\/1920x\/filters:no_upscale()\/s3\/static.nrc.nl\/wp-content\/uploads\/2026\/01\/12185347\/140126CUL_2027605392_eastofeden.jpg\" data-lightbox-highres-webp=\"https:\/\/images.nrc.nl\/ulItKahxftWdO_H92ew7m7dw1Fg=\/1920x\/filters:no_upscale():format(webp)\/s3\/static.nrc.nl\/wp-content\/uploads\/2026\/01\/12185347\/140126CUL_2027605392_eastofeden.jpg\" data-lightbox-zoom=\"https:\/\/images.nrc.nl\/s6NdCloT2UfVMburfmMFG-I79F0=\/1920x\/filters:no_upscale()\/s3\/static.nrc.nl\/wp-content\/uploads\/2026\/01\/12185347\/140126CUL_2027605392_eastofeden.jpg\" data-lightbox-zoom-webp=\"https:\/\/images.nrc.nl\/ulItKahxftWdO_H92ew7m7dw1Fg=\/1920x\/filters:no_upscale():format(webp)\/s3\/static.nrc.nl\/wp-content\/uploads\/2026\/01\/12185347\/140126CUL_2027605392_eastofeden.jpg\" data-open-in-lightbox=\"true\" decoding=\"async\" height=\"3600\" loading=\"lazy\" src=\"https:\/\/www.europesays.com\/nl\/wp-content\/uploads\/2026\/01\/140126CUL_2027605392_eastofeden.jpg\"  width=\"5202\"\/><\/p>\n<p class=\"caption\" id=\"figcaption-18\">Florence Pugh speelt Cathy Ames in \u2018East of Eden\u2019. <\/p>\n<p>Foto Variety\/ Getty Images<\/p>\n<p>Zoom in<\/p>\n<p>5.  Steinbecks \u2018East of Eden\u2019 in zeven delen<\/p>\n<p>Netflix pakt dit jaar groots uit met een zevendelige verfilming van John Steinbecks klassieker East of Eden\u00a0(1952). De nieuwe bewerking van het verhaal is van Zoe Kazan, kleindochter van de regisseur Elia Kazan. Hij maakte in 1955 de verfilming waarin James Dean de hoofdrol speelde. De nieuwe versie wordt verteld vanuit het perspectief van Cathy Ames, gespeeld door Florence Pugh.<\/p>\n<p>East of Eden. Datum nog niet bekend. Netflix.<\/p>\n<p>Pop &amp; jazz<\/p>\n<p><img alt=\"Ibrahim Maalouf tijdens het Carthage International Festival.\" data-lightbox-highres=\"https:\/\/images.nrc.nl\/8ckLZBwGu3mtBG2smyS_nGPLPJk=\/1920x\/filters:no_upscale()\/s3\/static.nrc.nl\/wp-content\/uploads\/2026\/01\/12184547\/140126CUL_2027605392_maalouf.jpg\" data-lightbox-highres-webp=\"https:\/\/images.nrc.nl\/yMk9XCTD5ZQSLZ3V2lAftWPm94c=\/1920x\/filters:no_upscale():format(webp)\/s3\/static.nrc.nl\/wp-content\/uploads\/2026\/01\/12184547\/140126CUL_2027605392_maalouf.jpg\" data-lightbox-zoom=\"https:\/\/images.nrc.nl\/8ckLZBwGu3mtBG2smyS_nGPLPJk=\/1920x\/filters:no_upscale()\/s3\/static.nrc.nl\/wp-content\/uploads\/2026\/01\/12184547\/140126CUL_2027605392_maalouf.jpg\" data-lightbox-zoom-webp=\"https:\/\/images.nrc.nl\/yMk9XCTD5ZQSLZ3V2lAftWPm94c=\/1920x\/filters:no_upscale():format(webp)\/s3\/static.nrc.nl\/wp-content\/uploads\/2026\/01\/12184547\/140126CUL_2027605392_maalouf.jpg\" data-open-in-lightbox=\"true\" decoding=\"async\" height=\"2417\" loading=\"lazy\" src=\"https:\/\/www.europesays.com\/nl\/wp-content\/uploads\/2026\/01\/140126CUL_2027605392_maalouf.jpg\"  width=\"3339\"\/><\/p>\n<p class=\"caption\" id=\"figcaption-19\">Ibrahim Maalouf tijdens het Carthage International Festival.<\/p>\n<p>Foto MOHAMED MESSARA\/ EPA\/ANP<\/p>\n<p>Zoom in<\/p>\n<p>1. Ode aan de trompet<\/p>\n<p>De Frans-Libanese trompettist Ibrahim Maalouf draait zijn hand niet om voor onbedaarlijke feestelijkheid: met zijn vinger steevast op het extra ventiel van de kwarttoon-trompet die zijn vader ontwikkelde, ontketent hij zinderende, mystieke shows. Zijn nieuwe tournee Trumpets of Michel-Ange is ook weer een uitbundige ode aan de trompet. In het bijzonder aan het instrument van zijn vader Nassim Maalouf, grondlegger van de kwarttoon-trompet. Oosterse melodie\u00ebn, jazz, folk, klassiek en vrije improvisatie versmelten tot een rijke, meeslepende klankwereld vol vuur.<\/p>\n<p>Ibrahim Maalouf live, 6 en 7 april, Carr\u00e9, Amsterdam.<\/p>\n<p><img alt=\"Eric Clapton in de Royal Albert Hall in 2022 in Londen.\" data-lightbox-highres=\"https:\/\/images.nrc.nl\/7q3QSfB0w7fHwKYjnr3EqRU5AJE=\/1920x\/filters:no_upscale()\/s3\/static.nrc.nl\/wp-content\/uploads\/2026\/01\/12184451\/140126CUL_2027605392_clapton.jpg\" data-lightbox-highres-webp=\"https:\/\/images.nrc.nl\/BGr0c25icN-cN5ExZv7v54oM1D8=\/1920x\/filters:no_upscale():format(webp)\/s3\/static.nrc.nl\/wp-content\/uploads\/2026\/01\/12184451\/140126CUL_2027605392_clapton.jpg\" data-lightbox-zoom=\"https:\/\/images.nrc.nl\/7q3QSfB0w7fHwKYjnr3EqRU5AJE=\/1920x\/filters:no_upscale()\/s3\/static.nrc.nl\/wp-content\/uploads\/2026\/01\/12184451\/140126CUL_2027605392_clapton.jpg\" data-lightbox-zoom-webp=\"https:\/\/images.nrc.nl\/BGr0c25icN-cN5ExZv7v54oM1D8=\/1920x\/filters:no_upscale():format(webp)\/s3\/static.nrc.nl\/wp-content\/uploads\/2026\/01\/12184451\/140126CUL_2027605392_clapton.jpg\" data-open-in-lightbox=\"true\" decoding=\"async\" height=\"3200\" loading=\"lazy\" src=\"https:\/\/www.europesays.com\/nl\/wp-content\/uploads\/2026\/01\/140126CUL_2027605392_clapton.jpg\"  width=\"4029\"\/><\/p>\n<p class=\"caption\" id=\"figcaption-20\">Eric Clapton in de Royal Albert Hall in 2022 in Londen.<\/p>\n<p>Foto Harry Herd\/Redferns\/Getty Images<\/p>\n<p>Zoom in<\/p>\n<p>2. Eric Clapton: 80 jaar en 22 albums<\/p>\n<p>Gitarist\/zanger Eric Clapton mag inmiddels tachtig jaar zijn, muziek staat nog altijd centraal in zijn leven. Met zijn 22ste soloalbum Meanwhile leverde hij in 2024 zijn eerste studioplaat in acht jaar af. Daarop onder meer een duet met Jeff Beck, met wie hij de Mancini-klassieker \u2018Moon River\u2019 interpreteert. Die is zacht en wollig, maar bijzonder \u2013 het waren Becks laatste gitaaropnames voor zijn overlijden in 2023. Waar Clapton ooit het gitaargeluid van rock en blues herdefinieerde met Cream en Derek and the Dominos, draaien recenter werk en zijn optredens minder om virtuositeit. Thematisch blijft Clapton trouw aan zijn kern: blues, gospel en rootsmuziek, met teksten over verlies, geloof en morele twijfel. Jett Rebel is gevraagd als voorprogramma voor de show in de Ziggo Dome.<\/p>\n<p>Eric Clapton live, 24 april, Ziggo Dome, Amsterdam.<\/p>\n<p><img alt=\"Olivia Dean in 2025 tijdens het Hot 99.5\u2032 Jingle Ball in Washington DC. \" data-lightbox-highres=\"https:\/\/images.nrc.nl\/SZt4Zo_Mj4mRo4XMoC25lhCWDtI=\/1920x\/filters:no_upscale()\/s3\/static.nrc.nl\/wp-content\/uploads\/2026\/01\/12184549\/140126CUL_2027605392_dean.jpg\" data-lightbox-highres-webp=\"https:\/\/images.nrc.nl\/Zgdnb0-2gncoC40m3ntzNsawr5M=\/1920x\/filters:no_upscale():format(webp)\/s3\/static.nrc.nl\/wp-content\/uploads\/2026\/01\/12184549\/140126CUL_2027605392_dean.jpg\" data-lightbox-zoom=\"https:\/\/images.nrc.nl\/SZt4Zo_Mj4mRo4XMoC25lhCWDtI=\/1920x\/filters:no_upscale()\/s3\/static.nrc.nl\/wp-content\/uploads\/2026\/01\/12184549\/140126CUL_2027605392_dean.jpg\" data-lightbox-zoom-webp=\"https:\/\/images.nrc.nl\/Zgdnb0-2gncoC40m3ntzNsawr5M=\/1920x\/filters:no_upscale():format(webp)\/s3\/static.nrc.nl\/wp-content\/uploads\/2026\/01\/12184549\/140126CUL_2027605392_dean.jpg\" data-open-in-lightbox=\"true\" decoding=\"async\" height=\"3395\" loading=\"lazy\" src=\"https:\/\/www.europesays.com\/nl\/wp-content\/uploads\/2026\/01\/140126CUL_2027605392_dean.jpg\"  width=\"5086\"\/><\/p>\n<p class=\"caption\" id=\"figcaption-21\">Olivia Dean in 2025 tijdens het Hot 99.5\u2032 Jingle Ball in Washington DC. <\/p>\n<p>Foto Shannon Finney\/Getty Images<\/p>\n<p>Zoom in<\/p>\n<p>3. Twijfel, verlangen en zelfreflectie<\/p>\n<p>Olivia Dean heeft zich de afgelopen jaren ontwikkeld tot een van de meest verfijnde stemmen uit het hedendaagse Britse pop- en soulcircuit. Een belangrijk kantelpunt: social media, waar een van haar nummers onverwacht een eigen leven ging leiden. Haar muziek beweegt zich soepel tussen neo-soul, pop en R&amp;B, met hoorbare wortels in klassieke soul en jazz. Wat haar onderscheidt, is de manier waarop ze twijfel, verlangen, zelfreflectie omzet in liedjes die tegelijk intiem en groots aanvoelen. Benieuwd hoe ze dat aanpakt in de grote Ziggo Dome.<\/p>\n<p>Olivia Dean live, 9 en 14 mei Ziggo Dome, Amsterdam.<\/p>\n<p><img alt=\"FKA Twigs op het Montreux Jazz Festival op 13 juli 2025. \" data-lightbox-highres=\"https:\/\/images.nrc.nl\/d2KJVeSWGnrid--Fh4BL1oGrD8g=\/1920x\/filters:no_upscale()\/s3\/static.nrc.nl\/wp-content\/uploads\/2026\/01\/12185246\/140126CUL_2027605392_twigsfka.jpg\" data-lightbox-highres-webp=\"https:\/\/images.nrc.nl\/LPu834xx6ktBiD9ii_MrHubjQ6c=\/1920x\/filters:no_upscale():format(webp)\/s3\/static.nrc.nl\/wp-content\/uploads\/2026\/01\/12185246\/140126CUL_2027605392_twigsfka.jpg\" data-lightbox-zoom=\"https:\/\/images.nrc.nl\/d2KJVeSWGnrid--Fh4BL1oGrD8g=\/1920x\/filters:no_upscale()\/s3\/static.nrc.nl\/wp-content\/uploads\/2026\/01\/12185246\/140126CUL_2027605392_twigsfka.jpg\" data-lightbox-zoom-webp=\"https:\/\/images.nrc.nl\/LPu834xx6ktBiD9ii_MrHubjQ6c=\/1920x\/filters:no_upscale():format(webp)\/s3\/static.nrc.nl\/wp-content\/uploads\/2026\/01\/12185246\/140126CUL_2027605392_twigsfka.jpg\" data-open-in-lightbox=\"true\" decoding=\"async\" height=\"1955\" loading=\"lazy\" src=\"https:\/\/www.europesays.com\/nl\/wp-content\/uploads\/2026\/01\/140126CUL_2027605392_twigsfka.jpg\"  width=\"2931\"\/><\/p>\n<p class=\"caption\" id=\"figcaption-22\">FKA Twigs op het Montreux Jazz Festival op 13 juli 2025. <\/p>\n<p>Foto CYRIL ZINGARO\/EPA\/ANP<\/p>\n<p>Zoom in<\/p>\n<p>4. FKA twigs: je bl\u00edjft naar haar kijken<\/p>\n<p>FKA twigs opereert in een geheel eigen artistiek universum, waarin muziek, dans en beeldende kunst naadloos in elkaar overvloeien. Ze verwierf internationale erkenning met haar grensverleggende benadering van R&amp;B, elektronica en avant-pop, maar onderscheidt zich vooral door de intensiteit en fysieke zeggingskracht van haar optredens. Je bl\u00edjft naar haar kijken. Met het recente album EUSEXUA Afterglow onderstreept ze opnieuw haar reputatie als een van de meest vernieuwende artiesten van haar generatie. <\/p>\n<p>FKA twigs live, 6 juni, Ziggo Dome, Amsterdam.<\/p>\n<p><img alt=\"Gorillaz  tijdens het Pulse of Gaia Festival in Madrid op 20 september 2025. \" data-lightbox-highres=\"https:\/\/images.nrc.nl\/DNLG78jyjRH35wc9n4a2P3gQaH4=\/1920x\/filters:no_upscale()\/s3\/static.nrc.nl\/wp-content\/uploads\/2026\/01\/12184418\/140126CUL_2027605392_gorillaz.jpg\" data-lightbox-highres-webp=\"https:\/\/images.nrc.nl\/IEvYeJMXbUfjwx0AFqN1y8kz0Ks=\/1920x\/filters:no_upscale():format(webp)\/s3\/static.nrc.nl\/wp-content\/uploads\/2026\/01\/12184418\/140126CUL_2027605392_gorillaz.jpg\" data-lightbox-zoom=\"https:\/\/images.nrc.nl\/DNLG78jyjRH35wc9n4a2P3gQaH4=\/1920x\/filters:no_upscale()\/s3\/static.nrc.nl\/wp-content\/uploads\/2026\/01\/12184418\/140126CUL_2027605392_gorillaz.jpg\" data-lightbox-zoom-webp=\"https:\/\/images.nrc.nl\/IEvYeJMXbUfjwx0AFqN1y8kz0Ks=\/1920x\/filters:no_upscale():format(webp)\/s3\/static.nrc.nl\/wp-content\/uploads\/2026\/01\/12184418\/140126CUL_2027605392_gorillaz.jpg\" data-open-in-lightbox=\"true\" decoding=\"async\" height=\"2667\" loading=\"lazy\" src=\"https:\/\/www.europesays.com\/nl\/wp-content\/uploads\/2026\/01\/140126CUL_2027605392_gorillaz.jpg\"  width=\"3995\"\/><\/p>\n<p class=\"caption\" id=\"figcaption-23\">Gorillaz  tijdens het Pulse of Gaia Festival in Madrid op 20 september 2025. <\/p>\n<p>Foto A. Perez Meca\/Europa Press\/Getty Images<\/p>\n<p>Zoom in<\/p>\n<p>5. Muziek zonder grenzen van de Gorillaz<\/p>\n<p>De nieuwe plaat van de Gorillaz, de alweer 25 jaar geleden virtueel opgezette band van Damon Albarn (bekend van zijn vroegere band Blur),  belooft een spirituele reis te zijn \u2018tussen dit leven en wat daarna komt\u2019. De cartoonband staat dit jaar in elk geval op scherp met de komst van hun zelf uitgebrachte negende studioalbum The Mountain. Ambitieus presenteren Albarn en animator Jamie Hewlett muziek zonder geografische of stilistische grenzen, in vijf talen, met legio gastartiesten, opgenomen op uiteenlopende locaties, van Londen tot India en het Midden-Oosten. De mix van elektronica, rock, hiphop en wereldmuziek komt in maart uit. Live zijn de Gorillaz dit jaar een van de hoofdacts van het Best Kept Secret festival.<\/p>\n<p>Album Gorillaz: The Mountain 20\/3. <br \/>Gorillaz live: 12-14 juni Best Kept Secret, Hilvarenbeek.<\/p>\n<p>Klassiek<\/p>\n<p><img alt=\"Campagnebeeld opera \u2018Theory of Flames\u2019 van Michel van der Aa. \" data-lightbox-highres=\"https:\/\/images.nrc.nl\/E3OStL_HXL9iEnyBHsRABm1T_40=\/1920x\/filters:no_upscale()\/s3\/static.nrc.nl\/wp-content\/uploads\/2026\/01\/12193010\/140126CUL_2027605392_Klassiek_TheoryOfFlames.jpg\" data-lightbox-highres-webp=\"https:\/\/images.nrc.nl\/ipoHv5SU7-NmSRafhbNeZ2F07co=\/1920x\/filters:no_upscale():format(webp)\/s3\/static.nrc.nl\/wp-content\/uploads\/2026\/01\/12193010\/140126CUL_2027605392_Klassiek_TheoryOfFlames.jpg\" data-lightbox-zoom=\"https:\/\/images.nrc.nl\/E3OStL_HXL9iEnyBHsRABm1T_40=\/1920x\/filters:no_upscale()\/s3\/static.nrc.nl\/wp-content\/uploads\/2026\/01\/12193010\/140126CUL_2027605392_Klassiek_TheoryOfFlames.jpg\" data-lightbox-zoom-webp=\"https:\/\/images.nrc.nl\/ipoHv5SU7-NmSRafhbNeZ2F07co=\/1920x\/filters:no_upscale():format(webp)\/s3\/static.nrc.nl\/wp-content\/uploads\/2026\/01\/12193010\/140126CUL_2027605392_Klassiek_TheoryOfFlames.jpg\" data-open-in-lightbox=\"true\" decoding=\"async\" height=\"511\" loading=\"lazy\" src=\"https:\/\/www.europesays.com\/nl\/wp-content\/uploads\/2026\/01\/140126CUL_2027605392_Klassiek_TheoryOfFlames.jpg\"  width=\"721\"\/><\/p>\n<p class=\"caption\" id=\"figcaption-24\">Campagnebeeld opera \u2018Theory of Flames\u2019 van Michel van der Aa. <\/p>\n<p>Foto Hugo Thomassen<\/p>\n<p>Zoom in<\/p>\n<p>1. Filmopera over desinformatie en complotten<\/p>\n<p>De Nederlandse multimediaoperacomponist (om maar eens een term te gebruiken die de lading gevoelsmatig voor nog geen 10 procent dekt) won <a href=\"https:\/\/www.nrc.nl\/nieuws\/2025\/05\/26\/michel-van-der-aa-bracht-zn-vr-opera-naar-cannes-en-won-tien-minuten-later-staan-we-giechelend-op-de-boulevard-a4894688\" rel=\"nofollow noopener\" target=\"_blank\">vorig jaar in Cannes<\/a> nog de Exp\u00e9rience Immersive award voor zijn VR-opera From Dust. In het Opera Forward Festival in maart is zijn nieuwste werk te zien: de filmopera Theory of Flames, over desinformatie en complottheorie\u00ebn. De hoofdpersoon raakt \u2018verstrikt in een web van alternatieve feiten, terwijl haar geliefden machteloos toekijken.\u2019 Met onder anderen  Julia Bullock op film.<\/p>\n<p>Theory of Flames, van Michel van der Aa, De Nationale Opera Amsterdam, 6 t\/m 22 maart. Info: <a href=\"https:\/\/www.operaballet.nl\/de-nationale-opera\/2025-2026\/theory-of-flames?_gl=1*1kepo07*_up*MQ..*_ga*MTUzNDQ1ODU4NC4xNzY2NjAyMzU0*_ga_123456789*czE3NjY2MDIzNTIkbzEkZzAkdDE3NjY2MDIzOTQkajE4JGwwJGg4OTE2MDc4NDU.\" rel=\"nofollow noopener\" target=\"_blank\">dno.nl<\/a><\/p>\n<p>2. Hoe klinkt M\u00e4kel\u00e4\u2019s Matth\u00e4us-Passion?<\/p>\n<p><img alt=\"Klaus M\u00e4kel\u00e4 dirigeert het Royal Concertgebouw Orchestra tijdens het Enescu Festival 2025 in Boekarest. \" data-lightbox-highres=\"https:\/\/images.nrc.nl\/LakWGYBLKAKvX_vQzmjbU4VRqsc=\/1920x\/filters:no_upscale()\/s3\/static.nrc.nl\/wp-content\/uploads\/2026\/01\/14095655\/140126CUL_2027605392_makela.jpg\" data-lightbox-highres-webp=\"https:\/\/images.nrc.nl\/yr4omkKBzUGIhBwXXvpyV70xLjc=\/1920x\/filters:no_upscale():format(webp)\/s3\/static.nrc.nl\/wp-content\/uploads\/2026\/01\/14095655\/140126CUL_2027605392_makela.jpg\" data-lightbox-zoom=\"https:\/\/images.nrc.nl\/LakWGYBLKAKvX_vQzmjbU4VRqsc=\/1920x\/filters:no_upscale()\/s3\/static.nrc.nl\/wp-content\/uploads\/2026\/01\/14095655\/140126CUL_2027605392_makela.jpg\" data-lightbox-zoom-webp=\"https:\/\/images.nrc.nl\/yr4omkKBzUGIhBwXXvpyV70xLjc=\/1920x\/filters:no_upscale():format(webp)\/s3\/static.nrc.nl\/wp-content\/uploads\/2026\/01\/14095655\/140126CUL_2027605392_makela.jpg\" data-open-in-lightbox=\"true\" decoding=\"async\" height=\"2197\" loading=\"lazy\" src=\"https:\/\/www.europesays.com\/nl\/wp-content\/uploads\/2026\/01\/140126CUL_2027605392_makela.jpg\"  width=\"3703\"\/><\/p>\n<p class=\"caption\" id=\"figcaption-25\">Klaus M\u00e4kel\u00e4 dirigeert het Royal Concertgebouw Orchestra tijdens het Enescu Festival 2025 in Boekarest. <\/p>\n<p>Foto ROBERT GHEMENT \/ EPA<\/p>\n<p>Zoom in<\/p>\n<p>De eerste vuurdoop, Mahler dirigeren in Nederland, heeft de aanstaande chef van het Concertgebouworkest Klaus M\u00e4kel\u00e4 al met behoorlijk succes achter de rug. Maar als dirigent in Nederland moet je eigenlijk twee vuurdopen ondergaan om de harten echt te winnen: je moet laten zien dat je precies zo van de Matth\u00e4us-Passion houdt als de Nederlandse traditie voorschrijft. In maart kunnen we dat horen, als hij het Concertgebouw en het Nederlands Kamerkoor dirigeert.<\/p>\n<p>Concertgebouworkest o.l.v. Klaus M\u00e4kel\u00e4, Matth\u00e4us-Passion, 27 en 29 maart (Amsterdam), 30 maart (Baden-Baden). Info: <a href=\"https:\/\/www.concertgebouworkest.nl\/nl\/agenda\/klaus-makela-dirigeert-de-matthaus-passion-2026-03-27\/\" rel=\"nofollow noopener\" target=\"_blank\">kco.nl<\/a><\/p>\n<p><img alt=\"Campagnebeeld To Die For [A Comedy].\" data-lightbox-highres=\"https:\/\/images.nrc.nl\/cI7TdBXHmO4HBADp9DFp0rY1qu4=\/1920x\/filters:no_upscale()\/s3\/static.nrc.nl\/wp-content\/uploads\/2026\/01\/13132641\/140126CUL_2027605392_todiefor.jpg\" data-lightbox-highres-webp=\"https:\/\/images.nrc.nl\/mZRk7e6V7j53omU_HqN3dTPe3-Y=\/1920x\/filters:no_upscale():format(webp)\/s3\/static.nrc.nl\/wp-content\/uploads\/2026\/01\/13132641\/140126CUL_2027605392_todiefor.jpg\" data-lightbox-zoom=\"https:\/\/images.nrc.nl\/cI7TdBXHmO4HBADp9DFp0rY1qu4=\/1920x\/filters:no_upscale()\/s3\/static.nrc.nl\/wp-content\/uploads\/2026\/01\/13132641\/140126CUL_2027605392_todiefor.jpg\" data-lightbox-zoom-webp=\"https:\/\/images.nrc.nl\/mZRk7e6V7j53omU_HqN3dTPe3-Y=\/1920x\/filters:no_upscale():format(webp)\/s3\/static.nrc.nl\/wp-content\/uploads\/2026\/01\/13132641\/140126CUL_2027605392_todiefor.jpg\" data-open-in-lightbox=\"true\" decoding=\"async\" height=\"1500\" loading=\"lazy\" src=\"https:\/\/www.europesays.com\/nl\/wp-content\/uploads\/2026\/01\/140126CUL_2027605392_todiefor.jpg\"  width=\"2665\"\/><\/p>\n<p class=\"caption\" id=\"figcaption-26\">Campagnebeeld To Die For [A Comedy].<\/p>\n<p>Zoom in<\/p>\n<p>3. Zelfmoordwens als publiekelijk spel<\/p>\n<p>De Brits-Russische Elena Langer componeerde een opera voor het Stanislavski-Nemirovich-Danchenko-theater in Rusland, maar die werd geweigerd omdat die \u2018niet patriottistisch genoeg\u2019 zou zijn. Nu gaat de opera alsnog in wereldpremi\u00e8re bij de Nederlandse Reisopera. Het verhaal is oorspronkelijk van toneelschrijver Nikolaj Erdman (De zelfmoordenaar, 1928, ook al verboden door Stalin): hoofdpersonage Semyon Podsekayev wil zelfmoord plegen, maar meerdere mensen blijken dat te willen gebruiken voor hun eigen ideologie en financieel gewin. Als een tv-presentator Podsekayev zelfs voor zijn realityprogramma wil gebruiken, wordt zijn zelfmoordwens een \u2018publiekelijk spel\u2019.<\/p>\n<p>To Die For [A Comedy] van Elena Langer bij de Nederlandse Reisopera, 11 t\/m 30 april. Tournee door Nederland. Info: <a href=\"https:\/\/reisopera.nl\/programma\/to-die-for-a-comedy?tab=tour\" rel=\"nofollow noopener\" target=\"_blank\">reisopera.nl<\/a> <\/p>\n<p><img alt=\"De Nationale Opera brengt dit voorjaar \u2018Die Passagierin\u2019. \" data-lightbox-highres=\"https:\/\/images.nrc.nl\/WJkHcQOrIE6_NLg_YE0T3Z1HDQc=\/1920x\/filters:no_upscale()\/s3\/static.nrc.nl\/wp-content\/uploads\/2026\/01\/12200642\/140126CUL_2027605392_Klassiek_DiePassagierin.jpg\" data-lightbox-highres-webp=\"https:\/\/images.nrc.nl\/r7GiT1m4qvgbluRUEQSADrL7GSA=\/1920x\/filters:no_upscale():format(webp)\/s3\/static.nrc.nl\/wp-content\/uploads\/2026\/01\/12200642\/140126CUL_2027605392_Klassiek_DiePassagierin.jpg\" data-lightbox-zoom=\"https:\/\/images.nrc.nl\/WJkHcQOrIE6_NLg_YE0T3Z1HDQc=\/1920x\/filters:no_upscale()\/s3\/static.nrc.nl\/wp-content\/uploads\/2026\/01\/12200642\/140126CUL_2027605392_Klassiek_DiePassagierin.jpg\" data-lightbox-zoom-webp=\"https:\/\/images.nrc.nl\/r7GiT1m4qvgbluRUEQSADrL7GSA=\/1920x\/filters:no_upscale():format(webp)\/s3\/static.nrc.nl\/wp-content\/uploads\/2026\/01\/12200642\/140126CUL_2027605392_Klassiek_DiePassagierin.jpg\" data-open-in-lightbox=\"true\" decoding=\"async\" height=\"511\" loading=\"lazy\" src=\"https:\/\/www.europesays.com\/nl\/wp-content\/uploads\/2026\/01\/140126CUL_2027605392_Klassiek_DiePassagierin.jpg\"  width=\"721\"\/><\/p>\n<p class=\"caption\" id=\"figcaption-27\">De Nationale Opera brengt dit voorjaar \u2018Die Passagierin\u2019. <\/p>\n<p>Foto Hugo Thomassen<\/p>\n<p>Zoom in<\/p>\n<p>4. Opera over  voormalig Auschwitz-kampbewaarder<\/p>\n<p>De verwachtingen van Die Passagierin bij De Nationale Opera zijn hoog, want het Duitse <a href=\"https:\/\/www.dfv.de\/ueber-uns\/presse\/pressemitteilungen-103\" rel=\"nofollow noopener\" target=\"_blank\">Opernwelt<\/a> riep deze productie in 2024 uit tot een van de vijf \u2018producties van het jaar\u2019. Mieczys\u0142aw Weinberg was een Poolse Jood die in 1939 naar Rusland vluchtte. Hij ontvluchtte antisemitisme, maar vond het in de Sovjet-Unie na de Tweede Wereldoorlog evenzeer. Zijn opera Die Passagierin (geschreven in 1968, maar voor het eerst uitgevoerd in 2006) is gebaseerd op een autobiografische verhaal van concentratiekampoverlever Zofia Posmysz, een van de eerste romans geschreven vanuit het perspectief van een dader van de Holocaust. Op een schip naar Brazili\u00eb herkent een voormalige Auschwitz-kampbewaarder een vroegere gevangene. Een verhaal over herbeleving en weggestopte schuld.<\/p>\n<p>Die Passagierin van Mieczys\u0142aw Weinberg bij De Nationale Opera, 17 april t\/m 2 mei. De Nationale Opera, Amsterdam. Info: <a href=\"https:\/\/www.operaballet.nl\/de-nationale-opera\/2025-2026\/die-passagierin\" rel=\"nofollow noopener\" target=\"_blank\">dno.nl<\/a><\/p>\n<p><img alt=\" Lahav Shani dirigeert  het Rotterdams Philharmonisch Orkest, september 2025. \" data-lightbox-highres=\"https:\/\/images.nrc.nl\/5VRgaCEvDljoFC_ZpCxQMb2OIQk=\/1920x\/filters:no_upscale()\/s3\/static.nrc.nl\/wp-content\/uploads\/2026\/01\/12201743\/140126CUL_2027605392_Klassiek_Shani.jpg\" data-lightbox-highres-webp=\"https:\/\/images.nrc.nl\/lv3iaH3NvL8Mzsd5usQ_vJckxos=\/1920x\/filters:no_upscale():format(webp)\/s3\/static.nrc.nl\/wp-content\/uploads\/2026\/01\/12201743\/140126CUL_2027605392_Klassiek_Shani.jpg\" data-lightbox-zoom=\"https:\/\/images.nrc.nl\/5VRgaCEvDljoFC_ZpCxQMb2OIQk=\/1920x\/filters:no_upscale()\/s3\/static.nrc.nl\/wp-content\/uploads\/2026\/01\/12201743\/140126CUL_2027605392_Klassiek_Shani.jpg\" data-lightbox-zoom-webp=\"https:\/\/images.nrc.nl\/lv3iaH3NvL8Mzsd5usQ_vJckxos=\/1920x\/filters:no_upscale():format(webp)\/s3\/static.nrc.nl\/wp-content\/uploads\/2026\/01\/12201743\/140126CUL_2027605392_Klassiek_Shani.jpg\" data-open-in-lightbox=\"true\" decoding=\"async\" height=\"3030\" loading=\"lazy\" src=\"https:\/\/www.europesays.com\/nl\/wp-content\/uploads\/2026\/01\/140126CUL_2027605392_Klassiek_Shani.jpg\"  width=\"5015\"\/><\/p>\n<p class=\"caption\" id=\"figcaption-28\"> Lahav Shani dirigeert  het Rotterdams Philharmonisch Orkest, september 2025. <\/p>\n<p>Foto ROBERT GHEMENT\/EPA<\/p>\n<p>Zoom in<\/p>\n<p>5. Afscheid van Lahav Shani in Rotterdam<\/p>\n<p>Na bijna acht behoorlijk succesvolle jaren moet het Rotterdams Philharmonisch Orkest, Rotterdam en eigenlijk heel Nederland afscheid nemen van chef-dirigent Lahav Shani. W\u00e9\u00e9r bracht het Rotterdams een talentvol dirigent groot. Shani gaat <a href=\"https:\/\/www.nrc.nl\/nieuws\/2023\/01\/28\/lahav-shani-stopt-als-chef-dirigent-in-rotterdam-en-stapt-over-naar-munchen-a4155608\" rel=\"nofollow noopener\" target=\"_blank\">vanaf september<\/a> vast voor de M\u00fcnchner Philharmoniker staan. In mei neemt hij afscheid met een concert waarin onder andere een wereldpremi\u00e8re klinkt van de jonge pianist Tsotne Zedginidze (2009), maar ook de Ouverture Cyrano de Bergerac van Johan Wagenaar en de concertaria Ch\u2019io mi scordi di te? (Zal ik je vergeten?) Vast niet. Oud-chefs komen geregeld en graag terug naar Rotterdam. Shani vast ook.<\/p>\n<p>De laatste concerten van Lahav Shani als chef-dirigent bij het Rotterdams Philharmonisch Orkest, 29, 30 en 31 mei. Rotterdam en Amsterdam. Info: <a href=\"https:\/\/www.rotterdamsphilharmonisch.nl\/agenda\/lahavs-afscheid\" rel=\"nofollow noopener\" target=\"_blank\">rpho.nl<\/a><\/p>\n<p>Theater<\/p>\n<p><img alt=\"Selin Akkulak tijdens de repetities van \u2018Moeder van Europa\u2019.\" data-lightbox-highres=\"https:\/\/images.nrc.nl\/DELPYx02DyNBCI7L8ejkHe7TscI=\/1920x\/filters:no_upscale()\/s3\/static.nrc.nl\/wp-content\/uploads\/2026\/01\/12191713\/140126CUL_2027605392_orkater.jpg\" data-lightbox-highres-webp=\"https:\/\/images.nrc.nl\/GGT5TNXS_9Sne39I6qrvQHvnAE8=\/1920x\/filters:no_upscale():format(webp)\/s3\/static.nrc.nl\/wp-content\/uploads\/2026\/01\/12191713\/140126CUL_2027605392_orkater.jpg\" data-lightbox-zoom=\"https:\/\/images.nrc.nl\/DELPYx02DyNBCI7L8ejkHe7TscI=\/1920x\/filters:no_upscale()\/s3\/static.nrc.nl\/wp-content\/uploads\/2026\/01\/12191713\/140126CUL_2027605392_orkater.jpg\" data-lightbox-zoom-webp=\"https:\/\/images.nrc.nl\/GGT5TNXS_9Sne39I6qrvQHvnAE8=\/1920x\/filters:no_upscale():format(webp)\/s3\/static.nrc.nl\/wp-content\/uploads\/2026\/01\/12191713\/140126CUL_2027605392_orkater.jpg\" data-open-in-lightbox=\"true\" decoding=\"async\" height=\"4672\" loading=\"lazy\" src=\"https:\/\/www.europesays.com\/nl\/wp-content\/uploads\/2026\/01\/140126CUL_2027605392_orkater.jpg\"  width=\"7001\"\/><\/p>\n<p class=\"caption\" id=\"figcaption-29\">Selin Akkulak tijdens de repetities van \u2018Moeder van Europa\u2019.<\/p>\n<p>Foto Isaac Owusu<\/p>\n<p>Zoom in<\/p>\n<p>1. De Europese geschiedenis herschrijven<\/p>\n<p>In Moeder van Europa door Orkater staan de ambities van Maria Theresia centraal, in de achttiende eeuw aartshertogin van Oostenrijk. Ze wil haar positie koste wat kost behouden, onder meer door haar opstandige dochter Marie Antoinette \u2013 getrouwd met de Franse koning \u2013 te sommeren kinderen te krijgen en daarmee haar dynastie te beschermen. Moeder van Europa moet een nieuw, eigen verhaal worden over de wispelturigheid van macht, waarin het broeit tussen\u00a0landen, tussen elite en volk, maar ook tussen generaties.\u00a0Zoals je mag verwachten bij Orkater is Moeder van Europa muziektheater, met deze keer live zang en een fusion van klassieke strijkers, explosieve percussie en elektronische sounds. In de cast Manoushka Zeegelaar Breeveld, Selin Akkulak, Selin Akkulak en Michiel Blankwaardt.<\/p>\n<p>Moeder van Europa van Orkater,  regie Belle van Heerikhuizen. Premi\u00e8re\u00a014 februari. Tournee 6 februari t\/m 11 april.<\/p>\n<p>2. Hunkeren naar liefde<\/p>\n<p><img alt=\"Campagnebeeld \u2018Oom Wanja\u2019, met Jeroen Spitzenberger in de hoofdrol. \" data-lightbox-highres=\"https:\/\/images.nrc.nl\/D4RYahxeyEDiEQaDoPz8eVqu9GQ=\/1920x\/filters:no_upscale()\/s3\/static.nrc.nl\/wp-content\/uploads\/2026\/01\/12205042\/140126CUL_2027605392_Theater_OomWanja.jpg\" data-lightbox-highres-webp=\"https:\/\/images.nrc.nl\/eJbRAAsoOtIv8qLiDnIQvLGvT4s=\/1920x\/filters:no_upscale():format(webp)\/s3\/static.nrc.nl\/wp-content\/uploads\/2026\/01\/12205042\/140126CUL_2027605392_Theater_OomWanja.jpg\" data-lightbox-zoom=\"https:\/\/images.nrc.nl\/D4RYahxeyEDiEQaDoPz8eVqu9GQ=\/1920x\/filters:no_upscale()\/s3\/static.nrc.nl\/wp-content\/uploads\/2026\/01\/12205042\/140126CUL_2027605392_Theater_OomWanja.jpg\" data-lightbox-zoom-webp=\"https:\/\/images.nrc.nl\/eJbRAAsoOtIv8qLiDnIQvLGvT4s=\/1920x\/filters:no_upscale():format(webp)\/s3\/static.nrc.nl\/wp-content\/uploads\/2026\/01\/12205042\/140126CUL_2027605392_Theater_OomWanja.jpg\" data-open-in-lightbox=\"true\" decoding=\"async\" height=\"900\" loading=\"lazy\" src=\"https:\/\/www.europesays.com\/nl\/wp-content\/uploads\/2026\/01\/140126CUL_2027605392_Theater_OomWanja.jpg\"  width=\"1917\"\/><\/p>\n<p class=\"caption\" id=\"figcaption-30\">Campagnebeeld \u2018Oom Wanja\u2019, met Jeroen Spitzenberger in de hoofdrol. <\/p>\n<p>foto Michiel Voet<\/p>\n<p>Zoom in<\/p>\n<p>Na ensceneringen van\u00a0Een Meeuw\u00a0(2022) en\u00a0De Kersentuin\u00a0(2023) regisseert Michel Sluysmans opnieuw een Tsjechov-klassieker: Oom Wanja. Dit keer geheel opnieuw geschreven door Peer Wittenbols. Volgens Sluysmans ademen Tsjechovs stukken \u201eeen onmiskenbare, magische sfeer van melancholie en humor\u201d. De regisseur ziet personages die vastzitten \u201ein een ongelukkig leven\u201d en \u201ehunkeren naar liefde, die ze niet krijgen\u201d. Jeroen Spitzenberger speelt de hoofdrol, met verder onder anderen Wendell Jaspers, Jaap Spijkers, Anneke Blok en Jan-Paul Buijs.<\/p>\n<p>Oom Wanja van Toneelgroep Maastricht, regie Michel Sluysmans. Premi\u00e8re 22 februari. Tournee 20 februari t\/m 6 juni.<\/p>\n<p><img alt=\"\u2018A Streetcar Named Desire\u2019, met vlnr June Yanez, Hannah Hoekstra en Minne Koole. \" data-lightbox-highres=\"https:\/\/images.nrc.nl\/cbgveE59_kzcJnckAa1Ujh1R0r8=\/1920x\/filters:no_upscale()\/s3\/static.nrc.nl\/wp-content\/uploads\/2026\/01\/13101100\/140126CUL_2027605392_streetcar.jpg\" data-lightbox-highres-webp=\"https:\/\/images.nrc.nl\/_7ZPRtWaJMGY8k6aiu0I-EkRKvI=\/1920x\/filters:no_upscale():format(webp)\/s3\/static.nrc.nl\/wp-content\/uploads\/2026\/01\/13101100\/140126CUL_2027605392_streetcar.jpg\" data-lightbox-zoom=\"https:\/\/images.nrc.nl\/cbgveE59_kzcJnckAa1Ujh1R0r8=\/1920x\/filters:no_upscale()\/s3\/static.nrc.nl\/wp-content\/uploads\/2026\/01\/13101100\/140126CUL_2027605392_streetcar.jpg\" data-lightbox-zoom-webp=\"https:\/\/images.nrc.nl\/_7ZPRtWaJMGY8k6aiu0I-EkRKvI=\/1920x\/filters:no_upscale():format(webp)\/s3\/static.nrc.nl\/wp-content\/uploads\/2026\/01\/13101100\/140126CUL_2027605392_streetcar.jpg\" data-open-in-lightbox=\"true\" decoding=\"async\" height=\"4387\" loading=\"lazy\" src=\"https:\/\/www.europesays.com\/nl\/wp-content\/uploads\/2026\/01\/140126CUL_2027605392_streetcar.jpg\"  width=\"6573\"\/><\/p>\n<p class=\"caption\" id=\"figcaption-31\">\u2018A Streetcar Named Desire\u2019, met vlnr June Yanez, Hannah Hoekstra en Minne Koole. <\/p>\n<p>Foto Fabian Calis<\/p>\n<p>Zoom in<\/p>\n<p>3. Blik op mannelijkheid<\/p>\n<p>Na in 2024 voor ITA Julie te hebben gemaakt, cre\u00ebert de Britse, Olivier Award-winnende regisseur Rebecca Frecknall een Nederlandse versie van haar bejubelde bewerking van klassieker A Streetcar Named Desire (auteur Tennessee Williams). Blanche DuBois (Hannah Hoekstra trekt in bij haar zus Stella (June Y\u00e0nez) en haar rauwe echtgenoot Stanley Kowalski (Minne Koole). Frecknalls\u00a0Streetcar\u00a0is bedoeld als een voorstelling voor een nieuwe generatie: onverbiddelijk in haar blik op mannelijkheid en huiselijk geweld.<\/p>\n<p>A Streetcar Named Desire van Internationaal Theater Amsterdam, regie Rebecca Frecknall. Premi\u00e8re 8 maart. Speelperiode 5 t\/m 22 maart.<\/p>\n<p>4. Vrouwelijke vriendschap<\/p>\n<p><img alt=\"\u2018Sisterhood\u2019 van Theater Rotterdam in een regie van Romana Vrede. \" data-lightbox-highres=\"https:\/\/images.nrc.nl\/ZkKfKrh9sdQS_tKUsxWy92Pu9QM=\/1920x\/filters:no_upscale()\/s3\/static.nrc.nl\/wp-content\/uploads\/2026\/01\/12205958\/140126CUL_2027605392_Theater_Sisterhood.jpg\" data-lightbox-highres-webp=\"https:\/\/images.nrc.nl\/ckvMs50z3ZSdBMm0Y3mq53HlKsc=\/1920x\/filters:no_upscale():format(webp)\/s3\/static.nrc.nl\/wp-content\/uploads\/2026\/01\/12205958\/140126CUL_2027605392_Theater_Sisterhood.jpg\" data-lightbox-zoom=\"https:\/\/images.nrc.nl\/ZkKfKrh9sdQS_tKUsxWy92Pu9QM=\/1920x\/filters:no_upscale()\/s3\/static.nrc.nl\/wp-content\/uploads\/2026\/01\/12205958\/140126CUL_2027605392_Theater_Sisterhood.jpg\" data-lightbox-zoom-webp=\"https:\/\/images.nrc.nl\/ckvMs50z3ZSdBMm0Y3mq53HlKsc=\/1920x\/filters:no_upscale():format(webp)\/s3\/static.nrc.nl\/wp-content\/uploads\/2026\/01\/12205958\/140126CUL_2027605392_Theater_Sisterhood.jpg\" data-open-in-lightbox=\"true\" decoding=\"async\" height=\"1060\" loading=\"lazy\" src=\"https:\/\/www.europesays.com\/nl\/wp-content\/uploads\/2026\/01\/140126CUL_2027605392_Theater_Sisterhood.jpg\"  width=\"1499\"\/><\/p>\n<p class=\"caption\" id=\"figcaption-32\">\u2018Sisterhood\u2019 van Theater Rotterdam in een regie van Romana Vrede. <\/p>\n<p>artwork: Grant Jurius<\/p>\n<p>Zoom in<\/p>\n<p>Na theaterhit The Story of Travis (2023) is de gevierde actrice en regisseur Romana Vrede terug met de voorstelling Sisterhood, over vriendschappen die onder druk komen te staan. Simone Zeefuik, programmamaker bij het Bijlmer Parktheater, debuteert als toneelschrijver met een verhaal over zeven vrouwen bij wie de onderlinge verhoudingen op scherp komen te staan. Sisterhood gaat over solidariteit en verzet, over elkaar werkelijk zien en elkaar soms de ruimte geven.<\/p>\n<p>Sisterhood van Theater Rotterdam, regie Romana Vrede. Premi\u00e8re 8 maart. Tournee 5 maart t\/m 26 april.<\/p>\n<p><img alt=\"\u2018Operation Hellfire\u2019, een productie van Het Nationale Theater, in een regie van Eric de Vroedt. \" data-lightbox-highres=\"https:\/\/images.nrc.nl\/q-EaX1ASK5tES9ja_ov4Y5QptvU=\/1920x\/filters:no_upscale()\/s3\/static.nrc.nl\/wp-content\/uploads\/2026\/01\/13132828\/140126CUL_2027605392_operation_hellfire.jpg\" data-lightbox-highres-webp=\"https:\/\/images.nrc.nl\/Yj4Mgu5mFjUYePJrTcpNXw9UiLQ=\/1920x\/filters:no_upscale():format(webp)\/s3\/static.nrc.nl\/wp-content\/uploads\/2026\/01\/13132828\/140126CUL_2027605392_operation_hellfire.jpg\" data-lightbox-zoom=\"https:\/\/images.nrc.nl\/q-EaX1ASK5tES9ja_ov4Y5QptvU=\/1920x\/filters:no_upscale()\/s3\/static.nrc.nl\/wp-content\/uploads\/2026\/01\/13132828\/140126CUL_2027605392_operation_hellfire.jpg\" data-lightbox-zoom-webp=\"https:\/\/images.nrc.nl\/Yj4Mgu5mFjUYePJrTcpNXw9UiLQ=\/1920x\/filters:no_upscale():format(webp)\/s3\/static.nrc.nl\/wp-content\/uploads\/2026\/01\/13132828\/140126CUL_2027605392_operation_hellfire.jpg\" data-open-in-lightbox=\"true\" decoding=\"async\" height=\"2250\" loading=\"lazy\" src=\"https:\/\/www.europesays.com\/nl\/wp-content\/uploads\/2026\/01\/140126CUL_2027605392_operation_hellfire.jpg\"  width=\"3996\"\/><\/p>\n<p class=\"caption\" id=\"figcaption-33\">\u2018Operation Hellfire\u2019, een productie van Het Nationale Theater, in een regie van Eric de Vroedt. <\/p>\n<p>Zoom in<\/p>\n<p>5. Amerikaanse oud-president, opgepakt in Nederland<\/p>\n<p>Bij de aankondiging van deze voorstelling, over de vraag of het internationaal recht voor iedereen even goed werkt, in december, schreef regisseur Eric de Vroedt: \u201eJuist nu de internationale wereldorde lijkt te wankelen moeten we ons afvragen: hoe rechtvaardig is het internationaal recht eigenlijk?\u201d Die vraag is na de recente illegale ontvoering van een staatshoofd door de VS alleen maar prangender. Het plot van Operation Hellfire\u00a0richt zich op het (net als Het Nationale Theater) in Den Haag gevestigde Internationaal Strafhof, waarbij een oud-president van de VS die op bezoek komt, wordt gearresteerd. Waarna de Amerikanen dreigen met ingrijpen, en zelfs met een aanval op Nederland. Met Trump aan de macht niet meer ondenkbaar.<\/p>\n<p>Operation Hellfire van Het Nationale Theater, regie Eric de Vroedt. Premi\u00e8re 4 april. Tournee 31 maart t\/m 13 juni.<\/p>\n<p>Cabaret<\/p>\n<p><img alt=\"Cabaretier David Linszen.\" data-lightbox-highres=\"https:\/\/images.nrc.nl\/UOPmot3W513xzPnyIVZW8YbWG1Y=\/1920x\/filters:no_upscale()\/s3\/static.nrc.nl\/wp-content\/uploads\/2026\/01\/12211154\/140126CUL_2027605392_Cabaret_DavidLinszen.jpg\" data-lightbox-highres-webp=\"https:\/\/images.nrc.nl\/1u0SbulafvtKzwRsH4WWrrE3IBM=\/1920x\/filters:no_upscale():format(webp)\/s3\/static.nrc.nl\/wp-content\/uploads\/2026\/01\/12211154\/140126CUL_2027605392_Cabaret_DavidLinszen.jpg\" data-lightbox-zoom=\"https:\/\/images.nrc.nl\/UOPmot3W513xzPnyIVZW8YbWG1Y=\/1920x\/filters:no_upscale()\/s3\/static.nrc.nl\/wp-content\/uploads\/2026\/01\/12211154\/140126CUL_2027605392_Cabaret_DavidLinszen.jpg\" data-lightbox-zoom-webp=\"https:\/\/images.nrc.nl\/1u0SbulafvtKzwRsH4WWrrE3IBM=\/1920x\/filters:no_upscale():format(webp)\/s3\/static.nrc.nl\/wp-content\/uploads\/2026\/01\/12211154\/140126CUL_2027605392_Cabaret_DavidLinszen.jpg\" data-open-in-lightbox=\"true\" decoding=\"async\" height=\"3150\" loading=\"lazy\" src=\"https:\/\/www.europesays.com\/nl\/wp-content\/uploads\/2026\/01\/140126CUL_2027605392_Cabaret_DavidLinszen.jpg\"  width=\"4718\"\/><\/p>\n<p class=\"caption\" id=\"figcaption-34\">Cabaretier David Linszen.<\/p>\n<p>Foto Andreas Terlaak<\/p>\n<p>Zoom in<\/p>\n<p>1. Geen reet van begrijpen<\/p>\n<p>Debuutvoorstelling van de winnaar van het Leids Cabaretfestival 2024. Linszen (34) blinkt uit in het ver doorvoeren en komisch spelen van volstrekt eigen hersenspinsels. Zelf <a href=\"https:\/\/www.nrc.nl\/nieuws\/2025\/01\/10\/eerst-psycholoog-nu-opkomend-cabaretier-david-linszen-wil-op-het-podium-delen-wat-hij-echt-voelt-a4879022\" rel=\"nofollow noopener\" target=\"_blank\">zei hij hierover in NRC<\/a>: \u201eIk wil niet dat het alleen maar nihilistisch of vervreemdend is. Ik probeer iets te maken dat balanceert op het randje van dat je denkt: ik begrijp dit heel goed en ik begrijp er helemaal geen reet van.\u201d<\/p>\n<p>\u2018Het leven is een striptease van de dood\u2019, aldus de publiciteitstekst bij de voorstelling. Net als bij een striptease draait het bij Linszens comedy om de vraag: wat gaat er schuil achter de opgesierde fa\u00e7ades?<\/p>\n<p>David Linszen: Striptease van de dood. Premi\u00e8re 22 januari. Info: <a href=\"https:\/\/www.bunkertheaterzaken.nl\" rel=\"nofollow noopener\" target=\"_blank\">bunkertheaterzaken.nl<\/a><\/p>\n<p><img alt=\"Maurits Wijmenga (links) en Ramses van Hall in \u2018Bromens\u2019.  \" data-lightbox-highres=\"https:\/\/images.nrc.nl\/rfxKE97hUY_yzP1cZBA-9SoYOl4=\/1920x\/filters:no_upscale()\/s3\/static.nrc.nl\/wp-content\/uploads\/2026\/01\/12211439\/140126CUL_2027605392_Cabaret_Bromens.jpg\" data-lightbox-highres-webp=\"https:\/\/images.nrc.nl\/3txm2byD3-ieRUa49F5Sd7J8Jq8=\/1920x\/filters:no_upscale():format(webp)\/s3\/static.nrc.nl\/wp-content\/uploads\/2026\/01\/12211439\/140126CUL_2027605392_Cabaret_Bromens.jpg\" data-lightbox-zoom=\"https:\/\/images.nrc.nl\/rfxKE97hUY_yzP1cZBA-9SoYOl4=\/1920x\/filters:no_upscale()\/s3\/static.nrc.nl\/wp-content\/uploads\/2026\/01\/12211439\/140126CUL_2027605392_Cabaret_Bromens.jpg\" data-lightbox-zoom-webp=\"https:\/\/images.nrc.nl\/3txm2byD3-ieRUa49F5Sd7J8Jq8=\/1920x\/filters:no_upscale():format(webp)\/s3\/static.nrc.nl\/wp-content\/uploads\/2026\/01\/12211439\/140126CUL_2027605392_Cabaret_Bromens.jpg\" data-open-in-lightbox=\"true\" decoding=\"async\" height=\"1393\" loading=\"lazy\" src=\"https:\/\/www.europesays.com\/nl\/wp-content\/uploads\/2026\/01\/140126CUL_2027605392_Cabaret_Bromens.jpg\"  width=\"1919\"\/><\/p>\n<p class=\"caption\" id=\"figcaption-35\">Maurits Wijmenga (links) en Ramses van Hall in \u2018Bromens\u2019.  <\/p>\n<p>Zoom in<\/p>\n<p>2. Boezemvrienden<\/p>\n<p>Debuut van Maurits Wijmenga en Ramses van Hall, die in 2023 afstudeerden aan de Amsterdamse Toneelschool en talentenwedstrijd Cameretten wonnen. Daar vielen ze op met ijzersterk fysiek spel en komisch slapstick-achtig theater. In een energieke opeenvolging van speelse sketches werden verschillende facetten van het zijn van boezemvrienden getoond. De vraag is hoe dit eigenzinnige duo haar losse acts aan elkaar gaat smeden en of het ze lukt de aandacht een hele voorstelling lang vast te houden. De producent van hun voorstelling omschrijft het tweetal als volgt: \u201eHans Teeuwen, Donny Ronny, Waardenberg en De Jong in een blender en door een tijdmachine gehaald.\u201d<\/p>\n<p>BRO\u2019S: Bromens. Premi\u00e8re 13 februari. Info: <a href=\"https:\/\/www.moretheater.nl\" rel=\"nofollow noopener\" target=\"_blank\">moretheater.nl<\/a><\/p>\n<p><img alt=\"Isabelle Kafando als haar alter ego  \u2018Rof Daaimund\u2019 . \" data-lightbox-highres=\"https:\/\/images.nrc.nl\/sAdUPNdsdGdMkg71JPrnkxCpcMw=\/1920x\/filters:no_upscale()\/s3\/static.nrc.nl\/wp-content\/uploads\/2026\/01\/12211710\/140126CUL_2027605392_Cabaret_RofDaaimund.jpg\" data-lightbox-highres-webp=\"https:\/\/images.nrc.nl\/4w1Syc9EtPfoa1VGhIfmeLUU64U=\/1920x\/filters:no_upscale():format(webp)\/s3\/static.nrc.nl\/wp-content\/uploads\/2026\/01\/12211710\/140126CUL_2027605392_Cabaret_RofDaaimund.jpg\" data-lightbox-zoom=\"https:\/\/images.nrc.nl\/sAdUPNdsdGdMkg71JPrnkxCpcMw=\/1920x\/filters:no_upscale()\/s3\/static.nrc.nl\/wp-content\/uploads\/2026\/01\/12211710\/140126CUL_2027605392_Cabaret_RofDaaimund.jpg\" data-lightbox-zoom-webp=\"https:\/\/images.nrc.nl\/4w1Syc9EtPfoa1VGhIfmeLUU64U=\/1920x\/filters:no_upscale():format(webp)\/s3\/static.nrc.nl\/wp-content\/uploads\/2026\/01\/12211710\/140126CUL_2027605392_Cabaret_RofDaaimund.jpg\" data-open-in-lightbox=\"true\" decoding=\"async\" height=\"1535\" loading=\"lazy\" src=\"https:\/\/www.europesays.com\/nl\/wp-content\/uploads\/2026\/01\/140126CUL_2027605392_Cabaret_RofDaaimund.jpg\"  width=\"1919\"\/><\/p>\n<p class=\"caption\" id=\"figcaption-36\">Isabelle Kafando als haar alter ego  \u2018Rof Daaimund\u2019 . <\/p>\n<p>Foto Mark Engelen<\/p>\n<p>Zoom in<\/p>\n<p>3. Domme aanstellers<\/p>\n<p>Rof Daaimund is het solodebuut van Isabelle Kafando, die kort maar zeer krachtig furore maakte met n00b. Dit cabaretduo maakte een erg goed ontvangen debuutvoorstelling, waarin het een hele stoet aan bonte en het spoor kwijtrakende personages opvoerde. Kafando \u2013 en n00b-wederhelft Laura Bakker \u2013 onderscheidden zich door sterk komisch acteerwerk, fijne grofheid en bravoure en lekkere liedjes op harde beats. Nu staat Kafando alleen op het podium, maar ze heeft naar eigen zeggen wel een \u2018meervoudige identiteitscrisis\u2019 meegenomen. Als haar nieuwe alter ego \u2018Rof Daaimund\u2019 zal ze een reeks \u2018ontroerende misfits en domme aanstellers\u2019 ten tonele voeren.<\/p>\n<p>Isabelle Kafando: Rof Daaimund. Premi\u00e8re 15 maart. Info: <a href=\"https:\/\/www.moretheater.nl\" rel=\"nofollow noopener\" target=\"_blank\">moretheater.nl<\/a><\/p>\n<p>Musical<\/p>\n<p><img alt=\"Willem van Oranje-regisseur en schrijver Theu Boermans. \" data-lightbox-highres=\"https:\/\/images.nrc.nl\/DM8lR_AwFS4wtVB76u7yJbTtUeg=\/1920x\/filters:no_upscale()\/s3\/static.nrc.nl\/wp-content\/uploads\/2026\/01\/12190147\/140126CUL_2027605392_willemoranje.jpg\" data-lightbox-highres-webp=\"https:\/\/images.nrc.nl\/vWoUL0X8aP5f4z0Ebl2f6V6UdBQ=\/1920x\/filters:no_upscale():format(webp)\/s3\/static.nrc.nl\/wp-content\/uploads\/2026\/01\/12190147\/140126CUL_2027605392_willemoranje.jpg\" data-lightbox-zoom=\"https:\/\/images.nrc.nl\/DM8lR_AwFS4wtVB76u7yJbTtUeg=\/1920x\/filters:no_upscale()\/s3\/static.nrc.nl\/wp-content\/uploads\/2026\/01\/12190147\/140126CUL_2027605392_willemoranje.jpg\" data-lightbox-zoom-webp=\"https:\/\/images.nrc.nl\/vWoUL0X8aP5f4z0Ebl2f6V6UdBQ=\/1920x\/filters:no_upscale():format(webp)\/s3\/static.nrc.nl\/wp-content\/uploads\/2026\/01\/12190147\/140126CUL_2027605392_willemoranje.jpg\" data-open-in-lightbox=\"true\" decoding=\"async\" height=\"5994\" loading=\"lazy\" src=\"https:\/\/www.europesays.com\/nl\/wp-content\/uploads\/2026\/01\/140126CUL_2027605392_willemoranje.jpg\"  width=\"4000\"\/><\/p>\n<p class=\"caption\" id=\"figcaption-37\">Willem van Oranje-regisseur en schrijver Theu Boermans. <\/p>\n<p>Foto Casper Koster<\/p>\n<p>Zoom in<\/p>\n<p>1. In de voetsporen van \u2018Soldaat van Oranje\u2019<\/p>\n<p>In een nieuw theater, compleet met draaiende publiekstribune, speelt straks een musical over een nationale held. Klinkt bekend? Iedere theaterproducent droomt natuurlijk van het succes van Soldaat van Oranje, de musical die al bijna drie decennia volle zalen trekt. De nieuwe musical Willem van Oranje kwam jaren geleden in opspraak door onterecht aangevraagde coronasteun. Bedenker Rick Engelkes stapte op, maar nu gaat de voorstelling alsnog in premi\u00e8re. Theu Boermans is de regisseur en schrijver (hij regisseerde ook Soldaat). Oer-Soldaat van Oranje Matteo van der Grijn maakt onderdeel uit de cast. Het totaalplaatje maakt nieuwsgierig: heeft Delft straks z\u2019n eigen theaterhit?<\/p>\n<p>Willem van Oranje Producties: Willem van Oranje. Prinsentheater, Delft. Premi\u00e8re: 8 februari. Info: <a href=\"https:\/\/www.willemvanoranje.nl\" rel=\"nofollow noopener\" target=\"_blank\">willemvanoranje.nl<\/a>.<\/p>\n<p><img alt=\"De cast van \u2018Harry Potter en het Vervloekte Kind\u2019. \" data-lightbox-highres=\"https:\/\/images.nrc.nl\/EbTzUa87TEcmmtrms8FAvtp6-bE=\/1920x\/filters:no_upscale()\/s3\/static.nrc.nl\/wp-content\/uploads\/2026\/01\/12190041\/140126CUL_2027605392_harrypotter.jpg\" data-lightbox-highres-webp=\"https:\/\/images.nrc.nl\/f-Cdcs4IIekS8kPE_lpKG2CinXw=\/1920x\/filters:no_upscale():format(webp)\/s3\/static.nrc.nl\/wp-content\/uploads\/2026\/01\/12190041\/140126CUL_2027605392_harrypotter.jpg\" data-lightbox-zoom=\"https:\/\/images.nrc.nl\/EbTzUa87TEcmmtrms8FAvtp6-bE=\/1920x\/filters:no_upscale()\/s3\/static.nrc.nl\/wp-content\/uploads\/2026\/01\/12190041\/140126CUL_2027605392_harrypotter.jpg\" data-lightbox-zoom-webp=\"https:\/\/images.nrc.nl\/f-Cdcs4IIekS8kPE_lpKG2CinXw=\/1920x\/filters:no_upscale():format(webp)\/s3\/static.nrc.nl\/wp-content\/uploads\/2026\/01\/12190041\/140126CUL_2027605392_harrypotter.jpg\" data-open-in-lightbox=\"true\" decoding=\"async\" height=\"2362\" loading=\"lazy\" src=\"https:\/\/www.europesays.com\/nl\/wp-content\/uploads\/2026\/01\/140126CUL_2027605392_harrypotter.jpg\"  width=\"3539\"\/><\/p>\n<p class=\"caption\" id=\"figcaption-38\">De cast van \u2018Harry Potter en het Vervloekte Kind\u2019. <\/p>\n<p>Foto DINGENA MOL\/ANP<\/p>\n<p>Zoom in<\/p>\n<p>2. Harry Potter als muzikale spektakelshow<\/p>\n<p>Harry Potter en het Vervloekte Kind is geen echte musical, maar wel een muzikaal spektakelstuk, geproduceerd door Stage Entertainment, waar menig musicalfanaat al lang naar uitkijkt. In 2016 kreeg de bekende boekenreeks over tovenaarsleerling Harry Potter een vervolg op het toneel, op het Londense West End. De oorspronkelijke versie bestond uit twee voorstellingen die op \u00e9\u00e9n dag bezocht konden worden. In Scheveningen is de ingekorte versie van ruim drie uur te zien. Musicaltalent Ward van Klinken (afgelopen seizoen hoofdrolspeler in de bejubelde musical Dear Evan Hansen) is zoon Albus Potter. Acteur Valentijn van Hall speelt Harry.<\/p>\n<p>Stage Entertainment: Harry Potter en het Vervloekte Kind. Locatie: Circustheater, Scheveningen. Premi\u00e8re 14 maart. Info: <a href=\"https:\/\/www.stage-entertainment.nl\/shows\/theater\/harrypotter\" rel=\"nofollow noopener\" target=\"_blank\">stage-entertainment.nl<\/a><\/p>\n<p>Dans<\/p>\n<p><img alt=\"\u201916 &amp; 17\u2032 van de Chinese choreograaf Tao Ye. \" data-lightbox-highres=\"https:\/\/images.nrc.nl\/50dW6CzH2pDIS3K70HynXwkw4Z4=\/1920x\/filters:no_upscale()\/s3\/static.nrc.nl\/wp-content\/uploads\/2026\/01\/13131600\/140126CUL_2027605392_itaaa.jpg\" data-lightbox-highres-webp=\"https:\/\/images.nrc.nl\/5z3o9mtTkobw9njcjadA0qVO6jA=\/1920x\/filters:no_upscale():format(webp)\/s3\/static.nrc.nl\/wp-content\/uploads\/2026\/01\/13131600\/140126CUL_2027605392_itaaa.jpg\" data-lightbox-zoom=\"https:\/\/images.nrc.nl\/50dW6CzH2pDIS3K70HynXwkw4Z4=\/1920x\/filters:no_upscale()\/s3\/static.nrc.nl\/wp-content\/uploads\/2026\/01\/13131600\/140126CUL_2027605392_itaaa.jpg\" data-lightbox-zoom-webp=\"https:\/\/images.nrc.nl\/5z3o9mtTkobw9njcjadA0qVO6jA=\/1920x\/filters:no_upscale():format(webp)\/s3\/static.nrc.nl\/wp-content\/uploads\/2026\/01\/13131600\/140126CUL_2027605392_itaaa.jpg\" data-open-in-lightbox=\"true\" decoding=\"async\" height=\"537\" loading=\"lazy\" src=\"https:\/\/www.europesays.com\/nl\/wp-content\/uploads\/2026\/01\/140126CUL_2027605392_itaaa.jpg\"  width=\"1023\"\/><\/p>\n<p class=\"caption\" id=\"figcaption-39\">\u201916 &amp; 17\u2032 van de Chinese choreograaf Tao Ye. <\/p>\n<p>Foto Hai Yang<\/p>\n<p>Zoom in<\/p>\n<p>1. Kalligrafische precisie voor de fijnproever<\/p>\n<p>Met 16 &amp; 17 zet de Chinese choreograaf Tao Ye zijn studie naar het menselijk lichaam voort, aan de hand van het door hem ontworpen Circular Movement System. Daarin kan elk deel van het lichaam fungeren als een pen die curves en cirkels in de ruimte beschrijft, de neus of het oor net zo goed als een vinger of been. Tao\u2019s uiterst exacte stijl is voer voor fijnproevers, oogstrelend en abstract. Maar in 13 &amp; 14 liet hij al zien dat maatschappelijk commentaar \u2013 op onderdrukking van \u2018de ander\u2019, of juist als viering van diversiteit \u2013 ook met abstracte dans mogelijk is, dus wie weet.<\/p>\n<p>16 &amp; 17 van TAO Dance Theater,  7 maart 2026, Internationaal Theater Amsterdam. Info: <a href=\"https:\/\/ita.nl\/nl\/voorstellingen\/16-17\/3936429\/\" rel=\"nofollow noopener\" target=\"_blank\">ita.nl<\/a><\/p>\n<p><img alt=\"\u2018FireWorks\u2019 van Gauthier Dance. \" data-lightbox-highres=\"https:\/\/images.nrc.nl\/iiVgplDjZJgakyo-_-PsuywOIUA=\/1920x\/filters:no_upscale()\/s3\/static.nrc.nl\/wp-content\/uploads\/2026\/01\/12190852\/140126CUL_2027605392_fireworks.jpg\" data-lightbox-highres-webp=\"https:\/\/images.nrc.nl\/Fty6g9LunreBTXxKIgIMBQv663w=\/1920x\/filters:no_upscale():format(webp)\/s3\/static.nrc.nl\/wp-content\/uploads\/2026\/01\/12190852\/140126CUL_2027605392_fireworks.jpg\" data-lightbox-zoom=\"https:\/\/images.nrc.nl\/iiVgplDjZJgakyo-_-PsuywOIUA=\/1920x\/filters:no_upscale()\/s3\/static.nrc.nl\/wp-content\/uploads\/2026\/01\/12190852\/140126CUL_2027605392_fireworks.jpg\" data-lightbox-zoom-webp=\"https:\/\/images.nrc.nl\/Fty6g9LunreBTXxKIgIMBQv663w=\/1920x\/filters:no_upscale():format(webp)\/s3\/static.nrc.nl\/wp-content\/uploads\/2026\/01\/12190852\/140126CUL_2027605392_fireworks.jpg\" data-open-in-lightbox=\"true\" decoding=\"async\" height=\"1080\" loading=\"lazy\" src=\"https:\/\/www.europesays.com\/nl\/wp-content\/uploads\/2026\/01\/140126CUL_2027605392_fireworks.jpg\"  width=\"1918\"\/><\/p>\n<p class=\"caption\" id=\"figcaption-40\">\u2018FireWorks\u2019 van Gauthier Dance. <\/p>\n<p>foto Holland Dance Festival<\/p>\n<p>Zoom in<\/p>\n<p>2. Crowd pleaser bij uitstek<\/p>\n<p>De eerste keer dat het Duitse gezelschap van de Canadees Eric Gauthier in Nederland optrad, pakte hij meteen een groot publiek in met aanstekelijke dans en zijn charmante persoonlijkheid. Ongetwijfeld gebeurt dat nu weer met ABC, een aardige bloemlezing uit het danslexicon. Gauthier Dance brengt daarnaast een vreugdevuur van miniatuurtjes die grotendeels door zeer publieksvriendelijke choreografen zijn gemaakt. In de Bol\u00e9ro van de Griek Andonis Foniadakis veren, stuiteren en springen de dansers van het juniorengezelschap, meestal synchroon, uitgelaten op minitrampolines terwijl Maurice Ravels overbekende, razend populaire compositie aanzwelt \u2013 het gejoel van het slotapplaus is al bijna hoorbaar!<\/p>\n<p>FireWorks van Gauthier Dance, 5 t\/m 11 februari 2026, diverse steden. Info: <a href=\"https:\/\/www.holland-dance.com\/voorstellingen\/fireworks\" rel=\"nofollow noopener\" target=\"_blank\">Holland Dance Festival<\/a>.<\/p>\n<p>Games<br \/>\n1. Spanning in nieuwe horrorgame<br \/>\n<iframe loading=\"lazy\" title=\"Resident Evil Requiem - Reveal Trailer\" width=\"1200\" height=\"675\" src=\"https:\/\/www.youtube.com\/embed\/POz1-EmLsTY?feature=oembed\" frameborder=\"0\" allow=\"accelerometer; autoplay; clipboard-write; encrypted-media; gyroscope; picture-in-picture; web-share\" referrerpolicy=\"strict-origin-when-cross-origin\" allowfullscreen><\/iframe><\/p>\n<p>Resident Evil blijft de meest kitschy aller horrorgameseries, maar dat heeft ook zijn  charme. In februari volgt het negende deel van de reeks, Requiem. FBI-agent Grace Ashcroft (Jeannie Tirado) gaat naar het Wrenwood Hotel in het beruchte Raccoon City om een reeks bizarre moorden te onderzoeken. Vast niet ongerelateerd: haar eigen moeder stierf ooit in datzelfde hotel. Al snel zit een beangstigend wezen haar op de hielen. Leon S. Kennedy, de held van Resident Evil 2 (1998) en Resident Evil <a href=\"https:\/\/www.nrc.nl\/nieuws\/2023\/03\/31\/resident-evil-4-remake-is-vooral-een-fijn-tijdsdocument-a4160971\" rel=\"nofollow noopener\" target=\"_blank\">4<\/a><a href=\"https:\/\/www.nrc.nl\/nieuws\/2023\/03\/31\/resident-evil-4-remake-is-vooral-een-fijn-tijdsdocument-a4160971\" rel=\"nofollow noopener\" target=\"_blank\"> (2005)<\/a> keert voor het eerst in ruim een decennium terug. Requiem verkiest volgens de eerste indrukken spanning boven actie: verwacht beangstigende monsters en n\u00e9t genoeg kogels om het einde te halen.<\/p>\n<p>Resident Evil Requiem. Van Capcom. Voor pc, PS5, Xbox Series en Switch 2. Vanaf 27 februari<\/p>\n<p>2. Filosoferen, ruzi\u00ebn en flirten in Tokio<br \/>\n<iframe loading=\"lazy\" title=\"\u2615\ufe0fCoffee Talk Tokyo\ud83d\uddfc - Launch Date Announce Trailer\" width=\"1200\" height=\"675\" src=\"https:\/\/www.youtube.com\/embed\/ztYenRdowj0?feature=oembed\" frameborder=\"0\" allow=\"accelerometer; autoplay; clipboard-write; encrypted-media; gyroscope; picture-in-picture; web-share\" referrerpolicy=\"strict-origin-when-cross-origin\" allowfullscreen><\/iframe><\/p>\n<p>Het Indonesische Toge Productions imponeerde in 2020 met <a href=\"https:\/\/www.nrc.nl\/nieuws\/2020\/03\/30\/een-slow-game-als-een-goed-boek-a3994694\" rel=\"nofollow noopener\" target=\"_blank\">het hartverwarmende Coffee Talk<\/a>, een game waarin je als eigenaar van een koffietentje drankjes maakt voor je klanten. Ondertussen hoor je hun levensverhalen aan, van de beslommeringen van het dagelijks leven tot grote keuzes die hun levens kunnen veranderen. In maart komt opvolger Coffee Talk Tokyo, waarin je \u2013 uiteraard \u2013 een koffiezaak in Tokio bestiert. De game is een visuele roman, waarin je vooral meeleest terwijl je klanten filosoferen, ruzi\u00ebn en flirten. Communiceren doe je via het mixen van de juiste \u2013 of expres de verkeerde \u2013 drankjes. Een game voor een druilerige zondagmiddag.<\/p>\n<p>Coffee Talk Tokyo. Van Toge Productions. Voor pc, PS5, Xbox Series, Switch. 5 maart.<\/p>\n<p>3. Tussen kogelhel en actiegame<br \/>\n<iframe loading=\"lazy\" title=\"Saros - Pre-Order Trailer | PS5 Games\" width=\"1200\" height=\"675\" src=\"https:\/\/www.youtube.com\/embed\/xmsc_GokLPI?feature=oembed\" frameborder=\"0\" allow=\"accelerometer; autoplay; clipboard-write; encrypted-media; gyroscope; picture-in-picture; web-share\" referrerpolicy=\"strict-origin-when-cross-origin\" allowfullscreen><\/iframe><\/p>\n<p>De Finse studio Housemarque staat bekend om zijn bullet hell-games \u2013 spellen waarbij de projectielen om je oren vliegen en jouw reflexen  worden getest. Lang een nichegenre, maar in 2020 besloot Housemarque om de grenzen tussen de kogelhel en de \u2018gewone\u2019 actiegame te verkennen met <a href=\"https:\/\/www.nrc.nl\/nieuws\/2021\/04\/29\/ps5-game-returnal-is-een-diepe-sensorische-ervaring-a4041809\" rel=\"nofollow noopener\" target=\"_blank\">het sfeervolle, filosofische Returnal<\/a>. Met Saros  gaan ze door op die weg. Arjun Devraj (Rahul Kohli) zoekt op een verre planeet onder het oog van een stervende zon naar een verloren geliefde. Gewapend met een schild dat binnenkomende kogels kan omzetten tot eigen munitie, betreedt hij een onwerkelijke wereld. Housemarque noemt het \u2018een karakterstudie\u2019 \u2013 verwacht het ondoorgrondelijke.<\/p>\n<p>Saros. Van Housemarque. Voor PS5. 30 april<\/p>\n<p>Geef cadeau<\/p>\n<p>Deel<\/p>\n<p>Mail de redactie<\/p>\n<p><a aria-label=\"The Trust Project, lees meer over de journalistieke principes van NRC\" class=\"trust__message\" href=\"http:\/\/www.nrc.nl\/over-ons\/#principes\" rel=\"nofollow noopener\" target=\"_blank\"><\/p>\n<p>\tDe journalistieke principes van NRC<br \/>\n<\/a> <\/p>\n","protected":false},"excerpt":{"rendered":"In dit artikel Beeldende kunst Fotografie Film Series Pop &amp; jazz Klassiek Theater Cabaret Musical Dans Games Beeldende&hellip;\n","protected":false},"author":2,"featured_media":111917,"comment_status":"","ping_status":"","sticky":false,"template":"","format":"standard","meta":{"footnotes":""},"categories":[25],"tags":[99,48,98,46,47,49,45,50],"class_list":{"0":"post-111916","1":"post","2":"type-post","3":"status-publish","4":"format-standard","5":"has-post-thumbnail","7":"category-amusement","8":"tag-amusement","9":"tag-dutch","10":"tag-entertainment","11":"tag-nederland","12":"tag-nederlanden","13":"tag-nederlands","14":"tag-netherlands","15":"tag-nl"},"share_on_mastodon":{"url":"https:\/\/pubeurope.com\/@nl\/115896562957886971","error":""},"_links":{"self":[{"href":"https:\/\/www.europesays.com\/nl\/wp-json\/wp\/v2\/posts\/111916","targetHints":{"allow":["GET"]}}],"collection":[{"href":"https:\/\/www.europesays.com\/nl\/wp-json\/wp\/v2\/posts"}],"about":[{"href":"https:\/\/www.europesays.com\/nl\/wp-json\/wp\/v2\/types\/post"}],"author":[{"embeddable":true,"href":"https:\/\/www.europesays.com\/nl\/wp-json\/wp\/v2\/users\/2"}],"replies":[{"embeddable":true,"href":"https:\/\/www.europesays.com\/nl\/wp-json\/wp\/v2\/comments?post=111916"}],"version-history":[{"count":0,"href":"https:\/\/www.europesays.com\/nl\/wp-json\/wp\/v2\/posts\/111916\/revisions"}],"wp:featuredmedia":[{"embeddable":true,"href":"https:\/\/www.europesays.com\/nl\/wp-json\/wp\/v2\/media\/111917"}],"wp:attachment":[{"href":"https:\/\/www.europesays.com\/nl\/wp-json\/wp\/v2\/media?parent=111916"}],"wp:term":[{"taxonomy":"category","embeddable":true,"href":"https:\/\/www.europesays.com\/nl\/wp-json\/wp\/v2\/categories?post=111916"},{"taxonomy":"post_tag","embeddable":true,"href":"https:\/\/www.europesays.com\/nl\/wp-json\/wp\/v2\/tags?post=111916"}],"curies":[{"name":"wp","href":"https:\/\/api.w.org\/{rel}","templated":true}]}}