{"id":112139,"date":"2026-01-15T08:49:12","date_gmt":"2026-01-15T08:49:12","guid":{"rendered":"https:\/\/www.europesays.com\/nl\/112139\/"},"modified":"2026-01-15T08:49:12","modified_gmt":"2026-01-15T08:49:12","slug":"iraanse-israelische-en-amerikaanse-vlaggen-op-de-dam-de-iraniers-kunnen-het-niet-alleen-er-is-hulp-van-buiten-nodig","status":"publish","type":"post","link":"https:\/\/www.europesays.com\/nl\/112139\/","title":{"rendered":"Iraanse, Isra\u00eblische en Amerikaanse vlaggen op de Dam: \u2018De Irani\u00ebrs kunnen het niet alleen, er is hulp van buiten nodig\u2019"},"content":{"rendered":"<p class=\"has-drop-cap\">Zodra het donker wordt, gaan de telefoonzaklampjes omhoog. De avond valt en een mars van honderden, zo niet duizenden demonstranten trekt stapvoets van de Dam naar het Rokin. \u201eSOS Iran\u201d, klinkt het. \u201eFuck Fuck Khamenei\u201d, en \u201eFreedom for Iran\u201d.<\/p>\n<p>De mars is daarmee een Amsterdamse versie van de inmiddels wereldwijde solidariteitsbetogingen met het Iraanse volk. Sinds eind vorig jaar wordt massaal gedemonstreerd in Iran tegen het onderdrukkende regime geleid door ayatollah Khamenei en de economische malaise in het land.\u00a0<\/p>\n<p>Het regime tracht de opstand met veel geweld te onderdrukken. Volgens de <a href=\"https:\/\/www.nrc.nl\/nieuws\/2026\/01\/14\/iran-human-rights-al-3-428-demonstranten-omgekomen-bij-betogingen-in-iran-a4917753?utm_source=clipboard&amp;utm_medium=clipboard&amp;utm_campaign=share&amp;utm_term=share-modal\" rel=\"nofollow noopener\" target=\"_blank\">laatste cijfers<\/a> zijn er inmiddels zo\u2019n drieduizend mensen gedood, een aantal dat mogelijk veel hoger ligt. Sinds een aantal dagen is het land afgesloten van internet. Waar demonstraties ontstaan, wordt soms tijdelijk de stroom uitgezet, wat demonstranten beantwoorden door massaal de zaklampjes op hun telefoon aan te zetten.\u00a0<\/p>\n<p>Vandaar die lichtjes op het Rokin dus, zegt Pouneh Safari, een vijftiger met rode lippenstift. Ze is gevlucht uit Iran maar heeft daar nog altijd veel vrienden en familie.\u00a0Haar laatste bericht aan een vriendin in Teheran \u2013 \u201eHoe gaat het?\u201d, van voor de internetblokkade \u2013 bleef onbeantwoord. Wat rest zijn de verschrikkelijke beelden die haar Instagram-feed vullen, vertelt ze. \u201eHier, kijk.\u201d Ze pakt haar telefoon en toont een filmpje waarin geschoten wordt op demonstranten. \u201eHet is een bloeddorstig regime. Dat moet veranderen.\u201d<\/p>\n<p>Vlaggen uit de tijd van de sjah<\/p>\n<p>De demonstratie is georganiseerd door Yasmin Katibai (43), een onderwijzer uit Hoofddorp die met haar ouders het regime in Iran ontvluchtte. \u201eWe moeten ons steentje bijdragen\u201d, zegt ze. \u201eDe mensen in Iran kunnen het niet alleen. Er is hulp van buiten nodig.\u201d<\/p>\n<p>Die overtuiging wordt breed gedeeld in de mars. Naast de Iraanse vlaggen van v\u00f3\u00f3r de Islamitische Revolutie, uit de tijd van het seculiere bewind van de sjah, wapperen er veel Isra\u00eblische en Amerikaanse vlaggen.<\/p>\n<p><img alt=\"Amerikaanse, Isra\u00eblische en Iraanse vlaggen uit de tijd van v\u00f3\u00f3r de islamitische revolutie, woensdag op de  Dam in Amsterdam. \" data-lightbox-highres=\"https:\/\/images.nrc.nl\/vREDy703uOhqLCL4ucOK1qyRKos=\/1920x\/filters:no_upscale()\/s3\/static.nrc.nl\/wp-content\/uploads\/2026\/01\/14184038\/140126VER_2029888961_6.jpg\" data-lightbox-highres-webp=\"https:\/\/images.nrc.nl\/CjSyskOmqJOfwufoYwEW-Qyi_4M=\/1920x\/filters:no_upscale():format(webp)\/s3\/static.nrc.nl\/wp-content\/uploads\/2026\/01\/14184038\/140126VER_2029888961_6.jpg\" data-lightbox-zoom=\"https:\/\/images.nrc.nl\/vREDy703uOhqLCL4ucOK1qyRKos=\/1920x\/filters:no_upscale()\/s3\/static.nrc.nl\/wp-content\/uploads\/2026\/01\/14184038\/140126VER_2029888961_6.jpg\" data-lightbox-zoom-webp=\"https:\/\/images.nrc.nl\/CjSyskOmqJOfwufoYwEW-Qyi_4M=\/1920x\/filters:no_upscale():format(webp)\/s3\/static.nrc.nl\/wp-content\/uploads\/2026\/01\/14184038\/140126VER_2029888961_6.jpg\" data-open-in-lightbox=\"true\" decoding=\"async\" height=\"4024\" loading=\"lazy\" src=\"https:\/\/www.europesays.com\/nl\/wp-content\/uploads\/2026\/01\/140126VER_2029888961_6.jpg\"  width=\"6045\"\/><\/p>\n<p class=\"caption\" id=\"figcaption-1\">Amerikaanse, Isra\u00eblische en Iraanse vlaggen uit de tijd van v\u00f3\u00f3r de islamitische revolutie, woensdag op de  Dam in Amsterdam. <\/p>\n<p>Foto Zara Nor<\/p>\n<p>Zoom in<\/p>\n<p>De demonstranten zien Isra\u00ebl en de VS als bondgenoten in de strijd tegen het streng islamitische regime in Iran. \u201eMr. President Trump, please help the people of Iran\u201d, staat op een A4\u2019tje dat Ramin en Kamran, beide veertigers, achternamen bekend bij de redactie, op een Amerikaanse vlag geplakt hebben.<\/p>\n<p>\u201eWe hebben elkaar net ontmoet in de trein\u201d, zegt Ramin. \u201eHij zag mijn A4\u2019tje, ik zijn vlag, toen raakten we aan de praat.\u201d Trump en Netanyahu zijn de enige wereldleiders waarin zij nog vertrouwen hebben, zegt Ramin. Zij zetten tenminste \u00e9cht druk op het bewind, vindt Ramin, anders dan de Europese landen die amper sancties instellen.<\/p>\n<blockquote class=\"dmt-quote dmt-quote--type-streamer\" data-styled=\"false\">\n<p>In Iran wordt soms de stroom uitgezet in wijken waar demonstraties ontstaan. Betogers zetten dan massaal de lampjes van hun telefoon aan.\u00a0\u201eVandaar de lichtjes op het Rokin\u201d<\/p>\n<\/blockquote>\n<p>Hij was dan ook verheugd toen de VS in juni 2025 bombardementen uitvoerden op Iran. \u201eNu moet hij het regime aanvallen\u201d, vindt Ramin. Niet iedereen denkt er zo over, weet Katibai (43). Zelf had ze een dubbel gevoel over de Amerikaanse aanvallen, zegt ze. \u201eNiemand wil dat zijn land gebombardeerd wordt. Maar als je geen hoop meer hebt\u2026\u201d<\/p>\n<p>\u201eKijk, hoor je dat!\u201d Pouneh Safari spitst haar oren. \u201eLong live Pahlavi\u201d, \u201elong live Pahlavi\u201d, klinkt het vanuit de mars. De demonstranten bezingen Reza Pahlavi, de oudste zoon van de in 1979 afgezette sjah van Iran, die al jaren zich vanuit de VS afzet tegen het huidige regime. Hij presenteert zich nu als leider van de demonstraties, maar er bestaat onder experts veel <a href=\"https:\/\/www.nrc.nl\/nieuws\/2023\/04\/20\/zoon-van-iraanse-sjah-reza-pahlavi-met-open-armen-ontvangen-in-israel-a4162631\" rel=\"nofollow noopener\" target=\"_blank\">onduidelijkheid <\/a>over hoe groot de aanhang is van de 65-jarige \u2018kroonprins\u2019, die fan is van Trump en zich positief uitlaat over Isra\u00ebl.\u00a0<\/p>\n<p>Tijdens deze mars houden echter veel demonstranten zijn beeltenis in de lucht. Pahlavi is hier geliefd, vanwege de democratische en seculiere idealen voor Iran die hij tentoonspreidt. \u201eHij is onze enige hoop\u201d, zegt Kamran. Safari: \u201eHij heeft goeie plannen voor het land en wil verkiezingen organiseren. Hij wil democratie, net zoals hier.\u201d<\/p>\n<p>Naast gevluchte Irani\u00ebrs trekt de demonstratie ook christelijke en joodse Nederlanders, valt op. Voorafgaand aan de demonstratie deed de pro-Isra\u00eblische organisatie Stand With Us een oproep om naar de demonstraties te komen. Organisator Katibai (43), die zelf ook pro-Isra\u00eblische demonstraties bezoekt, was blij met die oproep. \u201eIk steun hun, zij steunen mij. Alle steun is welkom.\u201d\u00a0<\/p>\n<p>Bidden voor Iran <\/p>\n<p>\u201eBring your Israeli flags\u201d, stond er in de aankondiging van Stand With Us. Daar heeft Ingrid van Hoogdalem (67) gehoor aan gegeven. Normaal gesproken demonstreert ze wekelijks op de Coolsingel in Rotterdam voor het overbrengen van het laatste lichaam van een in Gaza omgekomen Isra\u00eblische gijzelaar, maar nu wil ze de Irani\u00ebrs steunen, t\u00e9gen het Iraanse regime. \u201eIk vind het vooral heel erg dat er christenen zijn in Iran zijn die niet vrij kunnen leven.\u201d\u00a0<\/p>\n<p>Naast haar staat Vincent van der Horst (43) die zichzelf omwikkeld heeft met een Isra\u00eblische vlag. Ze kennen elkaar van een christelijke appgroep voor mensen die bidden voor Isra\u00ebl. \u201eNu bidden we ook voor Iran\u201d, zegt Van der Horst. Zijn stem komt nauwelijks boven de leuzen voor Reza Pahlavi uit. Is hij, net zoals de Irani\u00ebrs hier, ook voorstander van de Iraanse kroonprins?<\/p>\n<p>\u201eReza, wie is dat?<br \/>\u201eVan de sjah\u201d, zegt Van Hoogdalem.<br \/>\u201eOh, die ken ik eigenlijk niet.\u201d\u00a0<\/p>\n<p>Niet iedereen is blij met het Isra\u00eblische vlagvertoon, blijkt gedurende de mars. Een paar keer roept een omstander \u201eFuck Isra\u00ebl\u201d naar de demonstranten. Een man van in de zeventig die al tien jaar op de Dam demonstreert voor Palestina, vindt de vlaggen \u201eprovocerend\u201d. Zodra de mars het Rijksmuseum nadert, trekt een voorbijkomende hardloper een Isra\u00eblische vlag uit de handen van een man, om die in het water te gooien.<\/p>\n<p><img alt=\"ran Protest Dam Amsterdam 140126 Zara Nor\" data-lightbox-highres=\"https:\/\/images.nrc.nl\/NcXAn4fd13LtwGpnY--4ZA8pEUM=\/1920x\/filters:no_upscale()\/s3\/static.nrc.nl\/wp-content\/uploads\/2026\/01\/14183816\/140126VER_2029888961_1.jpg\" data-lightbox-highres-webp=\"https:\/\/images.nrc.nl\/u4aUUG3TWt_4SnjkaPSpi0NP6bM=\/1920x\/filters:no_upscale():format(webp)\/s3\/static.nrc.nl\/wp-content\/uploads\/2026\/01\/14183816\/140126VER_2029888961_1.jpg\" data-lightbox-zoom=\"https:\/\/images.nrc.nl\/NcXAn4fd13LtwGpnY--4ZA8pEUM=\/1920x\/filters:no_upscale()\/s3\/static.nrc.nl\/wp-content\/uploads\/2026\/01\/14183816\/140126VER_2029888961_1.jpg\" data-lightbox-zoom-webp=\"https:\/\/images.nrc.nl\/u4aUUG3TWt_4SnjkaPSpi0NP6bM=\/1920x\/filters:no_upscale():format(webp)\/s3\/static.nrc.nl\/wp-content\/uploads\/2026\/01\/14183816\/140126VER_2029888961_1.jpg\" data-open-in-lightbox=\"true\" decoding=\"async\" height=\"4024\" loading=\"lazy\" src=\"https:\/\/www.europesays.com\/nl\/wp-content\/uploads\/2026\/01\/140126VER_2029888961_1.jpg\"  width=\"6045\"\/><\/p>\n<p class=\"caption\" id=\"figcaption-2\">ran Protest Dam Amsterdam 140126 Zara Nor<\/p>\n<p>Zara Nor<\/p>\n<p>Zoom in<\/p>\n<p>Maar verder blijft het rustig, terwijl de stoet langzaam door Amsterdam trekt. Eenmaal aangekomen op het Museumplein houdt de menigte halt voor het Amerikaanse consulaat. De voorste linie ontvouwt een meterslange vlag van het Iran van v\u00f3\u00f3r de Islamitische Revolutie. De zaklampjes gaan weer omhoog. Een noodaggregaat wordt in werking gesteld om met een speaker n\u00f3g harder leuzen te kunnen roepen. \u201eSOS Iran\u201d, roepen ze richting het consulaat, al lijkt daar niemand aanwezig te zijn: nergens brandt licht.<\/p>\n<p>De nieuwe vrienden Ramin en Kamran houden nog eenmaal hun Amerikaanse vlag in de lucht. Er is inmiddels een extra sticker opgeplakt: de vlag van Isra\u00ebl.<\/p>\n<p>Geef cadeau<\/p>\n<p>Deel<\/p>\n<p>Mail de redactie<\/p>\n<p><a hidden=\"\" href=\"https:\/\/www.nrc.nl\/onderwerp\/amsterdam\/\" rel=\"nofollow noopener\" target=\"_blank\"><\/p>\n<p><a aria-label=\"The Trust Project, lees meer over de journalistieke principes van NRC\" class=\"trust__message\" href=\"http:\/\/www.nrc.nl\/over-ons\/#principes\" rel=\"nofollow noopener\" target=\"_blank\"><\/p>\n<p>\tDe journalistieke principes van NRC<br \/>\n<\/a> <\/p>\n","protected":false},"excerpt":{"rendered":"Zodra het donker wordt, gaan de telefoonzaklampjes omhoog. De avond valt en een mars van honderden, zo niet&hellip;\n","protected":false},"author":2,"featured_media":112140,"comment_status":"","ping_status":"","sticky":false,"template":"","format":"standard","meta":{"footnotes":""},"categories":[15],"tags":[39,40,48,43,44,34,35,41,42,46,47,49,45,32,33,50,36,37,38,67,64,65,66],"class_list":{"0":"post-112139","1":"post","2":"type-post","3":"status-publish","4":"format-standard","5":"has-post-thumbnail","7":"category-wereld","8":"tag-breaking-news","9":"tag-breakingnews","10":"tag-dutch","11":"tag-featured-news","12":"tag-featurednews","13":"tag-headlines","14":"tag-hoofdpunten","15":"tag-latest-news","16":"tag-latestnews","17":"tag-nederland","18":"tag-nederlanden","19":"tag-nederlands","20":"tag-netherlands","21":"tag-news","22":"tag-nieuws","23":"tag-nl","24":"tag-top-stories","25":"tag-topstories","26":"tag-voorpaginanieuws","27":"tag-wereld","28":"tag-world","29":"tag-world-news","30":"tag-worldnews"},"share_on_mastodon":{"url":"https:\/\/pubeurope.com\/@nl\/115898257589436430","error":""},"_links":{"self":[{"href":"https:\/\/www.europesays.com\/nl\/wp-json\/wp\/v2\/posts\/112139","targetHints":{"allow":["GET"]}}],"collection":[{"href":"https:\/\/www.europesays.com\/nl\/wp-json\/wp\/v2\/posts"}],"about":[{"href":"https:\/\/www.europesays.com\/nl\/wp-json\/wp\/v2\/types\/post"}],"author":[{"embeddable":true,"href":"https:\/\/www.europesays.com\/nl\/wp-json\/wp\/v2\/users\/2"}],"replies":[{"embeddable":true,"href":"https:\/\/www.europesays.com\/nl\/wp-json\/wp\/v2\/comments?post=112139"}],"version-history":[{"count":0,"href":"https:\/\/www.europesays.com\/nl\/wp-json\/wp\/v2\/posts\/112139\/revisions"}],"wp:featuredmedia":[{"embeddable":true,"href":"https:\/\/www.europesays.com\/nl\/wp-json\/wp\/v2\/media\/112140"}],"wp:attachment":[{"href":"https:\/\/www.europesays.com\/nl\/wp-json\/wp\/v2\/media?parent=112139"}],"wp:term":[{"taxonomy":"category","embeddable":true,"href":"https:\/\/www.europesays.com\/nl\/wp-json\/wp\/v2\/categories?post=112139"},{"taxonomy":"post_tag","embeddable":true,"href":"https:\/\/www.europesays.com\/nl\/wp-json\/wp\/v2\/tags?post=112139"}],"curies":[{"name":"wp","href":"https:\/\/api.w.org\/{rel}","templated":true}]}}