{"id":112174,"date":"2026-01-15T09:28:09","date_gmt":"2026-01-15T09:28:09","guid":{"rendered":"https:\/\/www.europesays.com\/nl\/112174\/"},"modified":"2026-01-15T09:28:09","modified_gmt":"2026-01-15T09:28:09","slug":"dit-is-wat-ajax-kan-verwachten-van-deze-twee-spaanse-trainerstalenten","status":"publish","type":"post","link":"https:\/\/www.europesays.com\/nl\/112174\/","title":{"rendered":"Dit is wat Ajax kan verwachten van deze twee Spaanse trainerstalenten"},"content":{"rendered":"<p><a class=\"article-details_article-details__section__element--authorName__j3rZA article-details_link__9uNPj\" href=\"https:\/\/www.voetbalzone.nl\/auteur\/daily-loos\/blt7d2d5b5101348183\" rel=\"nofollow noopener\" target=\"_blank\">Daily Loos<\/a>15 jan 2026, 09:00<\/p>\n<p>Laatst bijgewerkt: 15 jan 2026, 09:00<\/p>\n<p>Ajax is druk bezig met de zoektocht naar een nieuwe trainer. De aanstaande technisch directeur van de Amsterdammers, Jordi Cruijff, heeft daarbij naast enkele Nederlandse trainers ook zijn oog laten vallen op een aantal Spaanse oefenmeesters. Volgens Voetbal International gaat het mogelijk om I\u00f1igo P\u00e9rez van Rayo Vallecano, Eder Sarabia van Elche en M\u00edchel van Girona.<\/p>\n<p>Voetbalzone zoomt in op de eerste twee namen en schetst wat Ajax-supporters kunnen verwachten wanneer de club in haar zoektocht uitkomt bij \u00e9\u00e9n van deze twee talentvolle trainers. In dit artikel passeren het profiel, de belangrijke statistieken en de speelstijl van beide Spanjaarden de revue.<\/p>\n","protected":false},"excerpt":{"rendered":"Daily Loos15 jan 2026, 09:00 Laatst bijgewerkt: 15 jan 2026, 09:00 Ajax is druk bezig met de zoektocht&hellip;\n","protected":false},"author":2,"featured_media":112175,"comment_status":"","ping_status":"","sticky":false,"template":"","format":"standard","meta":{"footnotes":""},"categories":[21],"tags":[166,48,24177,11063,6077,6081,6080,24178,46,47,49,45,50,9549,92,91,6076],"class_list":{"0":"post-112174","1":"post","2":"type-post","3":"status-publish","4":"format-standard","5":"has-post-thumbnail","7":"category-sport","8":"tag-ajax","9":"tag-dutch","10":"tag-e-sarabia","11":"tag-elche","12":"tag-exclusief","13":"tag-exclusive","14":"tag-features","15":"tag-i-perez","16":"tag-nederland","17":"tag-nederlanden","18":"tag-nederlands","19":"tag-netherlands","20":"tag-nl","21":"tag-rayo-vallecano","22":"tag-sport","23":"tag-sports","24":"tag-vz-originals"},"share_on_mastodon":{"url":"https:\/\/pubeurope.com\/@nl\/115898411015860710","error":""},"_links":{"self":[{"href":"https:\/\/www.europesays.com\/nl\/wp-json\/wp\/v2\/posts\/112174","targetHints":{"allow":["GET"]}}],"collection":[{"href":"https:\/\/www.europesays.com\/nl\/wp-json\/wp\/v2\/posts"}],"about":[{"href":"https:\/\/www.europesays.com\/nl\/wp-json\/wp\/v2\/types\/post"}],"author":[{"embeddable":true,"href":"https:\/\/www.europesays.com\/nl\/wp-json\/wp\/v2\/users\/2"}],"replies":[{"embeddable":true,"href":"https:\/\/www.europesays.com\/nl\/wp-json\/wp\/v2\/comments?post=112174"}],"version-history":[{"count":0,"href":"https:\/\/www.europesays.com\/nl\/wp-json\/wp\/v2\/posts\/112174\/revisions"}],"wp:featuredmedia":[{"embeddable":true,"href":"https:\/\/www.europesays.com\/nl\/wp-json\/wp\/v2\/media\/112175"}],"wp:attachment":[{"href":"https:\/\/www.europesays.com\/nl\/wp-json\/wp\/v2\/media?parent=112174"}],"wp:term":[{"taxonomy":"category","embeddable":true,"href":"https:\/\/www.europesays.com\/nl\/wp-json\/wp\/v2\/categories?post=112174"},{"taxonomy":"post_tag","embeddable":true,"href":"https:\/\/www.europesays.com\/nl\/wp-json\/wp\/v2\/tags?post=112174"}],"curies":[{"name":"wp","href":"https:\/\/api.w.org\/{rel}","templated":true}]}}