{"id":112523,"date":"2026-01-15T15:51:27","date_gmt":"2026-01-15T15:51:27","guid":{"rendered":"https:\/\/www.europesays.com\/nl\/112523\/"},"modified":"2026-01-15T15:51:27","modified_gmt":"2026-01-15T15:51:27","slug":"maxima-in-dutch-design-bij-jubileumeditie-eurosonic-noorderslag","status":"publish","type":"post","link":"https:\/\/www.europesays.com\/nl\/112523\/","title":{"rendered":"M\u00e1xima in Dutch Design bij jubileumeditie Eurosonic Noorderslag"},"content":{"rendered":"<p class=\"has-text-align-center\">Dames en heren van de modepolitie, onze wens is vervuld. M\u00e1xima draagt vandaag Dutch Design bij de jubileumeditie Eurosonic Noorderslag. <\/p>\n<p class=\"has-text-align-center\">Trouwe bezoekers van deze website weten waar ik in de inleiding op doel. In 2025 droeg M\u00e1xima weinig mode van eigen bodem. Van de ongeveer 50 nieuwe outfits dat jaar was er maar \u00e9\u00e9n ontworpen door een Nederlandse ontwerper. Zou M\u00e1xima de kritiek hebben meegekregen? Misschien wel, misschien niet. Maar hoe het ook zij: ze draagt vanavond Dutch Design. <\/p>\n<p class=\"has-text-align-center\">Voor ik je bijpraat over haar gouden top eerst wat informatie over de inhoud van de avond. De Eurosonic Noorderslag is een onafhankelijk platform dat Europees muziektalent wereldwijd in de schijnwerpers zet. ESNS biedt Europese artiesten, met speciale aandacht voor Nederlands talent, de kans om door te breken en uit te groeien tot de headliners van morgen.<\/p>\n<p><img loading=\"lazy\" decoding=\"async\" width=\"700\" height=\"461\" src=\"data:image\/svg+xml,%3Csvg%20xmlns=\" http:=\"\" alt=\"\" class=\"wp-image-105222\" data-lazy- data-lazy- data-lazy-src=\"https:\/\/www.europesays.com\/nl\/wp-content\/uploads\/2026\/01\/Maxima-Claes-Iversen-gouden-top-2026-700x461.jpg\"\/><\/p>\n<p class=\"has-text-align-center\">Koningin M\u00e1xima bezoekt de openingsshow met optredens van het Duitse theaterduo Siegfried &amp; Joy, de Oekra\u00efense Alina Pash, de Nederlandse band Yin Yin en zangeres Lia Kali uit Spanje. In de openingsshow blikt ESNS terug op de afgelopen veertig jaar met gesprekken, archiefbeelden en bijdragen van onder meer oud-Popprijswinnaars en Eurocommissaris Glenn Micallef.\u00a0<\/p>\n<p>Mode M\u00e1xima: een gouden top voor Eurosonic Noorderslag<\/p>\n<p class=\"has-text-align-center\">M\u00e1xima\u2019s asymmetrische top van Claes Iversen. De gouden ring in de halslijn is ge\u00efnspireerd op de gouden ringen die de vrouwen van de Ndebele stam in Afrika om hun nek dragen.<\/p>\n<p><img loading=\"lazy\" decoding=\"async\" width=\"500\" height=\"847\" src=\"data:image\/svg+xml,%3Csvg%20xmlns=\" http:=\"\" alt=\"\" class=\"wp-image-105226\" data-lazy- data-lazy- data-lazy-src=\"https:\/\/www.europesays.com\/nl\/wp-content\/uploads\/2026\/01\/Maxima-Claes-Iversen-2016-Eurosonic.jpg\"\/>(cPPE<\/p>\n<p class=\"has-text-align-center\">De top op een model:<\/p>\n<p><img loading=\"lazy\" decoding=\"async\" width=\"400\" height=\"600\" src=\"data:image\/svg+xml,%3Csvg%20xmlns=\" http:=\"\" alt=\"\" class=\"wp-image-105218\" data-lazy- data-lazy- data-lazy-src=\"https:\/\/www.europesays.com\/nl\/wp-content\/uploads\/2026\/01\/iversen19_0303-1.jpg\"\/><\/p>\n<p class=\"has-text-align-center\">M\u00e1xima introduceerde de top in 2019. Inmiddels staat de teller, met vandaag erbij geteld, op vijf. Wil je de andere draagmomenten zien? Neem dan een kijkje <a href=\"https:\/\/www.modekoninginmaxima.nl\/kledingkast\/een-gouden-ring\/\" rel=\"nofollow noopener\" target=\"_blank\">in M\u00e1xima\u2019s digitale kledingkast. <\/a><\/p>\n<p><img loading=\"lazy\" decoding=\"async\" width=\"400\" height=\"700\" src=\"data:image\/svg+xml,%3Csvg%20xmlns=\" http:=\"\" alt=\"\" class=\"wp-image-105219\" data-lazy- data-lazy- data-lazy-src=\"https:\/\/www.europesays.com\/nl\/wp-content\/uploads\/2026\/01\/gouden-top-ringen-Claes-Iversen-Maxima-Holland-Dance-Festival-klein-400x700-1.jpg\"\/>(c)PPE<\/p>\n<p class=\"has-text-align-center\">M\u00e1xima\u2019s tas is een zogeheten Moneypenny van Sopie Habsburg. <\/p>\n<p><img loading=\"lazy\" decoding=\"async\" width=\"700\" height=\"700\" src=\"data:image\/svg+xml,%3Csvg%20xmlns=\" http:=\"\" alt=\"\" class=\"wp-image-105229\" style=\"width:544px;height:auto\" data-lazy- data-lazy- data-lazy-src=\"https:\/\/www.europesays.com\/nl\/wp-content\/uploads\/2026\/01\/Sophie-Habsburg-Maxima-gold-goud-2026-Eurosonic-700x700.jpg\"\/><\/p>\n<p class=\"has-text-align-center\">Dat M\u00e1xima dol is op dit model tas, is geen geheim. <\/p>\n<p><a href=\"https:\/\/www.modekoninginmaxima.nl\/wauw-stephanie-in-nieuwe-galajapon-bij-nieuwjaarsreceptie\/\" rel=\"next nofollow noopener\" target=\"_blank\">Volgende: Wauw! St\u00e9phanie in nieuwe galajapon bij nieuwjaarsreceptie<\/a>\u2192<\/p>\n<p>\u2190<a href=\"https:\/\/www.modekoninginmaxima.nl\/de-hoeden-van-koningin-letizia\/\" rel=\"prev nofollow noopener\" target=\"_blank\">Vorige: Letizia heeft tot nu toe slechts twaalf (!) hoeden gedragen<\/a>                <\/p>\n","protected":false},"excerpt":{"rendered":"Dames en heren van de modepolitie, onze wens is vervuld. M\u00e1xima draagt vandaag Dutch Design bij de jubileumeditie&hellip;\n","protected":false},"author":2,"featured_media":112524,"comment_status":"","ping_status":"","sticky":false,"template":"","format":"standard","meta":{"footnotes":""},"categories":[5],"tags":[39,40,48,43,44,34,35,41,42,46,47,49,45,32,33,50,36,37,38],"class_list":{"0":"post-112523","1":"post","2":"type-post","3":"status-publish","4":"format-standard","5":"has-post-thumbnail","7":"category-hoofdpunten","8":"tag-breaking-news","9":"tag-breakingnews","10":"tag-dutch","11":"tag-featured-news","12":"tag-featurednews","13":"tag-headlines","14":"tag-hoofdpunten","15":"tag-latest-news","16":"tag-latestnews","17":"tag-nederland","18":"tag-nederlanden","19":"tag-nederlands","20":"tag-netherlands","21":"tag-news","22":"tag-nieuws","23":"tag-nl","24":"tag-top-stories","25":"tag-topstories","26":"tag-voorpaginanieuws"},"share_on_mastodon":{"url":"https:\/\/pubeurope.com\/@nl\/115899916855386825","error":""},"_links":{"self":[{"href":"https:\/\/www.europesays.com\/nl\/wp-json\/wp\/v2\/posts\/112523","targetHints":{"allow":["GET"]}}],"collection":[{"href":"https:\/\/www.europesays.com\/nl\/wp-json\/wp\/v2\/posts"}],"about":[{"href":"https:\/\/www.europesays.com\/nl\/wp-json\/wp\/v2\/types\/post"}],"author":[{"embeddable":true,"href":"https:\/\/www.europesays.com\/nl\/wp-json\/wp\/v2\/users\/2"}],"replies":[{"embeddable":true,"href":"https:\/\/www.europesays.com\/nl\/wp-json\/wp\/v2\/comments?post=112523"}],"version-history":[{"count":0,"href":"https:\/\/www.europesays.com\/nl\/wp-json\/wp\/v2\/posts\/112523\/revisions"}],"wp:featuredmedia":[{"embeddable":true,"href":"https:\/\/www.europesays.com\/nl\/wp-json\/wp\/v2\/media\/112524"}],"wp:attachment":[{"href":"https:\/\/www.europesays.com\/nl\/wp-json\/wp\/v2\/media?parent=112523"}],"wp:term":[{"taxonomy":"category","embeddable":true,"href":"https:\/\/www.europesays.com\/nl\/wp-json\/wp\/v2\/categories?post=112523"},{"taxonomy":"post_tag","embeddable":true,"href":"https:\/\/www.europesays.com\/nl\/wp-json\/wp\/v2\/tags?post=112523"}],"curies":[{"name":"wp","href":"https:\/\/api.w.org\/{rel}","templated":true}]}}