{"id":112525,"date":"2026-01-15T15:52:07","date_gmt":"2026-01-15T15:52:07","guid":{"rendered":"https:\/\/www.europesays.com\/nl\/112525\/"},"modified":"2026-01-15T15:52:07","modified_gmt":"2026-01-15T15:52:07","slug":"dit-bijzondere-talent-heeft-koningin-maxima","status":"publish","type":"post","link":"https:\/\/www.europesays.com\/nl\/112525\/","title":{"rendered":"D\u00edt bijzondere talent heeft koningin M\u00e1xima"},"content":{"rendered":"<p class=\"mui-173mato e10ntc2u0\">Koningin M\u00e1xima is &#8220;echt een natuurtalent&#8221; als het gaat om het inpakken van verjaardagsdozen. Dat zegt directeur Huib Lloyd van Stichting Jarige Job, waar M\u00e1xima donderdag langsging, tegen het ANP. De koningin hielp onder meer met het inpakken van de miljoenste verjaardagsbox van de stichting.<\/p>\n<p class=\"mui-173mato e10ntc2u0\">Na een gesprek met vertegenwoordigers en partners van de organisatie hielp de koningin in de inpakloods in de Van Nelle Fabriek in Rotterdam met het inpakken van verjaardagsdozen. <\/p>\n<p>Dubbel gevoel<\/p>\n<p class=\"mui-173mato e10ntc2u0\">Deze bestaan uit cadeautjes, slingers en traktaties voor kinderen van ouders die hun verjaardagen vanwege financi\u00eble nood niet of amper kunnen vieren. De ouders kunnen de dozen bij de stichting aanvragen, zodat de kinderen alsnog een leuke dag kunnen hebben.<\/p>\n<p class=\"mui-173mato e10ntc2u0\">Huib erkent dat het jubileum van Stichting Jarige Job, die vijftien jaar bestaat, een dubbel gevoel opwekt. &#8220;We zijn heel blij dat we dit met elkaar kunnen realiseren. Tegelijkertijd is het heel zuur dat in een mooi land als Nederland dit soort dingen nodig zijn. Dus we proberen constant te kijken hoe we daar iets aan kunnen doen. Daar hebben we het ook in gesprek met de koningin over gehad. Dus we vieren het, maar wel met mate.&#8221;<\/p>\n<p>M\u00e1xima heeft inpakskills<\/p>\n<p class=\"mui-173mato e10ntc2u0\">De hal waar M\u00e1xima hielp met inpakken was versierd met kleurrijke slingers en ballonnen en deed denken aan de loods waar Sinterklaas en de pieten in december cadeautjes voor pakjesavond inpakken. Tegenover de rolband waar de dozen werden ingepakt, stonden grote schappen met cadeautjes voor jongens en meisjes in diverse leeftijdscategorie\u00ebn. Het ging onder meer om puzzels, boeken, speelgoedpoppen, spelletjes, ballen en kleurrijke pi\u00f1ata&#8217;s.<\/p>\n<p class=\"mui-173mato e10ntc2u0\">Over de inpakskills van M\u00e1xima was Huib zeer te spreken. Aan de rolband stopte ze samen met de vrijwilligers onder meer cadeautjes en traktaties in de bruine kartonnen dozen. &#8220;De koningin is echt een natuurtalent&#8221;, zegt Huib na afloop van het bezoek. &#8220;Sterker nog, ze deed het z\u00f3 effici\u00ebnt! Ze gaf ook een aantal tips van: &#8216;Je kunt het beter zo doen, want dan gaat het veel sneller&#8217;, en dat vond ik echt fantastisch. Ze mag zeer zeker als vrijwilliger bij Jarige Job aan de slag.&#8221;<\/p>\n<p class=\"mui-173mato e10ntc2u0\">Lees verder onder de video&#8230;<\/p>\n<p>Meer talenten<\/p>\n<p class=\"mui-173mato e10ntc2u0\">Onze koningin heeft ook een bijzonder talent voor <a rel=\"noopener noreferrer nofollow\" target=\"_blank\" class=\"mui-1i4zqbr e1bmvyuj0\" href=\"https:\/\/www.shownieuws.nl\/entertainment\/royalty\/koninklijk-huis\/artikelen\/maxima-strijkt-neer-tussen-wereldsterren-met-opvallende-erkenning\">mode<\/a>. Volgens de Nederlandse editie van\u00a0Vogue\u00a0hoort M\u00e1xima bij de vijftien best geklede beroemdheden van het jaar. Het blad liet vorige maand weten dat de vorstin zich dit jaar van haar beste kant laten zien &#8220;in zowel glamoureuze galalooks als elegante werkkleding&#8221;.<\/p>\n<p class=\"mui-173mato e10ntc2u0\">&#8220;Als we het over goed geklede royals hebben, spant koningin M\u00e1xima de kroon&#8221;, stond in het artikel op\u00a0Vogue.nl. &#8220;Ze heeft wederom laten zien dat ze niet bang is om trends uit te proberen, zoals de laarzen met slangenprint gecombineerd met een leren midirok waarmee ze de herfst inluidde.&#8221;<\/p>\n<p class=\"mui-173mato e10ntc2u0\">Verder was te lezen: &#8220;Wat staatsdiners en offici\u00eble momenten betreft, betoverde M\u00e1xima ons onder meer in een rode one-shoulderjurk van Jan Taminiau en een op Diors New Look ge\u00efnspireerde outfit.&#8221;<\/p>\n<p>Andere sterren in de lijst<\/p>\n<p class=\"mui-173mato e10ntc2u0\">De lijst bestaat verder voornamelijk uit Hollywoodsterren als Ayo Edebiri, Greta Lee, Pedro Pascal en Jennifer Lawrence. Ook supersterren Doechii, Miley Cyrus, Dua Lipa en Rihanna blonken volgens\u00a0Vogue\u00a0uit met hun looks.<\/p>\n","protected":false},"excerpt":{"rendered":"Koningin M\u00e1xima is &#8220;echt een natuurtalent&#8221; als het gaat om het inpakken van verjaardagsdozen. Dat zegt directeur Huib&hellip;\n","protected":false},"author":2,"featured_media":112526,"comment_status":"","ping_status":"","sticky":false,"template":"","format":"standard","meta":{"footnotes":""},"categories":[31],"tags":[99,147,48,98,46,47,49,45,50],"class_list":{"0":"post-112525","1":"post","2":"type-post","3":"status-publish","4":"format-standard","5":"has-post-thumbnail","7":"category-celebrities","8":"tag-amusement","9":"tag-celebrities","10":"tag-dutch","11":"tag-entertainment","12":"tag-nederland","13":"tag-nederlanden","14":"tag-nederlands","15":"tag-netherlands","16":"tag-nl"},"share_on_mastodon":{"url":"https:\/\/pubeurope.com\/@nl\/115899920754565052","error":""},"_links":{"self":[{"href":"https:\/\/www.europesays.com\/nl\/wp-json\/wp\/v2\/posts\/112525","targetHints":{"allow":["GET"]}}],"collection":[{"href":"https:\/\/www.europesays.com\/nl\/wp-json\/wp\/v2\/posts"}],"about":[{"href":"https:\/\/www.europesays.com\/nl\/wp-json\/wp\/v2\/types\/post"}],"author":[{"embeddable":true,"href":"https:\/\/www.europesays.com\/nl\/wp-json\/wp\/v2\/users\/2"}],"replies":[{"embeddable":true,"href":"https:\/\/www.europesays.com\/nl\/wp-json\/wp\/v2\/comments?post=112525"}],"version-history":[{"count":0,"href":"https:\/\/www.europesays.com\/nl\/wp-json\/wp\/v2\/posts\/112525\/revisions"}],"wp:featuredmedia":[{"embeddable":true,"href":"https:\/\/www.europesays.com\/nl\/wp-json\/wp\/v2\/media\/112526"}],"wp:attachment":[{"href":"https:\/\/www.europesays.com\/nl\/wp-json\/wp\/v2\/media?parent=112525"}],"wp:term":[{"taxonomy":"category","embeddable":true,"href":"https:\/\/www.europesays.com\/nl\/wp-json\/wp\/v2\/categories?post=112525"},{"taxonomy":"post_tag","embeddable":true,"href":"https:\/\/www.europesays.com\/nl\/wp-json\/wp\/v2\/tags?post=112525"}],"curies":[{"name":"wp","href":"https:\/\/api.w.org\/{rel}","templated":true}]}}