{"id":112578,"date":"2026-01-15T16:40:14","date_gmt":"2026-01-15T16:40:14","guid":{"rendered":"https:\/\/www.europesays.com\/nl\/112578\/"},"modified":"2026-01-15T16:40:14","modified_gmt":"2026-01-15T16:40:14","slug":"maxima-pakt-cadeautjes-in-voor-kinderen-in-armoede-teller-staat-op-een-miljoen-rijnmond","status":"publish","type":"post","link":"https:\/\/www.europesays.com\/nl\/112578\/","title":{"rendered":"M\u00e1xima pakt cadeautjes in voor kinderen in armoede: teller staat op \u00e9\u00e9n miljoen &#8211; Rijnmond"},"content":{"rendered":"<ol>\n<li><a href=\"https:\/\/news.google.com\/rss\/articles\/CBMiuAFBVV95cUxQeGQtNk54eFo1WkZWcVgtQ3p3QnFMNlMwVGYyYkdtSktraS1XR3psTmh5aFZoNjh1bDhZTEpHeFIwbVMyUjQ3eFlVMzJ3UVhneWVUYmZRRjFxRDR1cXJLRnpiXzlPbUpUZGFoOFFLNkZScXhublk1VV8tbzFQb3pwWl91TTFDNVg0bzUteUJpNG9weHlwVmU3UWFwWEkwWkh6aXA0OG9xalk1RldNanFyM29MeWFRMmRo?oc=5\" target=\"_blank\" rel=\"nofollow noopener\">M\u00e1xima pakt cadeautjes in voor kinderen in armoede: teller staat op \u00e9\u00e9n miljoen<\/a>&nbsp;&nbsp;Rijnmond<\/li>\n<li><a href=\"https:\/\/news.google.com\/rss\/articles\/CBMi2wFBVV95cUxPVGMtaXhhS2QwWXB6V3hlcXhOU2pYSGFHUlNqMjFCeDQyaXFhaERfZEpVZkRDS1NRX3dCQmJUNWJibENTbkNxNEVfdlh3Rlh6SlRCenR2SnEyNGlsQ1RCbTdFRzkydnhJVTltNFBZRUZXNFFSM0huMURVMkZfd2ZLMVVWVjB4SGxVUWpQcm56TVU1VWZwR19KNFYyNFEza2RocG9CTDdVZU9fMUlOSjd6TndrMVowNmhLMTVHOHNKdkl3b2xRaHotVzlOa1FxSVVNMUFQdjE1NFdzeE0?oc=5\" target=\"_blank\" rel=\"nofollow noopener\">Koningin M\u00e1xima pakt cadeaus en taart in voor jarige kinderen uit arme gezinnen: \u2018Schulden zijn niet jouw schuld\u2019<\/a>&nbsp;&nbsp;AD.nl<\/li>\n<li><a href=\"https:\/\/news.google.com\/rss\/articles\/CBMimAFBVV95cUxPQW05akZRaldwWW80dnlpeng3WWw1SGdOMm16NDBzOXZNdm1za2M5ZEZVX0RyRW5QeXRSa3ZaV1FNMHBGUG5iRE5vM2phMkhPcUM0aEUwYlN3TlhfX0V5OFoweTFYYmxrdVQ5LU1hNE1UZldBdm9jS182NldpM0c4b1cwY0NPMm5ZT1lrYlZMVlVvU2NmcEZmeQ?oc=5\" target=\"_blank\" rel=\"nofollow noopener\">Directeur Stichting Jarige Job: M\u00e1xima natuurtalent met inpakken<\/a>&nbsp;&nbsp;Nieuws.nl<\/li>\n<li><a href=\"https:\/\/news.google.com\/rss\/articles\/CBMi5wFBVV95cUxPMWZ3a21sN3lRQ3VsYl9fVk1oTmMxWmlhdnF3UzBHYVBHaHR2TndBWjgxZWJEcFNQVXlNNTlnNGZrZGdGZXdXbmI3bXpnRGZYcnBueXUwdmZRcHlnN1JXcGlncnhGXzF5d1pqWmhOTzlNUGlfYlBlNjM1d2hWREQtQzlLeGtrdkw5SzZuMXI3NXpDcDQ1d2F2U0Y1c1E4QlpiUUc3dVVuczFzMWdnYzE2djNJUlRDM0hnQmxjeTloZlptYXV2LVNBTXFtZWtuNXpPelpNTGNBaWctLTRfaEY5d1VKT2d5aU0?oc=5\" target=\"_blank\" rel=\"nofollow noopener\">Stichting Jarige Job roept op: stuur vergeten cadeaus op voor kinderen die geen verjaardag kunnen vieren<\/a>&nbsp;&nbsp;BN DeStem<\/li>\n<li><a href=\"https:\/\/news.google.com\/rss\/articles\/CBMidEFVX3lxTE9fSVZ4TXlsRnY1d2d6ck5fUUtLWnlULS1vdDhNNUotbkYzV1JzV243bldlbzBRdVNkTTd2MDJkRVVyYnhZTENNSlRVTy1wa1FSbUtxOVRmQlZpM1ZNRVY3LWN6QXNmTXVrSEMwVzJPb0ZRM3lu?oc=5\" target=\"_blank\" rel=\"nofollow noopener\">Koningin M\u00e1xima pakt verjaardagscadeautjes in voor kinderen in armoede<\/a>&nbsp;&nbsp;Blauw Bloed<\/li>\n<\/ol>\n","protected":false},"excerpt":{"rendered":"M\u00e1xima pakt cadeautjes in voor kinderen in armoede: teller staat op \u00e9\u00e9n miljoen&nbsp;&nbsp;Rijnmond Koningin M\u00e1xima pakt cadeaus en&hellip;\n","protected":false},"author":2,"featured_media":112579,"comment_status":"","ping_status":"","sticky":false,"template":"","format":"standard","meta":{"footnotes":""},"categories":[25],"tags":[99,48,98,46,47,49,45,33,50],"class_list":{"0":"post-112578","1":"post","2":"type-post","3":"status-publish","4":"format-standard","5":"has-post-thumbnail","7":"category-amusement","8":"tag-amusement","9":"tag-dutch","10":"tag-entertainment","11":"tag-nederland","12":"tag-nederlanden","13":"tag-nederlands","14":"tag-netherlands","15":"tag-nieuws","16":"tag-nl"},"share_on_mastodon":{"url":"https:\/\/pubeurope.com\/@nl\/115900109494009006","error":""},"_links":{"self":[{"href":"https:\/\/www.europesays.com\/nl\/wp-json\/wp\/v2\/posts\/112578","targetHints":{"allow":["GET"]}}],"collection":[{"href":"https:\/\/www.europesays.com\/nl\/wp-json\/wp\/v2\/posts"}],"about":[{"href":"https:\/\/www.europesays.com\/nl\/wp-json\/wp\/v2\/types\/post"}],"author":[{"embeddable":true,"href":"https:\/\/www.europesays.com\/nl\/wp-json\/wp\/v2\/users\/2"}],"replies":[{"embeddable":true,"href":"https:\/\/www.europesays.com\/nl\/wp-json\/wp\/v2\/comments?post=112578"}],"version-history":[{"count":0,"href":"https:\/\/www.europesays.com\/nl\/wp-json\/wp\/v2\/posts\/112578\/revisions"}],"wp:featuredmedia":[{"embeddable":true,"href":"https:\/\/www.europesays.com\/nl\/wp-json\/wp\/v2\/media\/112579"}],"wp:attachment":[{"href":"https:\/\/www.europesays.com\/nl\/wp-json\/wp\/v2\/media?parent=112578"}],"wp:term":[{"taxonomy":"category","embeddable":true,"href":"https:\/\/www.europesays.com\/nl\/wp-json\/wp\/v2\/categories?post=112578"},{"taxonomy":"post_tag","embeddable":true,"href":"https:\/\/www.europesays.com\/nl\/wp-json\/wp\/v2\/tags?post=112578"}],"curies":[{"name":"wp","href":"https:\/\/api.w.org\/{rel}","templated":true}]}}