{"id":11281,"date":"2025-10-02T06:25:08","date_gmt":"2025-10-02T06:25:08","guid":{"rendered":"https:\/\/www.europesays.com\/nl\/11281\/"},"modified":"2025-10-02T06:25:08","modified_gmt":"2025-10-02T06:25:08","slug":"nederlandse-boot-gaza-vloot-onderschept-door-israel-opvarenden-aangehouden","status":"publish","type":"post","link":"https:\/\/www.europesays.com\/nl\/11281\/","title":{"rendered":"Nederlandse boot Gaza-vloot onderschept door Isra\u00ebl, opvarenden aangehouden"},"content":{"rendered":"<p><img alt=\"\" decoding=\"async\" loading=\"eager\" src=\"https:\/\/www.europesays.com\/nl\/wp-content\/uploads\/2025\/10\/1759386308_88_1024x576a.jpg\" class=\"sc-bcb3b750-1 cULYcE\"\/>Isra\u00eblisch ministerie van Buitenlandse Zaken op X De opgepakte activiste Greta Thunberg <\/p>\n<p>NOS Nieuws\u2022vandaag, 05:56\u2022Aangepast vandaag, 08:19<\/p>\n<p class=\"sc-2ea02837-0 fedhGB\" id=\"804021044713943\">De Nederlandse boot Mohammed Bhar, onderdeel is van de vloot die hulpgoederen naar Gaza wilde brengen, is onderschept door het Isra\u00eblische leger. Zeven opvarenden zijn aangehouden. Zes van hen hebben de Nederlandse nationaliteit, een heeft de Franse nationaliteit, meldt een woordvoerder van de organisatie.<\/p>\n<p class=\"sc-2ea02837-0 fedhGB\" id=\"110411885338098\">Daarnaast zijn vier andere leden van de Nederlandse delegatie aangehouden op andere boten. Op dit moment zijn er nog vijf leden van de Nederlandse delegatie op zee, meldt de woordvoerder. Het gaat om drie personen met de Nederlandse nationaliteit en twee mensen met een Nederlandse verblijfsvergunning.<\/p>\n<p class=\"sc-2ea02837-0 fedhGB\" id=\"794892323628788\">Van de tientallen boten zijn er zeker dertien onderschept. Dat meldt de organisatie achter de activistenvloot. De Isra\u00eblische marine <a data-tracking=\"elementType=page|elementId=https:\/\/nos.nl\/artikel\/2584828-israelische-marine-entert-boten-thunberg-en-andere-activisten-aangehouden|eventType=navigation|eventName=open\" target=\"_self\" href=\"https:\/\/nos.nl\/artikel\/2584828-israelische-marine-entert-boten-thunberg-en-andere-activisten-aangehouden\" rel=\"nofollow noopener\">enterde<\/a> gisteravond en vannacht een aantal boten die deel uitmaken van de vloot.<\/p>\n<p class=\"sc-2ea02837-0 fedhGB\" id=\"822418334762102\">Daarbij werd onder meer de Zweedse activiste Greta Thunberg aangehouden, zo is te zien op beelden die de organisatie achter de vloot zelf maakte:<\/p>\n<p><img alt=\"\" decoding=\"async\" loading=\"lazy\" src=\"https:\/\/www.europesays.com\/nl\/wp-content\/uploads\/2025\/10\/1759386308_707_1024x576a.jpg\" class=\"sc-35032481-1 jENweF\"\/><\/p>\n<p>Boten activistenvloot ge\u00ebnterd door Isra\u00eblische marine<\/p>\n<p class=\"sc-2ea02837-0 fedhGB\" id=\"239314708516223\">Sommige schepen bevinden zich nu op minder dan 50 kilometer van de Gazaanse kust, meldde de Global Sumud Flotilla rond 04.30 uur &#8217;s vanmorgen <a href=\"https:\/\/x.com\/GSMFlotilla\/status\/1973550670449090791\" data-tracking=\"elementType=external-link|elementId=https:\/\/x.com\/GSMFlotilla\/status\/1973550670449090791|eventType=navigation|eventName=open\" target=\"_blank\" rel=\"nofollow\">op X<\/a>. Dat zou een stuk dichterbij zijn dan activistenschip Madleen in juni kwam. De organisatie achter dat schip stelde toen dat Isra\u00ebl hun vaartuig <a data-tracking=\"elementType=page|elementId=https:\/\/nos.nl\/artikel\/2570535-madleen-in-israelische-haven-ashdod-israel-wil-activisten-het-land-uit-zetten|eventType=navigation|eventName=open\" target=\"_self\" href=\"https:\/\/nos.nl\/artikel\/2570535-madleen-in-israelische-haven-ashdod-israel-wil-activisten-het-land-uit-zetten\" rel=\"nofollow noopener\">op 200 kilometer<\/a> van de kust van Gaza enterde, in internationale wateren.<\/p>\n<p class=\"sc-2ea02837-0 fedhGB\" id=\"907244502350167\">Na de interventies van de Isra\u00eblische marine riep de radicaal-linkse Franse Europarlementari\u00ebr Emma Fourreau volgers op het X-account van de activistenvloot gisteravond op <a href=\"https:\/\/x.com\/GSMFlotilla\/status\/1973550488462434817\" data-tracking=\"elementType=external-link|elementId=https:\/\/x.com\/GSMFlotilla\/status\/1973550488462434817|eventType=navigation|eventName=open\" target=\"_blank\" rel=\"nofollow\">tot blokkades<\/a>. &#8220;Isra\u00ebl heeft de vloot tegengehouden. Laten we alles blokkeren. Blokkeer het land, leg de wereldeconomie lam. Laten we de missie van de vloot voltooien: maak een einde aan de blokkade, maak een einde aan de genocide in Gaza!&#8221;<\/p>\n<p>Protesten in wereldsteden<\/p>\n<p class=\"sc-2ea02837-0 fedhGB\" id=\"614765469953765\">Na het nieuws over de tegengehouden boten gingen in verschillende wereldsteden mensen <a data-tracking=\"elementType=page|elementId=https:\/\/nos.nl\/liveblog\/2584494-zweedse-activiste-greta-thunberg-en-anderen-aangehouden-protesten-tegen-blokkade-gaza-vloot#UPDATE-89226824|eventType=navigation|eventName=open\" target=\"_self\" href=\"https:\/\/nos.nl\/liveblog\/2584494-zweedse-activiste-greta-thunberg-en-anderen-aangehouden-protesten-tegen-blokkade-gaza-vloot#UPDATE-89226824\" rel=\"nofollow noopener\">de straat op<\/a> om hun steun te betuigen aan de Palestijnse bevolking en de activisten aan boord van schepen op weg naar Gaza. Onder meer in Rome, Athene, Istanbul, Berlijn, Madrid en Buenos Aires vonden betogingen plaats. In Den Haag meldde een kleine groep demonstranten zich bij het ministerie van Buitenlandse Zaken.<\/p>\n<p class=\"sc-2ea02837-0 fedhGB\" id=\"456610772505371\">Beelden van de protesten in verschillende Europese steden:<\/p>\n<p>Vorige slide<\/p>\n<p>Volgende slide<\/p>\n<p class=\"sc-2ea02837-0 fedhGB\" id=\"407074514354489\">Het Turkse ministerie van Buitenlandse Zaken noemde Isra\u00ebls &#8220;aanval&#8221; op de vloot &#8220;een terreurdaad&#8221;, dat de levens van onschuldige burgers in gevaar bracht. De Colombiaanse president Petro gaf opdracht tot de uitzetting van de nog aanwezige Isra\u00eblische diplomaten in het land vanwege de arrestatie van twee Colombianen die meevoeren. Isra\u00ebl heeft sinds vorig jaar geen ambassadeur meer in Colombia.<\/p>\n<p>Provocatie<\/p>\n<p class=\"sc-2ea02837-0 fedhGB\" id=\"747866255484749\">Het Isra\u00eblische ministerie van Buitenlandse Zaken <a href=\"https:\/\/x.com\/IsraelMFA\/status\/1973479557622899030\" data-tracking=\"elementType=external-link|elementId=https:\/\/x.com\/IsraelMFA\/status\/1973479557622899030|eventType=navigation|eventName=open\" target=\"_blank\" rel=\"nofollow\">bevestigde<\/a> gisteravond dat de marine meerdere schepen had tegengehouden en de opvarenden zou overbrengen naar een Isra\u00eblische haven. Daarbij plaatste het een korte video waarin te zien is dat Thunberg een flesje water en warm vest krijgt aangereikt. &#8220;Greta en haar vrienden maken het goed en zijn gezond&#8221;, luidt het bijschrift.<\/p>\n<p class=\"sc-2ea02837-0 fedhGB\" id=\"583555478542432\">Eerder had Isra\u00ebl de vloot al opgedragen niet langer koers te zetten richting Gaza. &#8220;Isra\u00ebl heeft de vloot laten weten dat het een actieve gevechtszone nadert en een wettige zeeblokkade schendt&#8221;, schreef het ministerie rond 20.30 uur Nederlandse tijd <a href=\"https:\/\/x.com\/IsraelMFA\/status\/1973454164526330102\" data-tracking=\"elementType=external-link|elementId=https:\/\/x.com\/IsraelMFA\/status\/1973454164526330102|eventType=navigation|eventName=open\" target=\"_blank\" rel=\"nofollow\">op X<\/a>. Rond dezelfde tijd zeiden activisten aan boord de eerste Isra\u00eblische marineschepen te zien die naar de vloot voeren.<\/p>\n<p class=\"sc-2ea02837-0 fedhGB\" id=\"879205202225984\">Volgens Isra\u00ebl is provocatie het enige doel van de activistenvloot, die door het ministerie steevast de &#8220;Hamas-Sumud-vloot&#8221; wordt genoemd (Sumud betekent &#8216;volharding&#8217; in het Arabisch, red.). Isra\u00ebl stelt dat onder meer Isra\u00ebl zelf, maar ook Itali\u00eb en Griekenland hebben aangeboden de hulpgoederen &#8220;vreedzaam via veilige kanalen naar Gaza te brengen&#8221;. &#8220;De vloot weigerde omdat ze niet ge\u00efnteresseerd waren in hulp, maar in provocatie&#8221;, aldus het ministerie <a href=\"https:\/\/x.com\/IsraelMFA\/status\/1973454164526330102\" data-tracking=\"elementType=external-link|elementId=https:\/\/x.com\/IsraelMFA\/status\/1973454164526330102|eventType=navigation|eventName=open\" target=\"_blank\" rel=\"nofollow\">op X<\/a>.<\/p>\n<p>Kleinzoon van Mandela<\/p>\n<p class=\"sc-2ea02837-0 fedhGB\" id=\"154867533191964\">Begin vorige maand vertrokken de eerste twintig boten van de vloot vanuit de haven in Barcelona. De Global Sumud Flotilla vervoert humanitaire goederen zoals voedsel, water en medicijnen vanwege de maandenlange Isra\u00eblische blokkade van goederen naar Gaza. De activisten willen met hun actie aandacht vragen voor de erbarmelijke situatie in Gaza.<\/p>\n<p class=\"sc-2ea02837-0 fedhGB\" id=\"226977093221832\">Gaandeweg sloten steeds meer boten vanuit verschillende landen zich aan. Inmiddels bestaat de vloot uit tientallen boten met ongeveer 500 mensen aan boord, onder wie journalisten en politici uit verschillende landen. Ook de kleinzoon van Nelson Mandela, Mandla Mandela, ging aan boord. <\/p>\n","protected":false},"excerpt":{"rendered":"Isra\u00eblisch ministerie van Buitenlandse Zaken op X De opgepakte activiste Greta Thunberg NOS Nieuws\u2022vandaag, 05:56\u2022Aangepast vandaag, 08:19 De&hellip;\n","protected":false},"author":2,"featured_media":11282,"comment_status":"","ping_status":"","sticky":false,"template":"","format":"standard","meta":{"footnotes":""},"categories":[15],"tags":[4013,39,40,48,43,44,738,3934,3935,4014,34,35,68,41,42,46,47,49,45,32,33,50,36,37,38,67,64,65,66],"class_list":{"0":"post-11281","1":"post","2":"type-post","3":"status-publish","4":"format-standard","5":"has-post-thumbnail","7":"category-wereld","8":"tag-activist","9":"tag-breaking-news","10":"tag-breakingnews","11":"tag-dutch","12":"tag-featured-news","13":"tag-featurednews","14":"tag-gaza","15":"tag-gaza-vloot","16":"tag-global-sumud-flotilla","17":"tag-greta-thunberg","18":"tag-headlines","19":"tag-hoofdpunten","20":"tag-israel","21":"tag-latest-news","22":"tag-latestnews","23":"tag-nederland","24":"tag-nederlanden","25":"tag-nederlands","26":"tag-netherlands","27":"tag-news","28":"tag-nieuws","29":"tag-nl","30":"tag-top-stories","31":"tag-topstories","32":"tag-voorpaginanieuws","33":"tag-wereld","34":"tag-world","35":"tag-world-news","36":"tag-worldnews"},"share_on_mastodon":{"url":"","error":""},"_links":{"self":[{"href":"https:\/\/www.europesays.com\/nl\/wp-json\/wp\/v2\/posts\/11281","targetHints":{"allow":["GET"]}}],"collection":[{"href":"https:\/\/www.europesays.com\/nl\/wp-json\/wp\/v2\/posts"}],"about":[{"href":"https:\/\/www.europesays.com\/nl\/wp-json\/wp\/v2\/types\/post"}],"author":[{"embeddable":true,"href":"https:\/\/www.europesays.com\/nl\/wp-json\/wp\/v2\/users\/2"}],"replies":[{"embeddable":true,"href":"https:\/\/www.europesays.com\/nl\/wp-json\/wp\/v2\/comments?post=11281"}],"version-history":[{"count":0,"href":"https:\/\/www.europesays.com\/nl\/wp-json\/wp\/v2\/posts\/11281\/revisions"}],"wp:featuredmedia":[{"embeddable":true,"href":"https:\/\/www.europesays.com\/nl\/wp-json\/wp\/v2\/media\/11282"}],"wp:attachment":[{"href":"https:\/\/www.europesays.com\/nl\/wp-json\/wp\/v2\/media?parent=11281"}],"wp:term":[{"taxonomy":"category","embeddable":true,"href":"https:\/\/www.europesays.com\/nl\/wp-json\/wp\/v2\/categories?post=11281"},{"taxonomy":"post_tag","embeddable":true,"href":"https:\/\/www.europesays.com\/nl\/wp-json\/wp\/v2\/tags?post=11281"}],"curies":[{"name":"wp","href":"https:\/\/api.w.org\/{rel}","templated":true}]}}