{"id":113203,"date":"2026-01-16T10:44:27","date_gmt":"2026-01-16T10:44:27","guid":{"rendered":"https:\/\/www.europesays.com\/nl\/113203\/"},"modified":"2026-01-16T10:44:27","modified_gmt":"2026-01-16T10:44:27","slug":"we-krijgen-nog-een-elfstedentocht-deze-eeuw-becijfert-het-knmi","status":"publish","type":"post","link":"https:\/\/www.europesays.com\/nl\/113203\/","title":{"rendered":"We krijgen nog \u00e9\u00e9n Elfstedentocht deze eeuw, becijfert het KNMI"},"content":{"rendered":"<p>Dat is niet het volledige verhaal, want er zijn variabelen die invloed hebben op het klimaat en dus ook op de kans dat er een Elfstedentocht kan worden georganiseerd.<\/p>\n<p>Dan gaat het bijvoorbeeld over de uitstoot van CO2. Er zijn drie scenario&#8217;s doorberekend: eentje met een minimale uitstoot, eentje met een maximale uitstoot en een scenario daar tussenin.<\/p>\n<p>&#8220;We zitten op het middelste scenario, maar met het huidige politieke klimaat aan de andere kant van de Atlantische Oceaan is het aannemelijk dat we misschien nog ongunstiger uitkomen en dus dat we in het hoogste emissiescenario terechtkomen&#8221;, denkt De Bruijn.<\/p>\n<p>&#8220;En als je dan alles bekijkt over het hele tijdvak&#8230; dan kom je uit op \u00e9\u00e9n \u00e0 anderhalve tocht in negentig jaar.&#8221;<\/p>\n<p>Om de kans op die ene Elfstedentocht nog wat groter te maken is menselijk handelen misschien nog een optie, volgens het KNMI<\/p>\n<p>Het instituut denkt aan ijstransplantaties of zelfs het sneeuwvrij maken van het ijs met behulp van drones.<\/p>\n","protected":false},"excerpt":{"rendered":"Dat is niet het volledige verhaal, want er zijn variabelen die invloed hebben op het klimaat en dus&hellip;\n","protected":false},"author":2,"featured_media":113204,"comment_status":"","ping_status":"","sticky":false,"template":"","format":"standard","meta":{"footnotes":"","_share_on_mastodon":"0"},"categories":[12],"tags":[39,40,345,48,18688,43,44,34,35,905,4418,41,42,46,47,49,45,32,33,9339,50,36,37,38],"class_list":["post-113203","post","type-post","status-publish","format-standard","has-post-thumbnail","category-nederland","tag-breaking-news","tag-breakingnews","tag-co2","tag-dutch","tag-elfstedentocht","tag-featured-news","tag-featurednews","tag-headlines","tag-hoofdpunten","tag-ijs","tag-knmi","tag-latest-news","tag-latestnews","tag-nederland","tag-nederlanden","tag-nederlands","tag-netherlands","tag-news","tag-nieuws","tag-nieuwsbrief3","tag-nl","tag-top-stories","tag-topstories","tag-voorpaginanieuws"],"share_on_mastodon":{"url":"https:\/\/pubeurope.com\/@nl\/115904372004057046","error":""},"_links":{"self":[{"href":"https:\/\/www.europesays.com\/nl\/wp-json\/wp\/v2\/posts\/113203","targetHints":{"allow":["GET"]}}],"collection":[{"href":"https:\/\/www.europesays.com\/nl\/wp-json\/wp\/v2\/posts"}],"about":[{"href":"https:\/\/www.europesays.com\/nl\/wp-json\/wp\/v2\/types\/post"}],"author":[{"embeddable":true,"href":"https:\/\/www.europesays.com\/nl\/wp-json\/wp\/v2\/users\/2"}],"replies":[{"embeddable":true,"href":"https:\/\/www.europesays.com\/nl\/wp-json\/wp\/v2\/comments?post=113203"}],"version-history":[{"count":0,"href":"https:\/\/www.europesays.com\/nl\/wp-json\/wp\/v2\/posts\/113203\/revisions"}],"wp:featuredmedia":[{"embeddable":true,"href":"https:\/\/www.europesays.com\/nl\/wp-json\/wp\/v2\/media\/113204"}],"wp:attachment":[{"href":"https:\/\/www.europesays.com\/nl\/wp-json\/wp\/v2\/media?parent=113203"}],"wp:term":[{"taxonomy":"category","embeddable":true,"href":"https:\/\/www.europesays.com\/nl\/wp-json\/wp\/v2\/categories?post=113203"},{"taxonomy":"post_tag","embeddable":true,"href":"https:\/\/www.europesays.com\/nl\/wp-json\/wp\/v2\/tags?post=113203"}],"curies":[{"name":"wp","href":"https:\/\/api.w.org\/{rel}","templated":true}]}}