{"id":113355,"date":"2026-01-16T13:51:08","date_gmt":"2026-01-16T13:51:08","guid":{"rendered":"https:\/\/www.europesays.com\/nl\/113355\/"},"modified":"2026-01-16T13:51:08","modified_gmt":"2026-01-16T13:51:08","slug":"hoe-doet-leonie-ter-braak-het-als-rtl-tonight-host-aanfluiting","status":"publish","type":"post","link":"https:\/\/www.europesays.com\/nl\/113355\/","title":{"rendered":"Hoe doet Leonie ter Braak het als RTL Tonight-host? \u2018Aanfluiting\u2019"},"content":{"rendered":"<p>Leonie ter Braak heeft haar eerste volle week als RTL Tonight-host er bijna op zitten. Gaat zij het programma uit de afgrond helpen? \u201cLeuke vrouw, maar ze kan absoluut niet een talkshow doen.\u201d<\/p>\n<p>        Door onze entertainmentredactie<\/p>\n<p>        <img fetchpriority=\"high\" decoding=\"async\" width=\"1280\" height=\"720\" src=\"https:\/\/www.europesays.com\/nl\/wp-content\/uploads\/2026\/01\/0116-Leonie-ter-Braak.jpg\" class=\"attachment-post-thumbnail size-post-thumbnail wp-post-image\" alt=\"Leonie ter Braak\"  \/>        \u00a9 RTL    <\/p>\n<p>De grote vraag is niet \u00f3f, maar wann\u00e9\u00e9r de desk van RTL Tonight weer wordt ingeruild voor een tafel. Bijna alle \u2018nieuwe\u2019 elementen zijn al uit het programma gesloopt, maar als die desk is gesloopt, is het programma pas \u00e9cht weer zoals de talkshows Beau, Humberto en Renze waren. Moest Renze Klamer hiervoor nou het veld ruimen? Krankzinnig.<\/p>\n<p>Bennemars<\/p>\n<p>Johan Derksen begrijpt wel dat Renze intern forse kritiek uitte op het aanvankelijke format van RTL Tonight. Dat heeft hem wel de kop gekost. \u201cRenze Klamer heeft bewezen dat ze helemaal fout zitten. Die is heel moedig geweest\u201d, zegt de VI-snor in zijn podcast <a href=\"https:\/\/www.youtube.com\/watch?v=LQ7fUJHAbpQ\" rel=\"nofollow noopener\" target=\"_blank\">Groeten uit Grolloo<\/a>.<\/p>\n<p>\u201cRenze heeft gezegd van: \u2018Ik word door een meneer die van zichzelf vindt dat hij h\u00e9\u00e9l veel verstand heeft van tv-maken opgezadeld met een uur vol lullige rubriekjes van Bennemars (Erben Wennemars, red.) enzo.\u2019 Die vult dan een rubriekje waar geen h\u00f3nd in ge\u00efnteresseerd is. Ik vind hem niet grappig en ik vind hem ook niet leuk praten.\u201d<\/p>\n<p>Hobbelen<\/p>\n<p>Vaste gasten als Erben Wennemars zijn volgens Johan een verschrikking. \u201cHij grijpt iedere gelegenheid aan, iedere avond, om even te melden dat zijn zoon zich gekwalificeerd heeft voor drie afstanden op de Olympische Spelen, maar daar zit hij niet voor en daar storen de mensen zich aan.\u201d<\/p>\n<p>Renze had \u2018groot gelijk\u2019 over RTL Tonight, aldus de VI-snor. \u201cHumberto en Beau hobbelen lekker mee, die pakken hun poen en die zijn te laf om te zeggen van: \u2018Er deugt niks van dit programma.\u2019 Ze maken zichzelf wijs van: ze zoeken het maar uit, maar het geld wordt overgemaakt.\u201d<\/p>\n<p>\u2018Leonie? Nee!\u2019<\/p>\n<p>Vindt Johan het niet beter worden met Leonie ter Braak? \u201cJa, nu zit dat meisje dat eerst bij ons werkte er, Leonie ter Braak. Een hartstikke leuke vrouw, maar ze kan absoluut niet een talkshow doen. Ja, het is echt een aanfluiting dat programma. En die Peter van der Vorst grijpt maar niet in. Ze hadden allemaal dure mensen aangetrokken.\u201d<\/p>\n<p>\u201cKlamer heeft van zich afgebeten, die heeft kritiek gehad en zo\u2019n man die het allemaal bedacht heeft en Peter van der Vorst die het gerealiseerd heeft, die zijn er niet van gediend. \u2018Nou, als jij weg wil, ga je maar weg. Voor jou tien anderen!\u2019\u201d<\/p>\n<p>Oliedom<\/p>\n<p>Oliedom, vindt Johan dat. \u201cKlamer is toevallig de beste man die ze in huis hebben. Zet hem er neer en laat hem de invulling doen. Dan gaat het programma weer lopen, want die Klamer deed het uitstekend.\u201d<\/p>\n<p>Is Renze niet iets voor SBS 6? \u201cNee, want wij hebben Wilfred en hij is niet te overtreffen.\u201d<\/p>\n<p>En voor de VI-vervanging? \u201cNee, want daar hebben we H\u00e9l\u00e8ne voor. Als er ooit een ander programma komt bij SBS, dan is die man uitermate geschikt.\u201d<\/p>\n<p>Dure gasten<\/p>\n<p>Het kan volgens Johan niet lang meer duren of de formatwijziging op de late avond van RTL 4 wordt teruggedraaid. \u201cEr zal toch een keer iemand zeggen: \u2018Jongens, we zijn op de verkeerde weg!\u2019\u201d<\/p>\n<p>\u201cAl die dure gasten zie je ook nooit meer. Die hebben waanzinnige salarissen gekregen om af en toe een keer aan te schuiven, maar ze schuiven nooit aan!\u201d<\/p>\n","protected":false},"excerpt":{"rendered":"Leonie ter Braak heeft haar eerste volle week als RTL Tonight-host er bijna op zitten. Gaat zij het&hellip;\n","protected":false},"author":2,"featured_media":113356,"comment_status":"","ping_status":"","sticky":false,"template":"","format":"standard","meta":{"footnotes":""},"categories":[28],"tags":[99,48,98,192,15483,46,47,49,45,50,920,124],"class_list":{"0":"post-113355","1":"post","2":"type-post","3":"status-publish","4":"format-standard","5":"has-post-thumbnail","7":"category-tv","8":"tag-amusement","9":"tag-dutch","10":"tag-entertainment","11":"tag-johan-derksen","12":"tag-leonie-ter-braak","13":"tag-nederland","14":"tag-nederlanden","15":"tag-nederlands","16":"tag-netherlands","17":"tag-nl","18":"tag-rtl-tonight","19":"tag-tv"},"share_on_mastodon":{"url":"https:\/\/pubeurope.com\/@nl\/115905107245858830","error":""},"_links":{"self":[{"href":"https:\/\/www.europesays.com\/nl\/wp-json\/wp\/v2\/posts\/113355","targetHints":{"allow":["GET"]}}],"collection":[{"href":"https:\/\/www.europesays.com\/nl\/wp-json\/wp\/v2\/posts"}],"about":[{"href":"https:\/\/www.europesays.com\/nl\/wp-json\/wp\/v2\/types\/post"}],"author":[{"embeddable":true,"href":"https:\/\/www.europesays.com\/nl\/wp-json\/wp\/v2\/users\/2"}],"replies":[{"embeddable":true,"href":"https:\/\/www.europesays.com\/nl\/wp-json\/wp\/v2\/comments?post=113355"}],"version-history":[{"count":0,"href":"https:\/\/www.europesays.com\/nl\/wp-json\/wp\/v2\/posts\/113355\/revisions"}],"wp:featuredmedia":[{"embeddable":true,"href":"https:\/\/www.europesays.com\/nl\/wp-json\/wp\/v2\/media\/113356"}],"wp:attachment":[{"href":"https:\/\/www.europesays.com\/nl\/wp-json\/wp\/v2\/media?parent=113355"}],"wp:term":[{"taxonomy":"category","embeddable":true,"href":"https:\/\/www.europesays.com\/nl\/wp-json\/wp\/v2\/categories?post=113355"},{"taxonomy":"post_tag","embeddable":true,"href":"https:\/\/www.europesays.com\/nl\/wp-json\/wp\/v2\/tags?post=113355"}],"curies":[{"name":"wp","href":"https:\/\/api.w.org\/{rel}","templated":true}]}}