{"id":113389,"date":"2026-01-16T14:29:09","date_gmt":"2026-01-16T14:29:09","guid":{"rendered":"https:\/\/www.europesays.com\/nl\/113389\/"},"modified":"2026-01-16T14:29:09","modified_gmt":"2026-01-16T14:29:09","slug":"helene-hendriks-loog-over-jack-van-gelder-ja-ik-schreeuwde","status":"publish","type":"post","link":"https:\/\/www.europesays.com\/nl\/113389\/","title":{"rendered":"H\u00e9l\u00e8ne Hendriks loog over Jack van Gelder: &#8216;Ja, ik schreeuwde&#8217;"},"content":{"rendered":"<p>H\u00e9l\u00e8ne Hendriks blijft maar liegen en draaien in de rel over Jack van Gelder. Ze beschermt haar oud-co-host, maar verloochent haar kijkers. \u201cJack heeft driftige buien met schreeuwen als gevolg\u201d, zegt Johan Derksen. <\/p>\n<p>        Door onze entertainmentredactie<\/p>\n<p>        <img fetchpriority=\"high\" decoding=\"async\" width=\"1280\" height=\"720\" src=\"https:\/\/www.europesays.com\/nl\/wp-content\/uploads\/2026\/01\/0816-Helene-Jack.jpg\" class=\"attachment-post-thumbnail size-post-thumbnail wp-post-image\" alt=\"H\u00e9l\u00e8ne Hendriks en Jack van Gelder\"  \/>        \u00a9 SBS    <\/p>\n<p>Het is ongekend hoe H\u00e9l\u00e8ne Hendriks zich opstelt in de rel over de afwezigheid van Jack van Gelder bij De Oranjewinter. Ze is niet eerlijk tegen haar kijkers en dat is totaal niet des VI\u2019s. Johan Derksen lijkt zich eraan te irriteren, want hij corrigeert de uitspraken van zijn collega nu in gesprek met <a href=\"https:\/\/www.mediacourant.nl\/2026\/01\/helene-hendriks-loog-over-jack-van-gelder-ja-ik-schreeuwde\/.ad.nl\/show\/johan-derksen-talpa-hield-jack-van-gelder-wel-uit-de-oranjewinter-wegens-driftbuien~af086c97\/\" rel=\"nofollow noopener\" target=\"_blank\">De Gelderlander<\/a>.<\/p>\n<p>Liegen en draaien<\/p>\n<p>Jack is er tijdens de huidige editie van De Oranjewinter niet bij en daar doet iedereen extreem ongemakkelijk over. Zelf zei de presentator dat Talpa hem had afgebeld, H\u00e9l\u00e8ne riep iets over vakanties en daarna zou het weer een keuze geweest zijn van de redactie. Niet veel later onthulde Johan Derksen dat Jack niet goed ligt bij Talpa-baas Frans Klein. <\/p>\n<p>Volgens zowel Johan als het juicekanaal Reality FBI ligt Jack eruit vanwege schreeuwen achter de schermen. H\u00e9l\u00e8ne kwam gisteren voor het eerst op tv met een verklaring over de rel, maar <a href=\"https:\/\/www.mediacourant.nl\/2026\/01\/helene-hendriks-reageert-eindelijk-op-jack-exit-nu-liever-rutger\/\" rel=\"nofollow noopener\" target=\"_blank\">ontkende<\/a> daarin dat Jack zich zou hebben misdragen. Het zou puur een inhoudelijke keuze zijn. Een leugen, blijkt nu.<\/p>\n<p>Johan grijpt in<\/p>\n<p>Johan, die overigens fan is van Jack aan tafel, stelt nu dat H\u00e9l\u00e8ne niet de waarheid spreekt. \u201cJack heeft driftige buien met schreeuwpartijen als gevolg. H\u00e9l\u00e8ne is team Jack. De beslissing om Van Gelder thuis te laten, komt bij Talpa vandaan.\u201d<\/p>\n<p>\u201cFrans Klein werkte bij De wereld draait door toen daar de rel ontstond van het zogenaamde grensoverschrijdende gedrag van Mathijs van Nieuwkerk. Hij wil niet nogmaals zo\u2019n rel onder zijn leiding.\u201d<\/p>\n<p>Jack bekent<\/p>\n<p>Jack, die gisteren nog aangaf zich niet te herkennen in de berichtgeving van het juicekanaal Reality FBI, bekent nu toch dat hij zich misdragen heeft. <\/p>\n<p>Hij zegt tegen dezelfde krant dat hij telefonisch boos is geworden op een redactielid en toen ook geschreeuwd heeft. \u201cDat ging over inhoud. Ja, ik werd echt kwaad. Het is veel gedoe om niets. Ik schuif aankomende zomer gewoon aan. Men koos voor Rutger omdat hij maanden afwezig was.\u201d<\/p>\n","protected":false},"excerpt":{"rendered":"H\u00e9l\u00e8ne Hendriks blijft maar liegen en draaien in de rel over Jack van Gelder. Ze beschermt haar oud-co-host,&hellip;\n","protected":false},"author":2,"featured_media":113390,"comment_status":"","ping_status":"","sticky":false,"template":"","format":"standard","meta":{"footnotes":""},"categories":[5],"tags":[39,40,48,43,44,34,581,35,378,192,41,42,46,47,49,45,32,33,50,36,37,38],"class_list":{"0":"post-113389","1":"post","2":"type-post","3":"status-publish","4":"format-standard","5":"has-post-thumbnail","7":"category-hoofdpunten","8":"tag-breaking-news","9":"tag-breakingnews","10":"tag-dutch","11":"tag-featured-news","12":"tag-featurednews","13":"tag-headlines","14":"tag-helene-hendriks","15":"tag-hoofdpunten","16":"tag-jack-van-gelder","17":"tag-johan-derksen","18":"tag-latest-news","19":"tag-latestnews","20":"tag-nederland","21":"tag-nederlanden","22":"tag-nederlands","23":"tag-netherlands","24":"tag-news","25":"tag-nieuws","26":"tag-nl","27":"tag-top-stories","28":"tag-topstories","29":"tag-voorpaginanieuws"},"share_on_mastodon":{"url":"https:\/\/pubeurope.com\/@nl\/115905256645499086","error":""},"_links":{"self":[{"href":"https:\/\/www.europesays.com\/nl\/wp-json\/wp\/v2\/posts\/113389","targetHints":{"allow":["GET"]}}],"collection":[{"href":"https:\/\/www.europesays.com\/nl\/wp-json\/wp\/v2\/posts"}],"about":[{"href":"https:\/\/www.europesays.com\/nl\/wp-json\/wp\/v2\/types\/post"}],"author":[{"embeddable":true,"href":"https:\/\/www.europesays.com\/nl\/wp-json\/wp\/v2\/users\/2"}],"replies":[{"embeddable":true,"href":"https:\/\/www.europesays.com\/nl\/wp-json\/wp\/v2\/comments?post=113389"}],"version-history":[{"count":0,"href":"https:\/\/www.europesays.com\/nl\/wp-json\/wp\/v2\/posts\/113389\/revisions"}],"wp:featuredmedia":[{"embeddable":true,"href":"https:\/\/www.europesays.com\/nl\/wp-json\/wp\/v2\/media\/113390"}],"wp:attachment":[{"href":"https:\/\/www.europesays.com\/nl\/wp-json\/wp\/v2\/media?parent=113389"}],"wp:term":[{"taxonomy":"category","embeddable":true,"href":"https:\/\/www.europesays.com\/nl\/wp-json\/wp\/v2\/categories?post=113389"},{"taxonomy":"post_tag","embeddable":true,"href":"https:\/\/www.europesays.com\/nl\/wp-json\/wp\/v2\/tags?post=113389"}],"curies":[{"name":"wp","href":"https:\/\/api.w.org\/{rel}","templated":true}]}}