{"id":113492,"date":"2026-01-16T16:33:16","date_gmt":"2026-01-16T16:33:16","guid":{"rendered":"https:\/\/www.europesays.com\/nl\/113492\/"},"modified":"2026-01-16T16:33:16","modified_gmt":"2026-01-16T16:33:16","slug":"vaticaan-en-venezuela-nrc","status":"publish","type":"post","link":"https:\/\/www.europesays.com\/nl\/113492\/","title":{"rendered":"Vaticaan en Venezuela &#8211; NRC"},"content":{"rendered":"<p>In Itali\u00eb domineert de thuiskomst van Alberto Trentini en Mario Burl\u00f2 het nieuws. De hulpverlener Trentini en zakenman Burl\u00f2 zaten meer dan een jaar vast als politieke gevangenen in Venezuela. De rechtse regering van premier Giorgia Meloni, een medestander van de Amerikaanse president Donald Trump, wist zeer snel diplomatiek voordeel te halen uit de machtswissel in Caracas. De VS ontvoerden op 3 januari president Nicol\u00e1s Maduro,  die werd opgevolgd door vicepresident Delcy Rodr\u00edguez.<\/p>\n<p>Op kerstavond, toen de spanning tussen de VS en Venezuela al flink was opgelopen, werden vanuit Rome  andere diplomatieke pogingen ondernomen om in die crisis iets te betekenen. Staatssecretaris Pietro Parolin (een functie vergelijkbaar met die van premier) probeerde die dag via een gesprek met de Amerikaanse ambassadeur bij de Heilige Stoel het vertrek van Nicol\u00e1s Maduro naar Rusland te regelen. Parolin wilde zo militair ingrijpen in Caracas en het daarbij dreigende bloedvergieten voorkomen. Dat meldt de <a href=\"https:\/\/www.washingtonpost.com\/world\/2026\/01\/09\/venezuela-us-maduro-capture-vatican-russia\/\" rel=\"nofollow noopener\" target=\"_blank\">Washington Post<\/a>, die documenten over die ontmoeting kon inkijken.<\/p>\n<p>Dat lukte niet. De VS ontvoerden Maduro en zijn vrouw Cilia Flores, en brachten hen naar de VS. Volgens de Venezolaanse autoriteiten vielen daarbij <a href=\"https:\/\/www.reuters.com\/world\/americas\/venezuelas-interior-minister-says-100-people-died-us-attack-2026-01-08\/\" rel=\"nofollow noopener\" target=\"_blank\">honderd doden<\/a>. <\/p>\n<p>Dooi tussen VS en Cuba<\/p>\n<p>Hoewel deze diplomatieke actie mislukte, is Pietro Parolin (70) een ervaren rot in de Vaticaanse diplomatie die in het verleden mooie successen heeft behaald. Ben Rhodes, acht jaar lang adviseur en naaste medewerker van president Barack Obama, beschrijft in zijn memoires hoe Parolin nauw betrokken was bij de dooi tussen de VS en Cuba, in 2014.<\/p>\n<p>Dat jaar betekende een keerpunt in de relatie tussen beide landen, na meer dan een halve eeuw vijandigheid. Toen het overleg vergevorderd was, ontmoetten beide partijen elkaar in het Vaticaan. Wijlen paus Franciscus was de neutrale derde die de historische toenadering overzag. Rhodes herinnert zich dat Parolin zei God dankbaar te zijn dat hij de verzoening mocht begeleiden. \u201eAls alles hier tot een goed einde wordt gebracht, dan moeten we champagne schenken!\u201d, fluisterde Parolin in Rhodes\u2019 oor.<\/p>\n<p><img alt=\"De stille diplomatie van het Vaticaan in actie: president Volodymyr Zelensky ontmoet de Amerikaanse president Donald Trump  in de marge van de begrafenis van paus Franciscus in de Sint Pieter in Vaticaanstad. \" data-lightbox-highres=\"https:\/\/images.nrc.nl\/p16cqdKyjLRa-pKx-7OzYBLQqto=\/1920x\/filters:no_upscale()\/s3\/static.nrc.nl\/wp-content\/uploads\/2026\/01\/15160436\/150126BUI_2029858551_Vaticaan_Diplomatie1.jpg\" data-lightbox-highres-webp=\"https:\/\/images.nrc.nl\/JljkOzSaRE6rOBVcSx87uyww3K0=\/1920x\/filters:no_upscale():format(webp)\/s3\/static.nrc.nl\/wp-content\/uploads\/2026\/01\/15160436\/150126BUI_2029858551_Vaticaan_Diplomatie1.jpg\" data-lightbox-zoom=\"https:\/\/images.nrc.nl\/p16cqdKyjLRa-pKx-7OzYBLQqto=\/1920x\/filters:no_upscale()\/s3\/static.nrc.nl\/wp-content\/uploads\/2026\/01\/15160436\/150126BUI_2029858551_Vaticaan_Diplomatie1.jpg\" data-lightbox-zoom-webp=\"https:\/\/images.nrc.nl\/JljkOzSaRE6rOBVcSx87uyww3K0=\/1920x\/filters:no_upscale():format(webp)\/s3\/static.nrc.nl\/wp-content\/uploads\/2026\/01\/15160436\/150126BUI_2029858551_Vaticaan_Diplomatie1.jpg\" data-open-in-lightbox=\"true\" decoding=\"async\" height=\"1997\" loading=\"lazy\" src=\"https:\/\/www.europesays.com\/nl\/wp-content\/uploads\/2026\/01\/150126BUI_2029858551_Vaticaan_Diplomatie1.jpg\"  width=\"2728\"\/><\/p>\n<p class=\"caption\" id=\"figcaption-1\">De stille diplomatie van het Vaticaan in actie: president Volodymyr Zelensky ontmoet de Amerikaanse president Donald Trump  in de marge van de begrafenis van paus Franciscus in de Sint Pieter in Vaticaanstad. <\/p>\n<p>Foto Office of the President of Ukraine via Getty Images<\/p>\n<p>Zoom in<\/p>\n<p>Het Vaticaan speelde tussen 2012 en 2016 ook een discrete maar moreel invloedrijke rol in de vredesgesprekken tussen de Colombiaanse overheid en de rebellengroep FARC, zegt de Belgische theoloog en filosoof Emmanuel Van Lierde, een goed ge\u00efnformeerde insider van het Vaticaan, aan de telefoon. De bemiddeling eindigde in 2016 in een vredesakkoord. Dat Parolin gezien zijn functie recent ook in Venezuela een rol probeerde te spelen, verbaast hem niet. \u201eHij heeft bovendien een bijzondere band met het land, want hij was er vier jaar lang de pauselijke nuntius, of ambassadeur.\u201d<\/p>\n<p>Ook onder wijlen paus Franciscus was de aandacht voor de voortslepende humanitaire crisis in Venezuela, als gevolg van wanbeleid, corruptie en drugs, al groot. \u201eVergeet niet dat Franciscus een jezu\u00efet was, en dat Arturo Sosa, de generaal-overste van de jezu\u00efeten, uit Venezuela komt.\u201d De gevoeligheid voor de barre situatie van de gewone Venezolanen kwam via Sosa extra op de radar van het Vaticaan, maar zeker ook via de informatie van de talloze bisschoppen en priesters in het land. <\/p>\n<p><img alt=\"Paus Benedictus (r.)  met Pietro Parolin in Vaticaanstad  in 2009. \" data-lightbox-highres=\"https:\/\/images.nrc.nl\/9oOje-mgzVn6JiazO4_h5pomEMM=\/1920x\/filters:no_upscale()\/s3\/static.nrc.nl\/wp-content\/uploads\/2026\/01\/15160441\/150126BUI_2029858551_Vaticaan_Diplomatie2.jpg\" data-lightbox-highres-webp=\"https:\/\/images.nrc.nl\/pkWJodBeW_V9OQkSGwX8GlssTYk=\/1920x\/filters:no_upscale():format(webp)\/s3\/static.nrc.nl\/wp-content\/uploads\/2026\/01\/15160441\/150126BUI_2029858551_Vaticaan_Diplomatie2.jpg\" data-lightbox-zoom=\"https:\/\/images.nrc.nl\/9oOje-mgzVn6JiazO4_h5pomEMM=\/1920x\/filters:no_upscale()\/s3\/static.nrc.nl\/wp-content\/uploads\/2026\/01\/15160441\/150126BUI_2029858551_Vaticaan_Diplomatie2.jpg\" data-lightbox-zoom-webp=\"https:\/\/images.nrc.nl\/pkWJodBeW_V9OQkSGwX8GlssTYk=\/1920x\/filters:no_upscale():format(webp)\/s3\/static.nrc.nl\/wp-content\/uploads\/2026\/01\/15160441\/150126BUI_2029858551_Vaticaan_Diplomatie2.jpg\" data-open-in-lightbox=\"true\" decoding=\"async\" height=\"3597\" loading=\"lazy\" src=\"https:\/\/www.europesays.com\/nl\/wp-content\/uploads\/2026\/01\/150126BUI_2029858551_Vaticaan_Diplomatie2.jpg\"  width=\"3066\"\/><\/p>\n<p class=\"caption\" id=\"figcaption-2\">Paus Benedictus (r.)  met Pietro Parolin in Vaticaanstad  in 2009. <\/p>\n<p>Foto Grzegorz Galazka\\Mondadori via Getty Images<\/p>\n<p>Zoom in<\/p>\n<p>Diplomatieke kracht van ministaat<\/p>\n<p>Van Lierde omschrijft het uitgebreide, wereldwijde netwerk van het Vaticaan als de diplomatieke kracht van de kerkelijke ministaat in hartje Rome. De paus beschikt over een schat aan informatie over de toestand in de wereld, in de eerste plaats via het netwerk van ambassadeurs. \u201eHij is zowel religieus leider als staatshoofd\u201d, zegt de theoloog. \u201eDaarom heeft hij een uitgebreid netwerk van nuntii [ambassadeurs].\u201d Tegelijk zijn ambassadeurs benoemd bij de Heilige Stoel. Tussen hen organiseert het Vaticaanse staatssecretariaat elke maand een multilateraal overleg, vaak per continent. Ambassadeurs omschrijven de post bij de Heilige Stoel als een van de interessantste uit hun carri\u00e8re: <\/p>\n<p>Bovendien is de kerk tot in de verste uithoeken van de wereld aanwezig met priesters, religieuzen, missionarissen, sociale organisaties en gelovigen. Van Lierde: \u201eDaardoor behoren de kerk en het Vaticaan tot de best ge\u00efnformeerde instanties ter wereld.\u201d Met al die informatie probeert de kerk iets waardevols te doen, zich neutraal op te stellen in conflicten, en het geweten van de wereld te spelen, zegt de Vaticaankenner.<\/p>\n<p><img alt=\"In een beeld vrijgegeven door de Vaticaanse Media spreekt paus Leo XIV op 17 november 2025 het Vaticaanse diplomatieke corps toe. Rechts is staatssecretaris kardinaal Pietro Parolin te zien.\" data-lightbox-highres=\"https:\/\/images.nrc.nl\/uZmL0Bw_S2YWfaGOObvShdHtV4I=\/1920x\/filters:no_upscale()\/s3\/static.nrc.nl\/wp-content\/uploads\/2026\/01\/16105022\/150126BUI_2029858551_pausnu.jpg\" data-lightbox-highres-webp=\"https:\/\/images.nrc.nl\/oNcgGcHA3uMQnyewBl25U6Jt0oc=\/1920x\/filters:no_upscale():format(webp)\/s3\/static.nrc.nl\/wp-content\/uploads\/2026\/01\/16105022\/150126BUI_2029858551_pausnu.jpg\" data-lightbox-zoom=\"https:\/\/images.nrc.nl\/uZmL0Bw_S2YWfaGOObvShdHtV4I=\/1920x\/filters:no_upscale()\/s3\/static.nrc.nl\/wp-content\/uploads\/2026\/01\/16105022\/150126BUI_2029858551_pausnu.jpg\" data-lightbox-zoom-webp=\"https:\/\/images.nrc.nl\/oNcgGcHA3uMQnyewBl25U6Jt0oc=\/1920x\/filters:no_upscale():format(webp)\/s3\/static.nrc.nl\/wp-content\/uploads\/2026\/01\/16105022\/150126BUI_2029858551_pausnu.jpg\" data-open-in-lightbox=\"true\" decoding=\"async\" height=\"4725\" loading=\"lazy\" src=\"https:\/\/www.europesays.com\/nl\/wp-content\/uploads\/2026\/01\/150126BUI_2029858551_pausnu.jpg\"  width=\"7079\"\/><\/p>\n<p class=\"caption\" id=\"figcaption-3\">In een beeld vrijgegeven door de Vaticaanse Media spreekt paus Leo XIV op 17 november 2025 het Vaticaanse diplomatieke corps toe. Rechts is staatssecretaris kardinaal Pietro Parolin te zien.<\/p>\n<p>Foto Vaticaan media\/ANP<\/p>\n<p>Zoom in<\/p>\n<p>Maar het morele gezag van de paus en dus de invloed van het Vaticaan botsen tegenwoordig snel op harde machtspolitiek. Een oorlog plaatst de paus, die niet openlijk partij wil kiezen, in een lastige positie. \u201eZo sprak wijlen Franciscus over het \u2018gemartelde Oekra\u00efne\u2019, zonder de Russische president Poetin bij naam te noemen. Daarvoor kreeg hij kritiek\u201d, zegt de theoloog. \u201eMaar het was wel degelijk een grote persoonlijke frustratie dat hij die oorlog niet kon stoppen.\u201d Van Franciscus is verder bekend dat hij zeer frequent met de belaagde kleine parochie in Gaza-Stad belde.<\/p>\n<p>Zijn opvolger Leo, nog vrij vers in zijn pontificaat, is behoedzamer en spreekt zich politiek veel minder snel uit. \u201eHij is een strateeg, die achter de schermen vast ook goed weet wat hij doet\u201d, vermoedt Van Lierde. \u201eAl kunnen kerkleiders niet alle wereldproblemen oplossen, ook onder Leo zal het Vaticaan een belangrijke politieke speler blijven.\u201d Maandag was alvast de Venezolaanse oppositieleider en Nobelprijswinnaar Maria Corina <a href=\"https:\/\/www.vaticannews.va\/en\/pope\/news\/2026-01\/pope-leo-xiv-maria-corina-machado-venezuela.html\" rel=\"nofollow noopener\" target=\"_blank\">Machado<\/a> op audi\u00ebntie bij de paus. Ze vroeg hem druk uit te oefenen voor de vrijlating van politieke gevangenen. Paus Leo sprak eerder de hoop uit dat Venezuela een onafhankelijk land blijft, met respect voor de mensenrechten.<\/p>\n<p>Geef cadeau<\/p>\n<p>Deel<\/p>\n<p>Mail de redactie<\/p>\n<p><a aria-label=\"The Trust Project, lees meer over de journalistieke principes van NRC\" class=\"trust__message\" href=\"http:\/\/www.nrc.nl\/over-ons\/#principes\" rel=\"nofollow noopener\" target=\"_blank\"><\/p>\n<p>\tDe journalistieke principes van NRC<br \/>\n<\/a> <\/p>\n","protected":false},"excerpt":{"rendered":"In Itali\u00eb domineert de thuiskomst van Alberto Trentini en Mario Burl\u00f2 het nieuws. De hulpverlener Trentini en zakenman&hellip;\n","protected":false},"author":2,"featured_media":113493,"comment_status":"","ping_status":"","sticky":false,"template":"","format":"standard","meta":{"footnotes":""},"categories":[15],"tags":[39,40,48,43,44,34,35,41,42,46,47,49,45,32,33,50,36,37,38,67,64,65,66],"class_list":{"0":"post-113492","1":"post","2":"type-post","3":"status-publish","4":"format-standard","5":"has-post-thumbnail","7":"category-wereld","8":"tag-breaking-news","9":"tag-breakingnews","10":"tag-dutch","11":"tag-featured-news","12":"tag-featurednews","13":"tag-headlines","14":"tag-hoofdpunten","15":"tag-latest-news","16":"tag-latestnews","17":"tag-nederland","18":"tag-nederlanden","19":"tag-nederlands","20":"tag-netherlands","21":"tag-news","22":"tag-nieuws","23":"tag-nl","24":"tag-top-stories","25":"tag-topstories","26":"tag-voorpaginanieuws","27":"tag-wereld","28":"tag-world","29":"tag-world-news","30":"tag-worldnews"},"share_on_mastodon":{"url":"https:\/\/pubeurope.com\/@nl\/115905744547219584","error":""},"_links":{"self":[{"href":"https:\/\/www.europesays.com\/nl\/wp-json\/wp\/v2\/posts\/113492","targetHints":{"allow":["GET"]}}],"collection":[{"href":"https:\/\/www.europesays.com\/nl\/wp-json\/wp\/v2\/posts"}],"about":[{"href":"https:\/\/www.europesays.com\/nl\/wp-json\/wp\/v2\/types\/post"}],"author":[{"embeddable":true,"href":"https:\/\/www.europesays.com\/nl\/wp-json\/wp\/v2\/users\/2"}],"replies":[{"embeddable":true,"href":"https:\/\/www.europesays.com\/nl\/wp-json\/wp\/v2\/comments?post=113492"}],"version-history":[{"count":0,"href":"https:\/\/www.europesays.com\/nl\/wp-json\/wp\/v2\/posts\/113492\/revisions"}],"wp:featuredmedia":[{"embeddable":true,"href":"https:\/\/www.europesays.com\/nl\/wp-json\/wp\/v2\/media\/113493"}],"wp:attachment":[{"href":"https:\/\/www.europesays.com\/nl\/wp-json\/wp\/v2\/media?parent=113492"}],"wp:term":[{"taxonomy":"category","embeddable":true,"href":"https:\/\/www.europesays.com\/nl\/wp-json\/wp\/v2\/categories?post=113492"},{"taxonomy":"post_tag","embeddable":true,"href":"https:\/\/www.europesays.com\/nl\/wp-json\/wp\/v2\/tags?post=113492"}],"curies":[{"name":"wp","href":"https:\/\/api.w.org\/{rel}","templated":true}]}}