{"id":113509,"date":"2026-01-16T17:01:21","date_gmt":"2026-01-16T17:01:21","guid":{"rendered":"https:\/\/www.europesays.com\/nl\/113509\/"},"modified":"2026-01-16T17:01:21","modified_gmt":"2026-01-16T17:01:21","slug":"portugal-presidentsverkiezingen-nrc","status":"publish","type":"post","link":"https:\/\/www.europesays.com\/nl\/113509\/","title":{"rendered":"Portugal presidentsverkiezingen &#8211; NRC"},"content":{"rendered":"<p>Wie wordt de nieuwe bewoner van het Bel\u00e9m Paleis in Lissabon? Na tien jaar is een einde gekomen aan het presidentschap van Marcelo Rebelo de Sousa, die de maximale twee termijnen als staatshoofd van Portugal heeft vervuld. <\/p>\n<p>Zondag 18 januari wordt de eerste ronde van de presidentsverkiezingen gehouden. Als geen van de kandidaten dan een absolute meerderheid behaalt, volgt 8 februari een tweede ronde waarin de twee kandidaten met de meeste stemmen het tegen elkaar opnemen.<\/p>\n<p>Die tweede ronde lijkt waarschijnlijk, want een recordaantal van elf kandidaten heeft zich aangemeld om De Sousa op te volgen \u2014 op een politiek instabiel moment voor Portugal. In de afgelopen drie jaar vonden driemaal parlementsverkiezingen plaats. Bij de meest recente verkiezing, in mei vorig jaar, wist de radicaal-rechtse partij Chega de tweede plaats te veroveren en doorbrak daarmee de decennialange dominantie van het centrum-rechtse PSD en de sociaal-democratische PS.\u00a0<\/p>\n<p>Bovendien staan er de komende periode een aantal controversi\u00eble onderwerpen op de agenda. Hoewel de president in Portugals semi-presidenti\u00eble stelsel grotendeels ceremoni\u00eble taken heeft, kan hij zich ook met politieke zaken bemoeien door een veto uit te spreken over wetsvoorstellen. <\/p>\n<p>Die discussie rondom de nationaliteitswet zal terugkomen bij de nieuwe president. Daarnaast zal hij zich moeten uitspreken over een omstreden pakket arbeidshervormingen, dat in december tot een landelijke staking leidde, en een wet die euthanasie uit het strafrecht haalt. President De Sousa blokkeerde meerdere wetsvoorstellen over dat onderwerp met een veto. \u00a0\u00a0<\/p>\n<p><a class=\"dmt-article-suggestion\" href=\"https:\/\/www.nrc.nl\/nieuws\/2025\/12\/10\/portugezen-leggen-donderdag-het-land-plat-uit-protest-tegen-regeringsplan-arbeidswet-te-flexibiliseren-a4914978\" rel=\"nofollow noopener\" target=\"_blank\"><\/p>\n<p>\n\t\t\t\tLees ook\n\t\t\t<\/p>\n<p>Portugezen leggen donderdag het land plat uit protest tegen regeringsplan arbeidswet te flexibiliseren\u00a0<\/p>\n<p><img decoding=\"async\" alt=\"Op een muur in het centrum van Lissabon is de tekst 'Greve Geral 11.12' (algemene staking op 11 december) gespoten.\" class=\"dmt-article-suggestion__image\" src=\"https:\/\/www.europesays.com\/nl\/wp-content\/uploads\/2026\/01\/101225BUI_2026635272_PortugalStaking.jpg\"\/><br \/>\n<\/a><br \/>\nGrondwet van na de dictatuur<\/p>\n<p>Het takenpakket van de Portugese president bestaat verder uit de vertegenwoordiging van het land op internationaal niveau en de ratificatie van verdragen. Daarnaast is de president opperbevelhebber van de strijdkrachten, benoemt hij de minister-president en kan hij het parlement ontbinden en nieuwe verkiezingen uitschrijven, al wordt die mogelijkheid zelden gebruikt.\u00a0<\/p>\n<p>De verdeling tussen president en minister-president bestaat sinds de invoering van de grondwet in 1976, die er na vijf decennia dictatuur voor moest zorgen dat de macht nooit meer in handen van \u00e9\u00e9n persoon zou komen. Aan de president de opdracht om boven de politiek te  staan en te bemiddelen bij politieke spanning. Die taak willen de elf kandidaten graag op zich nemen. Deze vier maken volgens de peilingen kans op het presidentschap.<\/p>\n<p>Andr\u00e9 VenturaRadicaal-rechtse partijleider <\/p>\n<p><img alt=\"Andr\u00e9 Ventura tijdens de campagne.  \" data-lightbox-highres=\"https:\/\/images.nrc.nl\/OmIRktzw9IqNnW4ZVHbowwTF2TE=\/1920x\/filters:no_upscale()\/s3\/static.nrc.nl\/wp-content\/uploads\/2026\/01\/13134438\/150126BUI_2029104711_Portugal_AndreVentura.jpg\" data-lightbox-highres-webp=\"https:\/\/images.nrc.nl\/ZV5BDmh4q039GUImflD43EHerOI=\/1920x\/filters:no_upscale():format(webp)\/s3\/static.nrc.nl\/wp-content\/uploads\/2026\/01\/13134438\/150126BUI_2029104711_Portugal_AndreVentura.jpg\" data-lightbox-zoom=\"https:\/\/images.nrc.nl\/OmIRktzw9IqNnW4ZVHbowwTF2TE=\/1920x\/filters:no_upscale()\/s3\/static.nrc.nl\/wp-content\/uploads\/2026\/01\/13134438\/150126BUI_2029104711_Portugal_AndreVentura.jpg\" data-lightbox-zoom-webp=\"https:\/\/images.nrc.nl\/ZV5BDmh4q039GUImflD43EHerOI=\/1920x\/filters:no_upscale():format(webp)\/s3\/static.nrc.nl\/wp-content\/uploads\/2026\/01\/13134438\/150126BUI_2029104711_Portugal_AndreVentura.jpg\" data-open-in-lightbox=\"true\" decoding=\"async\" height=\"4000\" loading=\"lazy\" src=\"https:\/\/www.europesays.com\/nl\/wp-content\/uploads\/2026\/01\/150126BUI_2029104711_Portugal_AndreVentura.jpg\"  width=\"5994\"\/><\/p>\n<p class=\"caption\" id=\"figcaption-1\">Andr\u00e9 Ventura tijdens de campagne.  <\/p>\n<p>Foto TIAGO PETINGAANP \/ EPA<\/p>\n<p>Zoom in<\/p>\n<p>Andr\u00e9 Ventura, leider van de radicaal-rechtse partij Chega, maakte zijn kandidatuur voor het presidentschap al in januari vorig jaar bekend, maar ging twijfelen toen hij na de parlementsverkiezingen in mei plots <a href=\"https:\/\/www.nrc.nl\/nieuws\/2025\/05\/28\/in-portugal-wordt-radicaal-rechtse-partij-chega-toch-tweede-dankzij-stemmen-uit-het-buitenland-a4894995\" rel=\"nofollow noopener\" target=\"_blank\">de leider van de oppositie<\/a> werd. De voormalig sportcommentator besloot voet bij stuk te houden, omdat het volgens hem mogelijk eenvoudiger is om het land te veranderen door het presidentschap te veroveren dan via parlementsverkiezingen. Dat wil hij niet doen door alleen <a href=\"https:\/\/www.bloomberg.com\/news\/articles\/2025-11-28\/far-right-leader-ventura-ahead-in-portugal-presidential-poll\" rel=\"nofollow noopener\" target=\"_blank\">linten door te knippen<\/a>, maar door een \u2018hands-on\u2019 president te zijn. Hoewel hij hoog scoort in de peilingen, is het maar de vraag of Ventura (43) kan winnen in de tweede ronde, vanwege de weerstand van veel Portugezen om op een radicaal-rechtse kandidaat te stemmen.<\/p>\n<p>Lu\u00eds Marques MendesOud-partijleider centrum-rechts <\/p>\n<p><img alt=\"Tijdens een campagnebijeenkomst in Paredes maakt presidentskandidaat Lu\u00eds Marques Mendes op 12 januari 2026 een selfie met een inwoner \" data-lightbox-highres=\"https:\/\/images.nrc.nl\/v7VqZnIgdmJ_wnp2wkcbgwpqdBk=\/1920x\/filters:no_upscale()\/s3\/static.nrc.nl\/wp-content\/uploads\/2026\/01\/13134348\/150126BUI_2029104711_Portugal_MuisMarquesMendes.jpg\" data-lightbox-highres-webp=\"https:\/\/images.nrc.nl\/KUjLUL7-oayT9BzSl4v2iwKSoaA=\/1920x\/filters:no_upscale():format(webp)\/s3\/static.nrc.nl\/wp-content\/uploads\/2026\/01\/13134348\/150126BUI_2029104711_Portugal_MuisMarquesMendes.jpg\" data-lightbox-zoom=\"https:\/\/images.nrc.nl\/v7VqZnIgdmJ_wnp2wkcbgwpqdBk=\/1920x\/filters:no_upscale()\/s3\/static.nrc.nl\/wp-content\/uploads\/2026\/01\/13134348\/150126BUI_2029104711_Portugal_MuisMarquesMendes.jpg\" data-lightbox-zoom-webp=\"https:\/\/images.nrc.nl\/KUjLUL7-oayT9BzSl4v2iwKSoaA=\/1920x\/filters:no_upscale():format(webp)\/s3\/static.nrc.nl\/wp-content\/uploads\/2026\/01\/13134348\/150126BUI_2029104711_Portugal_MuisMarquesMendes.jpg\" data-open-in-lightbox=\"true\" decoding=\"async\" height=\"3520\" loading=\"lazy\" src=\"https:\/\/www.europesays.com\/nl\/wp-content\/uploads\/2026\/01\/150126BUI_2029104711_Portugal_MuisMarquesMendes.jpg\"  width=\"5275\"\/><\/p>\n<p class=\"caption\" id=\"figcaption-2\">Tijdens een campagnebijeenkomst in Paredes maakt presidentskandidaat Lu\u00eds Marques Mendes op 12 januari 2026 een selfie met een inwoner <\/p>\n<p> foto Miguel A. Lopes \/ EPA<\/p>\n<p>Zoom in<\/p>\n<p>Bij zijn benoeming tot presidentskandidaat namens de centrumrechtse partij PSD van premier Lu\u00eds Montenegro had Lu\u00eds Marques Mendes (68) forse concurrentie van voormalige partijleiders en premiers. Maar de oud-partijleider (2005-2007) hield vol en kreeg in mei <a href=\"https:\/\/www.dn.pt\/pol%C3%ADtica\/palmira-lobo-foi-a-%C3%BAnica-a-votar-contra-apoio-a-marques-mendes-no-conselho-nacional-do-psd\" rel=\"nofollow noopener\" target=\"_blank\">de steun<\/a> van zijn partij. De afgelopen jaren was Marques Mendes politiek commentator op televisie, maar hij vindt dat \u201ede tijd is gekomen om iets terug te doen voor het land\u201d, zo zei hij tijdens <a href=\"https:\/\/sicnoticias.pt\/especiais\/eleicoes-presidenciais\/2025-02-06-video-marques-mendes-apresenta-candidatura-as-eleicoes-presidenciais-ef3e8787\" rel=\"nofollow noopener\" target=\"_blank\">de bekendmaking van zijn kandidatuur<\/a>. \u201eIk wil mijn land alles teruggeven wat het me door de jaren heen heeft gegeven: kennis, ervaring en kansen.\u201d<\/p>\n<p>Ant\u00f3nio Jos\u00e9 Seguro Oud-partijleider sociaal-democraten<\/p>\n<p><img alt=\"Presidentskandidaat  Antonio Jose Seguro voert campagne in Lissabon. \" data-lightbox-highres=\"https:\/\/images.nrc.nl\/_ynbNJJe5HRMSpgkVqu7xi0ME3Y=\/1920x\/filters:no_upscale()\/s3\/static.nrc.nl\/wp-content\/uploads\/2026\/01\/13134449\/150126BUI_2029104711_Portugal_AntonioJoseSeguro.jpg\" data-lightbox-highres-webp=\"https:\/\/images.nrc.nl\/viuFP1_S-FdOAE6FceQtUGA7huU=\/1920x\/filters:no_upscale():format(webp)\/s3\/static.nrc.nl\/wp-content\/uploads\/2026\/01\/13134449\/150126BUI_2029104711_Portugal_AntonioJoseSeguro.jpg\" data-lightbox-zoom=\"https:\/\/images.nrc.nl\/_ynbNJJe5HRMSpgkVqu7xi0ME3Y=\/1920x\/filters:no_upscale()\/s3\/static.nrc.nl\/wp-content\/uploads\/2026\/01\/13134449\/150126BUI_2029104711_Portugal_AntonioJoseSeguro.jpg\" data-lightbox-zoom-webp=\"https:\/\/images.nrc.nl\/viuFP1_S-FdOAE6FceQtUGA7huU=\/1920x\/filters:no_upscale():format(webp)\/s3\/static.nrc.nl\/wp-content\/uploads\/2026\/01\/13134449\/150126BUI_2029104711_Portugal_AntonioJoseSeguro.jpg\" data-open-in-lightbox=\"true\" decoding=\"async\" height=\"3863\" loading=\"lazy\" src=\"https:\/\/www.europesays.com\/nl\/wp-content\/uploads\/2026\/01\/150126BUI_2029104711_Portugal_AntonioJoseSeguro.jpg\"  width=\"5792\"\/><\/p>\n<p class=\"caption\" id=\"figcaption-3\">Presidentskandidaat  Antonio Jose Seguro voert campagne in Lissabon. <\/p>\n<p>Foto JOSE COELHO\/ EPA<\/p>\n<p>Zoom in<\/p>\n<p>Na zijn jaren als Europarlementari\u00ebr en verschillende politieke functies stond Ant\u00f3nio Jos\u00e9 Seguro (63) tussen 2011 en 2014 aan het hoofd van de sociaal-democratische PS. Een teleurstellende verkiezingsuitslag dwong hem te stoppen, waarna hij de politiek verruilde voor de universiteit. Nu wil hij terugkeren omdat het land <a href=\"https:\/\/cnnportugal.iol.pt\/presidenciais\/belem\/antonio-jose-seguro-e-candidato-a-presidencia-da-republica\/20250603\/683f4180d34e3f0bae9ef839\" rel=\"nofollow noopener\" target=\"_blank\">volgens hem<\/a> \u201everandering en hoop op een beter leven nodig heeft\u201d, zo kondigde hij vorige zomer aan. Later dat jaar kreeg hij de sociaal-democratische partij achter zich. Hij presenteert zichzelf als een progressief alternatief voor de veelal conservatieve kandidaten.<\/p>\n<p>Henrique Gouveia e MeloOnafhankelijk kandidaat<\/p>\n<p><img alt=\"De onafhankelijke kandidaat Henrique Gouveia e Melo begroet kiezers op een market in Lissabon.\" data-lightbox-highres=\"https:\/\/images.nrc.nl\/6wtJf6IreE35XZD3ewqrgPXXnU0=\/1920x\/filters:no_upscale()\/s3\/static.nrc.nl\/wp-content\/uploads\/2026\/01\/13134419\/150126BUI_2029104711_Portugal_HenriqueGouveiaeMelo.jpg\" data-lightbox-highres-webp=\"https:\/\/images.nrc.nl\/nShHt49LUA3B79K3ZRS6nLkc0IA=\/1920x\/filters:no_upscale():format(webp)\/s3\/static.nrc.nl\/wp-content\/uploads\/2026\/01\/13134419\/150126BUI_2029104711_Portugal_HenriqueGouveiaeMelo.jpg\" data-lightbox-zoom=\"https:\/\/images.nrc.nl\/6wtJf6IreE35XZD3ewqrgPXXnU0=\/1920x\/filters:no_upscale()\/s3\/static.nrc.nl\/wp-content\/uploads\/2026\/01\/13134419\/150126BUI_2029104711_Portugal_HenriqueGouveiaeMelo.jpg\" data-lightbox-zoom-webp=\"https:\/\/images.nrc.nl\/nShHt49LUA3B79K3ZRS6nLkc0IA=\/1920x\/filters:no_upscale():format(webp)\/s3\/static.nrc.nl\/wp-content\/uploads\/2026\/01\/13134419\/150126BUI_2029104711_Portugal_HenriqueGouveiaeMelo.jpg\" data-open-in-lightbox=\"true\" decoding=\"async\" height=\"5006\" loading=\"lazy\" src=\"https:\/\/www.europesays.com\/nl\/wp-content\/uploads\/2026\/01\/150126BUI_2029104711_Portugal_HenriqueGouveiaeMelo.jpg\"  width=\"7495\"\/><\/p>\n<p class=\"caption\" id=\"figcaption-4\">De onafhankelijke kandidaat Henrique Gouveia e Melo begroet kiezers op een market in Lissabon.<\/p>\n<p>Foto PATRICIA DE MELO MOREIRA \/AFP<\/p>\n<p>Zoom in<\/p>\n<p>Na een 42-jarige carri\u00e8re bij de marine werd Henrique Gouveia e Melo (65) bekend bij het brede Portugese publiek toen hij als co\u00f6rdinator van de Covid-19 vaccinatieprogramma in 2021 in negen maanden tijd <a href=\"https:\/\/apnews.com\/article\/europe-health-pandemics-coronavirus-pandemic-coronavirus-vaccine-84aa55fe5549da02766557669ca4141b\" rel=\"nofollow noopener\" target=\"_blank\">een vaccinatiegraad<\/a> van 85 procent wist te bereiken. Kort daarna begonnen de geruchten dat de marineofficier zijn uniform zou willen verruilen voor een pak, maar hij bevestigde zijn onafhankelijke kandidatuur pas in mei vorig jaar. \u201eHet presidentschap is geen uitvoerende functie, het is eerder een positie van invloed\u201d, zei Gouveia e Melo tegen het Portugese medium <a href=\"https:\/\/observador.pt\/2026\/01\/04\/gouveia-e-melo-diz-querer-ser-uma-influencia-positiva-para-o-sistema\/\" rel=\"nofollow noopener\" target=\"_blank\">Observador<\/a>. \u201eIk ben van plan een positieve invloed uit te oefenen.\u201d<\/p>\n<p>Geef cadeau<\/p>\n<p>Deel<\/p>\n<p>Mail de redactie<\/p>\n<p><a aria-label=\"The Trust Project, lees meer over de journalistieke principes van NRC\" class=\"trust__message\" href=\"http:\/\/www.nrc.nl\/over-ons\/#principes\" rel=\"nofollow noopener\" target=\"_blank\"><\/p>\n<p>\tDe journalistieke principes van NRC<br \/>\n<\/a> <\/p>\n","protected":false},"excerpt":{"rendered":"Wie wordt de nieuwe bewoner van het Bel\u00e9m Paleis in Lissabon? Na tien jaar is een einde gekomen&hellip;\n","protected":false},"author":2,"featured_media":113510,"comment_status":"","ping_status":"","sticky":false,"template":"","format":"standard","meta":{"footnotes":""},"categories":[15],"tags":[39,40,48,43,44,34,35,41,42,46,47,49,45,32,33,50,36,37,38,67,64,65,66],"class_list":{"0":"post-113509","1":"post","2":"type-post","3":"status-publish","4":"format-standard","5":"has-post-thumbnail","7":"category-wereld","8":"tag-breaking-news","9":"tag-breakingnews","10":"tag-dutch","11":"tag-featured-news","12":"tag-featurednews","13":"tag-headlines","14":"tag-hoofdpunten","15":"tag-latest-news","16":"tag-latestnews","17":"tag-nederland","18":"tag-nederlanden","19":"tag-nederlands","20":"tag-netherlands","21":"tag-news","22":"tag-nieuws","23":"tag-nl","24":"tag-top-stories","25":"tag-topstories","26":"tag-voorpaginanieuws","27":"tag-wereld","28":"tag-world","29":"tag-world-news","30":"tag-worldnews"},"share_on_mastodon":{"url":"https:\/\/pubeurope.com\/@nl\/115905854457787647","error":""},"_links":{"self":[{"href":"https:\/\/www.europesays.com\/nl\/wp-json\/wp\/v2\/posts\/113509","targetHints":{"allow":["GET"]}}],"collection":[{"href":"https:\/\/www.europesays.com\/nl\/wp-json\/wp\/v2\/posts"}],"about":[{"href":"https:\/\/www.europesays.com\/nl\/wp-json\/wp\/v2\/types\/post"}],"author":[{"embeddable":true,"href":"https:\/\/www.europesays.com\/nl\/wp-json\/wp\/v2\/users\/2"}],"replies":[{"embeddable":true,"href":"https:\/\/www.europesays.com\/nl\/wp-json\/wp\/v2\/comments?post=113509"}],"version-history":[{"count":0,"href":"https:\/\/www.europesays.com\/nl\/wp-json\/wp\/v2\/posts\/113509\/revisions"}],"wp:featuredmedia":[{"embeddable":true,"href":"https:\/\/www.europesays.com\/nl\/wp-json\/wp\/v2\/media\/113510"}],"wp:attachment":[{"href":"https:\/\/www.europesays.com\/nl\/wp-json\/wp\/v2\/media?parent=113509"}],"wp:term":[{"taxonomy":"category","embeddable":true,"href":"https:\/\/www.europesays.com\/nl\/wp-json\/wp\/v2\/categories?post=113509"},{"taxonomy":"post_tag","embeddable":true,"href":"https:\/\/www.europesays.com\/nl\/wp-json\/wp\/v2\/tags?post=113509"}],"curies":[{"name":"wp","href":"https:\/\/api.w.org\/{rel}","templated":true}]}}