{"id":11351,"date":"2025-10-02T08:12:06","date_gmt":"2025-10-02T08:12:06","guid":{"rendered":"https:\/\/www.europesays.com\/nl\/11351\/"},"modified":"2025-10-02T08:12:06","modified_gmt":"2025-10-02T08:12:06","slug":"jack-van-gelder-zegt-helene-hendriks-opnieuw-af-ik-heb-corona","status":"publish","type":"post","link":"https:\/\/www.europesays.com\/nl\/11351\/","title":{"rendered":"Jack van Gelder zegt H\u00e9l\u00e8ne Hendriks opnieuw af: &#8216;Ik heb corona&#8217;"},"content":{"rendered":"<p>Jack van Gelder zal aankomend weekend wederom niet verschijnen in de talkshow van H\u00e9l\u00e8ne Hendriks. Het is de derde keer in korte tijd dat hij moet afzeggen. \u201cIk ben helaas positief getest. Shit.\u201d<\/p>\n<p>        Door onze entertainmentredactie<\/p>\n<p>        <img fetchpriority=\"high\" decoding=\"async\" width=\"1280\" height=\"720\" src=\"https:\/\/www.europesays.com\/nl\/wp-content\/uploads\/2025\/10\/0816-Helene-Jack.jpg\" class=\"attachment-post-thumbnail size-post-thumbnail wp-post-image\" alt=\"H\u00e9l\u00e8ne Hendriks en Jack van Gelder\"  \/>        \u00a9 SBS    <\/p>\n<p>De 74-jarige Jack van Gelder is een vaste waarde geworden in de talkshow van H\u00e9l\u00e8ne Hendriks. Als hij niet aanschuift in De Oranjezondag, dan vragen de mensen zich direct af waar hij gebleven is. Afgelopen zondag zat voor de tweede keer in korte tijd Raymond Mens op zijn plek en H\u00e9l\u00e8ne <a href=\"https:\/\/www.mediacourant.nl\/2025\/09\/jack-van-gelder-reageert-op-tweede-afwezigheid-bij-helene-hendriks\/\" rel=\"nofollow noopener\" target=\"_blank\">legt dan nooit even uit<\/a> wat er precies aan de hand is.<\/p>\n<p>Jack heeft corona<\/p>\n<p>Om geruchten voor te zijn, kondigt Jack nu vast aan dat hij aankomende zondag w\u00e9\u00e9r niet zal aanschuiven aan de talkshowtafel van H\u00e9l\u00e8ne. De presentator geeft aan nog steeds ziek te zijn.<\/p>\n<p>Wat is er aan de hand? Hij laat aan deze site weten: \u201cShit. Heb mij van de huisarts moeten laten testen op corona (variant). Positief. Dus weer geen Oranjezondag voor mij aanstaande zondag.\u201d<\/p>\n<p>Weer Raymond?<\/p>\n<p>Het is nog onduidelijk of Jack de week erna w\u00e9l in staat zal zijn om aan te schuiven bij H\u00e9l\u00e8ne of dat hij dan nog steeds even moet uitzieken. Vooralsnog is Raymond Mens zijn vaste vervanger, maar het kan ook zijn dat de presentatrice daar wat mee gaat experimenteren.<\/p>\n<p>Een mogelijke andere optie is Victor Vlam, die erg gretig is om te groeien in de VI-familie en hetzelfde rechtse gedachtegoed aanhangt als Jack en Johan Derksen. Wie geen optie is, is Thomas van Groningen, want hij zit in een achtbaan. De presentator is fan van pretparken en bezoekt er momenteel eentje in de Verenigde Staten.<\/p>\n","protected":false},"excerpt":{"rendered":"Jack van Gelder zal aankomend weekend wederom niet verschijnen in de talkshow van H\u00e9l\u00e8ne Hendriks. Het is de&hellip;\n","protected":false},"author":2,"featured_media":11352,"comment_status":"","ping_status":"","sticky":false,"template":"","format":"standard","meta":{"footnotes":""},"categories":[25],"tags":[99,48,98,581,378,46,47,49,45,50],"class_list":{"0":"post-11351","1":"post","2":"type-post","3":"status-publish","4":"format-standard","5":"has-post-thumbnail","7":"category-amusement","8":"tag-amusement","9":"tag-dutch","10":"tag-entertainment","11":"tag-helene-hendriks","12":"tag-jack-van-gelder","13":"tag-nederland","14":"tag-nederlanden","15":"tag-nederlands","16":"tag-netherlands","17":"tag-nl"},"share_on_mastodon":{"url":"","error":""},"_links":{"self":[{"href":"https:\/\/www.europesays.com\/nl\/wp-json\/wp\/v2\/posts\/11351","targetHints":{"allow":["GET"]}}],"collection":[{"href":"https:\/\/www.europesays.com\/nl\/wp-json\/wp\/v2\/posts"}],"about":[{"href":"https:\/\/www.europesays.com\/nl\/wp-json\/wp\/v2\/types\/post"}],"author":[{"embeddable":true,"href":"https:\/\/www.europesays.com\/nl\/wp-json\/wp\/v2\/users\/2"}],"replies":[{"embeddable":true,"href":"https:\/\/www.europesays.com\/nl\/wp-json\/wp\/v2\/comments?post=11351"}],"version-history":[{"count":0,"href":"https:\/\/www.europesays.com\/nl\/wp-json\/wp\/v2\/posts\/11351\/revisions"}],"wp:featuredmedia":[{"embeddable":true,"href":"https:\/\/www.europesays.com\/nl\/wp-json\/wp\/v2\/media\/11352"}],"wp:attachment":[{"href":"https:\/\/www.europesays.com\/nl\/wp-json\/wp\/v2\/media?parent=11351"}],"wp:term":[{"taxonomy":"category","embeddable":true,"href":"https:\/\/www.europesays.com\/nl\/wp-json\/wp\/v2\/categories?post=11351"},{"taxonomy":"post_tag","embeddable":true,"href":"https:\/\/www.europesays.com\/nl\/wp-json\/wp\/v2\/tags?post=11351"}],"curies":[{"name":"wp","href":"https:\/\/api.w.org\/{rel}","templated":true}]}}