{"id":113686,"date":"2026-01-16T20:06:12","date_gmt":"2026-01-16T20:06:12","guid":{"rendered":"https:\/\/www.europesays.com\/nl\/113686\/"},"modified":"2026-01-16T20:06:12","modified_gmt":"2026-01-16T20:06:12","slug":"zo-anders-zag-klaas-uit-winter-vol-liefde-er-vroeger-uit","status":"publish","type":"post","link":"https:\/\/www.europesays.com\/nl\/113686\/","title":{"rendered":"Z\u00f3 anders zag Klaas uit Winter vol Liefde er vroeger uit"},"content":{"rendered":"<p data-journey-content=\"true\" data-node-id=\"0\" class=\"body-dropcap css-157xyzt emevuu60\">Het is je vast niet ontgaan: de 2016-challenge is hot en happening. Overal om ons heen delen celebrity&#8217;s \u00e9n mensen die we kennen foto&#8217;s van hoe ze eruit zagen en wat ze deden in 2016, precies tien jaar geleden dus. Wij doken een foto op uit dit jaartal van Klaas uit <a href=\"https:\/\/www.jan-magazine.nl\/lifestyle\/a69526760\/winter-vol-liefde-2026\/\" target=\"_blank\" data-vars-ga-outbound-link=\"https:\/\/www.jan-magazine.nl\/lifestyle\/a69526760\/winter-vol-liefde-2026\/\" data-vars-ga-ux-element=\"Hyperlink\" data-vars-ga-call-to-action=\"Winter vol Liefde 2026\" data-node-id=\"0.1\" class=\"body-link css-larjyn emevuu60\" rel=\"nofollow noopener\">Winter vol Liefde 2026<\/a>. We moesten alleen even twee keer kijken om te zien of hij het wel \u00e9cht is.<\/p>\n<p>Z\u00f3 zag Klaas uit Winter vol Liefde er vroeger uit<\/p>\n<p data-journey-content=\"true\" data-node-id=\"2\" class=\"css-6wxqfj emevuu60\"><a href=\"https:\/\/www.jan-magazine.nl\/lifestyle\/a68966227\/klaas-winter-vol-liefde-2025-2026\/\" target=\"_blank\" data-vars-ga-outbound-link=\"https:\/\/www.jan-magazine.nl\/lifestyle\/a68966227\/klaas-winter-vol-liefde-2025-2026\/\" data-vars-ga-ux-element=\"Hyperlink\" data-vars-ga-call-to-action=\"De 52-jarige Klaas\" data-node-id=\"2.0\" class=\"body-link css-larjyn emevuu60\" rel=\"nofollow noopener\">De 52-jarige Klaas<\/a> in Oostenrijk lijkt ons een lieve en hartelijke man, zo is ook te zien op de oude foto. Hij staat hierop met zijn drie kinderen: zijn tweeling en jongere dochter. Inmiddels zijn die respectievelijk 21 en 14 jaar oud, maar op de foto waren ze vanzelfsprekend nog een stuk jonger. Op de achtergrond zien we een kerstboom en het bijschrift luidt: &#8216;Merry Christmas!&#8217;<\/p>\n<p data-journey-content=\"true\" data-node-id=\"3\" class=\"css-6wxqfj emevuu60\">Klaas zelf ziet er h\u00e9\u00e9l anders uit dan we inmiddels van hem zijn gewend. Zonder zijn baard en grijze krullen lijkt hij haast onherkenbaar. Toch is het hem echt, met precies dezelfde blik als in het tv-programma. Zo zie je maar, in tien jaar tijd kan er veel veranderen.<\/p>\n<p data-journey-content=\"true\" data-node-id=\"5\" class=\"css-6wxqfj emevuu60\">Tekst gaat verder onder de afbeelding.<\/p>\n<p>Wie is Klaas uit Winter vol Liefde?<\/p>\n<p data-journey-content=\"true\" data-node-id=\"8\" class=\"css-6wxqfj emevuu60\">Klaas en zijn kinderen hebben veel meegemaakt. Acht jaar geleden verloren ze hun vrouw en moeder. Nadat Klaas naar eigen zeggen eerder alle tijd besteedde aan het op de rit krijgen van zijn kinderen, heeft hij nu ruimte voor de liefde. In zijn voorstelboodschap zei hij: &#8216;Mijn kinderen slaan hun vleugels uit en ik ben tot de conclusie gekomen dat ik zelf meer tijd, ruimte en vrijheid heb om mijn eigen gang te gaan. Dat zou ik graag met een hele leuke vrouw doen.&#8217;<\/p>\n<p data-journey-content=\"true\" data-node-id=\"9\" class=\"css-6wxqfj emevuu60\">Het is duidelijk dat die vrouw bij voorkeur ondernemend en actief is. Klaas runt twee vakantiewoningen in een grote oude boerderij, werkt daarnaast drie dagen per week als timmerman \u00e9n begeleidt toeristen als berggids. In zijn vrije tijd klust hij graag in zijn woning \u00e9n hij bouwde zelf volledig een caravan om, waarmee hij in de winter eropuit wil gaan. De vraag is nu alleen wie hem zal vergezellen.<\/p>\n<p data-journey-content=\"true\" data-node-id=\"10\" class=\"css-6wxqfj emevuu60\">Lees ook: <a href=\"https:\/\/www.jan-magazine.nl\/lifestyle\/a70006147\/winter-vol-liefde-klaas-deelnemer-naar-huis\/\" target=\"_blank\" data-vars-ga-outbound-link=\"https:\/\/www.jan-magazine.nl\/lifestyle\/a70006147\/winter-vol-liefde-klaas-deelnemer-naar-huis\/\" data-vars-ga-ux-element=\"Hyperlink\" data-vars-ga-call-to-action=\"Door d\u00e9ze actie is Klaas in \u00e9\u00e9n klap de meest besproken single uit Winter vol Liefde\" data-node-id=\"10.0.1\" class=\"body-link css-larjyn emevuu60\" rel=\"nofollow noopener\">Door d\u00e9ze actie is Klaas in \u00e9\u00e9n klap de meest besproken single uit Winter vol Liefde<\/a>. <\/p>\n","protected":false},"excerpt":{"rendered":"Het is je vast niet ontgaan: de 2016-challenge is hot en happening. Overal om ons heen delen celebrity&#8217;s&hellip;\n","protected":false},"author":2,"featured_media":113687,"comment_status":"","ping_status":"","sticky":false,"template":"","format":"standard","meta":{"footnotes":""},"categories":[31],"tags":[24449,99,147,48,98,24240,46,47,49,45,50,1251],"class_list":{"0":"post-113686","1":"post","2":"type-post","3":"status-publish","4":"format-standard","5":"has-post-thumbnail","7":"category-celebrities","8":"tag-2016-challenge","9":"tag-amusement","10":"tag-celebrities","11":"tag-dutch","12":"tag-entertainment","13":"tag-klaas","14":"tag-nederland","15":"tag-nederlanden","16":"tag-nederlands","17":"tag-netherlands","18":"tag-nl","19":"tag-winter-vol-liefde"},"share_on_mastodon":{"url":"https:\/\/pubeurope.com\/@nl\/115906581851278945","error":""},"_links":{"self":[{"href":"https:\/\/www.europesays.com\/nl\/wp-json\/wp\/v2\/posts\/113686","targetHints":{"allow":["GET"]}}],"collection":[{"href":"https:\/\/www.europesays.com\/nl\/wp-json\/wp\/v2\/posts"}],"about":[{"href":"https:\/\/www.europesays.com\/nl\/wp-json\/wp\/v2\/types\/post"}],"author":[{"embeddable":true,"href":"https:\/\/www.europesays.com\/nl\/wp-json\/wp\/v2\/users\/2"}],"replies":[{"embeddable":true,"href":"https:\/\/www.europesays.com\/nl\/wp-json\/wp\/v2\/comments?post=113686"}],"version-history":[{"count":0,"href":"https:\/\/www.europesays.com\/nl\/wp-json\/wp\/v2\/posts\/113686\/revisions"}],"wp:featuredmedia":[{"embeddable":true,"href":"https:\/\/www.europesays.com\/nl\/wp-json\/wp\/v2\/media\/113687"}],"wp:attachment":[{"href":"https:\/\/www.europesays.com\/nl\/wp-json\/wp\/v2\/media?parent=113686"}],"wp:term":[{"taxonomy":"category","embeddable":true,"href":"https:\/\/www.europesays.com\/nl\/wp-json\/wp\/v2\/categories?post=113686"},{"taxonomy":"post_tag","embeddable":true,"href":"https:\/\/www.europesays.com\/nl\/wp-json\/wp\/v2\/tags?post=113686"}],"curies":[{"name":"wp","href":"https:\/\/api.w.org\/{rel}","templated":true}]}}