{"id":113694,"date":"2026-01-16T20:17:14","date_gmt":"2026-01-16T20:17:14","guid":{"rendered":"https:\/\/www.europesays.com\/nl\/113694\/"},"modified":"2026-01-16T20:17:14","modified_gmt":"2026-01-16T20:17:14","slug":"boze-franse-boeren-controleren-vrachtwagens-na-ontdekking-braziliaanse-kip-franse-transportsector-slaat-alarm-fotos-videos","status":"publish","type":"post","link":"https:\/\/www.europesays.com\/nl\/113694\/","title":{"rendered":"Boze Franse boeren controleren vrachtwagens na ontdekking Braziliaanse kip, Franse transportsector slaat alarm [+foto\u2019s &#038; video\u2019s]"},"content":{"rendered":"<p>In Frankrijk houden landbouwprotesten aan, waarbij boeren steeds vaker vrachtwagens controleren op de herkomst van vervoerde goederen. Aanleiding is de ontdekking van een gekoelde vrachtwagen met Braziliaanse kip in Bretagne. Transportorganisaties waarschuwen intussen voor illegale acties, zoals het openbreken van trailers en het vernietigen van ladingen.<\/p>\n<p>Controles op snelwegen na vondst Braziliaanse kip<\/p>\n<p>Sinds de vondst van een vrachtwagen met Braziliaans kippenvlees bij Dol-de-Bretagne, in de buurt van Saint-Malo, hebben boeren op meerdere plaatsen in Frankrijk acties opgezet. Donderdag 15 januari werden op verschillende knooppunten in de Haute-Marne, langs de snelwegen A5 en A31 tussen Parijs en Dijon en Parijs en Nancy, vrachtwagens gecontroleerd.<\/p>\n<p>Bij Montigny-le-Roi hielden boeren elk passerend voertuig aan om te controleren waar de vervoerde producten vandaan kwamen. De acties zijn bedoeld om aandacht te vragen voor wat zij zien als oneerlijke concurrentie vanuit het buitenland.<\/p>\n<p><a href=\"https:\/\/www.europesays.com\/nl\/wp-content\/uploads\/2026\/01\/Boeren-Frankrijk-Vrachtwagens-02.jpg\"><img fetchpriority=\"high\" decoding=\"async\" class=\"size-full wp-image-114183\" src=\"https:\/\/www.europesays.com\/nl\/wp-content\/uploads\/2026\/01\/Boeren-Frankrijk-Vrachtwagens-02.jpg\" alt=\"\" width=\"1200\" height=\"802\"  \/><\/a>Foto: IMAGO\/ABACAPRESS<\/p>\n<p>Volgens de boeren worden Franse veehouders geconfronteerd met steeds strengere regels, terwijl vlees uit landen buiten de Europese Unie volgens hen tegen lagere eisen en kosten kan worden geproduceerd. \u201cAan ons worden normen opgelegd, maar tegelijkertijd wordt vlees ingevoerd dat niet aan die normen hoeft te voldoen. Zo wordt onze landbouw verkocht en zelfs verkwanseld,\u201d verklaarde een veehouder met tientallen jaren ervaring tegen Franse media.<\/p>\n<p>Importdruk op Franse pluimveesector<\/p>\n<p>De woede richt zich met name op de pluimveesector. Volgens branchevertegenwoordigers is uitbreiding van Franse pluimveebedrijven door regelgeving vrijwel onmogelijk, waardoor afnemers vaker kip uit het buitenland inkopen. Inmiddels is volgens de sector in de Franse horeca en catering \u00e9\u00e9n op de twee kippen van buitenlandse herkomst.<\/p>\n<p>Extra gevoelig ligt het feit dat de onderschepte Braziliaanse kip bestemd was voor co\u00f6peratie Terrena, een van de grootste agrarische co\u00f6peraties van Frankrijk, die eigendom is van boeren zelf. Terrena bevestigde dat de lading bedoeld was voor de horeca buiten de deur.<\/p>\n<p>Transportsector: \u2018Illegale en onacceptabele acties\u2019<\/p>\n<p>De toenemende acties leiden tot grote zorgen in de transportsector. De Franse transportorganisatie Organisation des Transporteurs Routiers Europ\u00e9ens (OTRE) veroordeelt de intercepties en vernielingen van koelwagens scherp. Op meerdere locaties in Frankrijk zijn volgens de organisatie koeltrailers met geweld geopend en zijn goederen vernietigd, soms terwijl politie aanwezig was maar niet ingreep.<\/p>\n<blockquote class=\"twitter-tweet\" data-media-max-width=\"560\">\n<p lang=\"fr\" dir=\"ltr\">Voil\u00e0 ce que l\u2019on trouve sur nos routes en France ! Bon app\u00e9tit\u2026 et bonne sant\u00e9 \u00e0 tous ! <a href=\"https:\/\/t.co\/x9kNjkQwQD\" rel=\"nofollow\">pic.twitter.com\/x9kNjkQwQD<\/a><\/p>\n<p>\u2014 R\u00e9veils des Terroirs (@ReveilsTerroirs) <a href=\"https:\/\/twitter.com\/ReveilsTerroirs\/status\/2011066979814425076?ref_src=twsrc%5Etfw\" rel=\"nofollow noopener\" target=\"_blank\">January 13, 2026<\/a><\/p>\n<\/blockquote>\n<p>OTRE benadrukt dat zij begrip heeft voor de moeilijke situatie in de landbouw, maar stelt dat geen enkele vorm van protest het beschadigen van voertuigen of het vernietigen van ladingen rechtvaardigt. \u201cDeze acties brengen transportbedrijven, veelal mkb\u2019ers, in ernstige financi\u00eble problemen,\u201d waarschuwt de organisatie.<\/p>\n<p>Oproep tot vrije doorgang en compensatie<\/p>\n<p>De organisatie roept de overheid op om de vrije doorgang van vrachtwagens op het hele Franse grondgebied te garanderen en vraagt boeren om onmiddellijk te stoppen met willekeurige controles en vernielingen. Mocht de staat daar niet in slagen, dan moet de regering volgens OTRE met compensatiemaatregelen komen, zoals fiscale en sociale lastenverlichting en het uitblijven van sancties voor vertragingen die direct door de protesten zijn veroorzaakt.<\/p>\n<p>De Franse transportsector vreest dat bedrijven, net als bij eerdere conflicten, anders opnieuw alleen opdraaien voor de economische schade van de blokkades, in een periode waarin veel ondernemingen toch al onder druk staan.<\/p>\n<blockquote class=\"twitter-tweet\">\n<p lang=\"fr\" dir=\"ltr\">\u00c0 Dol de Bretagne, les agriculteurs de la FDSEA viennent d\u2019intercepter <br \/>un camion frigorifique contenant 22 tonnes de poulet venant du Br\u00e9sil et \u00ab destin\u00e9es \u00e0 \u00eatre revendus sous la marque P\u00e8re Dodu de la Coop\u00e9rative Terrena \u00bb, selon un porte parole Thierry Bourgeault sur place. <a href=\"https:\/\/t.co\/sqJQgFQPyh\" rel=\"nofollow\">pic.twitter.com\/sqJQgFQPyh<\/a><\/p>\n<p>\u2014 Eric de LA CHESNAIS (@plumedeschamps) <a href=\"https:\/\/twitter.com\/plumedeschamps\/status\/2011549989278007519?ref_src=twsrc%5Etfw\" rel=\"nofollow noopener\" target=\"_blank\">January 14, 2026<\/a><\/p>\n<\/blockquote>\n<p><script async src=\"https:\/\/platform.twitter.com\/widgets.js\" charset=\"utf-8\"><\/script><\/p>\n","protected":false},"excerpt":{"rendered":"In Frankrijk houden landbouwprotesten aan, waarbij boeren steeds vaker vrachtwagens controleren op de herkomst van vervoerde goederen. Aanleiding&hellip;\n","protected":false},"author":2,"featured_media":113695,"comment_status":"","ping_status":"","sticky":false,"template":"","format":"standard","meta":{"footnotes":""},"categories":[15],"tags":[39,40,48,43,44,34,35,41,42,46,47,49,45,32,33,50,36,37,38,67,64,65,66],"class_list":{"0":"post-113694","1":"post","2":"type-post","3":"status-publish","4":"format-standard","5":"has-post-thumbnail","7":"category-wereld","8":"tag-breaking-news","9":"tag-breakingnews","10":"tag-dutch","11":"tag-featured-news","12":"tag-featurednews","13":"tag-headlines","14":"tag-hoofdpunten","15":"tag-latest-news","16":"tag-latestnews","17":"tag-nederland","18":"tag-nederlanden","19":"tag-nederlands","20":"tag-netherlands","21":"tag-news","22":"tag-nieuws","23":"tag-nl","24":"tag-top-stories","25":"tag-topstories","26":"tag-voorpaginanieuws","27":"tag-wereld","28":"tag-world","29":"tag-world-news","30":"tag-worldnews"},"share_on_mastodon":{"url":"https:\/\/pubeurope.com\/@nl\/115906625054826228","error":""},"_links":{"self":[{"href":"https:\/\/www.europesays.com\/nl\/wp-json\/wp\/v2\/posts\/113694","targetHints":{"allow":["GET"]}}],"collection":[{"href":"https:\/\/www.europesays.com\/nl\/wp-json\/wp\/v2\/posts"}],"about":[{"href":"https:\/\/www.europesays.com\/nl\/wp-json\/wp\/v2\/types\/post"}],"author":[{"embeddable":true,"href":"https:\/\/www.europesays.com\/nl\/wp-json\/wp\/v2\/users\/2"}],"replies":[{"embeddable":true,"href":"https:\/\/www.europesays.com\/nl\/wp-json\/wp\/v2\/comments?post=113694"}],"version-history":[{"count":0,"href":"https:\/\/www.europesays.com\/nl\/wp-json\/wp\/v2\/posts\/113694\/revisions"}],"wp:featuredmedia":[{"embeddable":true,"href":"https:\/\/www.europesays.com\/nl\/wp-json\/wp\/v2\/media\/113695"}],"wp:attachment":[{"href":"https:\/\/www.europesays.com\/nl\/wp-json\/wp\/v2\/media?parent=113694"}],"wp:term":[{"taxonomy":"category","embeddable":true,"href":"https:\/\/www.europesays.com\/nl\/wp-json\/wp\/v2\/categories?post=113694"},{"taxonomy":"post_tag","embeddable":true,"href":"https:\/\/www.europesays.com\/nl\/wp-json\/wp\/v2\/tags?post=113694"}],"curies":[{"name":"wp","href":"https:\/\/api.w.org\/{rel}","templated":true}]}}