{"id":114058,"date":"2026-01-17T09:21:14","date_gmt":"2026-01-17T09:21:14","guid":{"rendered":"https:\/\/www.europesays.com\/nl\/114058\/"},"modified":"2026-01-17T09:21:14","modified_gmt":"2026-01-17T09:21:14","slug":"zelensky-oekraine-raakte-door-voorraad-raketten-heen-meer-wapens-van-bondgenoten-nodig","status":"publish","type":"post","link":"https:\/\/www.europesays.com\/nl\/114058\/","title":{"rendered":"Zelensky: Oekra\u00efne raakte door voorraad raketten heen, meer wapens van bondgenoten nodig"},"content":{"rendered":"<p>De Oekra\u00efense president Volodymyr Zelensky roept zijn bondgenoten op m\u00e9\u00e9r raketten en luchtafweersystemen naar Oekra\u00efne te sturen. De huidige leveringen, zei hij vrijdagavond in een <a data-id=\"https:\/\/x.com\/ZelenskyyUa\/status\/2012241756927004995\" data-type=\"link\" href=\"https:\/\/x.com\/ZelenskyyUa\/status\/2012241756927004995\" rel=\"nofollow\">videoboodschap<\/a>, zijn niet toereikend om het hoofd te kunnen bieden aan de aanhoudende luchtaanvallen vanuit Rusland.<\/p>\n<p>Tot deze vrijdag waren de voorraden volgens Zelensky dusdanig schaars dat verschillende luchtafweersystemen niet meer over raketten beschikten. Inmiddels zou Kyiv wel weer een \u201eaanzienlijke hoeveelheid\u201d raketten hebben ontvangen, maar het is niet duidelijk vanuit welk land.<\/p>\n<p>Het is ongebruikelijk dat een land in oorlog zich uitlaat over haar eigen kwetsbaarheden. \u201eSoms wil je het gewoon het liefst openlijk zeggen, maar dat kan niet\u201d, vertelde Zelensky bij een bezoek van zijn Tsjechische ambtsgenoot Petr Pavel, geciteerd door persbureau Reuters. \u201eNu kan ik het openlijk zeggen, want vandaag heb ik die raketten.\u201d<\/p>\n<p>De schaarste heeft alles te maken met het wegvallen van de steun van de Verenigde Staten sinds de terugkeer van Donald Trump in het Witte Huis. Nadat diens voorganger Joe Biden tientallen miljarden dollars had uitgetrokken voor wapenleveranties aan Oekra\u00efne, maakte Trump na zijn aantreden direct een einde aan de Amerikaanse hulp.<\/p>\n<p>De steun van Europese landen is niet genoeg om het ontstane gat op te vullen. In december 2025 stevende de levering van militaire hulp af op het <a data-id=\"https:\/\/www.nrc.nl\/nieuws\/2025\/12\/10\/europa-kan-de-weggevallen-amerikaanse-steun-aan-oekraine-bij-lange-na-niet-compenseren-a4914966\" data-type=\"link\" href=\"https:\/\/www.nrc.nl\/nieuws\/2025\/12\/10\/europa-kan-de-weggevallen-amerikaanse-steun-aan-oekraine-bij-lange-na-niet-compenseren-a4914966\" rel=\"nofollow noopener\" target=\"_blank\">laagste niveau<\/a> sinds de Russen in 2022 hun grootschalige invasie aanvingen. In de periode dat bondgenoten hun militaire steun afbouwden, voerde Rusland zijn aanvallen verder op.<\/p>\n<p><a class=\"dmt-article-suggestion\" href=\"https:\/\/www.nrc.nl\/nieuws\/2025\/12\/10\/europa-kan-de-weggevallen-amerikaanse-steun-aan-oekraine-bij-lange-na-niet-compenseren-a4914966\" rel=\"nofollow noopener\" target=\"_blank\"><\/p>\n<p>\n\t\t\t\tLees ook\n\t\t\t<\/p>\n<p>Europese steun aan Oekra\u00efne compenseert de weggevallen Amerikaanse steun bij lange na niet<\/p>\n<p><img decoding=\"async\" alt=\"Een Oekra\u00efense militair speurt op 29 november het luchtruim af op zoek naar Russische drones in de buurt van frontstad Kostjantynivka,  in de regio Donetsk. \" class=\"dmt-article-suggestion__image\" src=\"https:\/\/www.europesays.com\/nl\/wp-content\/uploads\/2025\/12\/1766514975_992_101225BUI_2026637831_1.jpg\"\/><br \/>\n<\/a><br \/>\n<a class=\"dmt-article-suggestion\" href=\"https:\/\/www.nrc.nl\/nieuws\/2025\/08\/19\/oekraineblog-19-aug-a4903434\" rel=\"nofollow noopener\" target=\"_blank\"><\/p>\n<p>\nLiveblog<br \/>\nOorlog in Oekra\u00efne\n<\/p>\n<p>                                Zelensky: Oekra\u00efne raakte door voorraad raketten heen, meer wapens van bondgenoten nodig<\/p>\n<p><\/a><\/p>\n<p>Geef cadeau<\/p>\n<p>Deel<\/p>\n<p>Mail de redactie<\/p>\n<p><a aria-label=\"The Trust Project, lees meer over de journalistieke principes van NRC\" class=\"trust__message\" href=\"http:\/\/www.nrc.nl\/over-ons\/#principes\" rel=\"nofollow noopener\" target=\"_blank\"><\/p>\n<p>\tDe journalistieke principes van NRC<br \/>\n<\/a> <\/p>\n","protected":false},"excerpt":{"rendered":"De Oekra\u00efense president Volodymyr Zelensky roept zijn bondgenoten op m\u00e9\u00e9r raketten en luchtafweersystemen naar Oekra\u00efne te sturen. De&hellip;\n","protected":false},"author":2,"featured_media":114059,"comment_status":"","ping_status":"","sticky":false,"template":"","format":"standard","meta":{"footnotes":""},"categories":[15],"tags":[39,40,48,43,44,34,35,41,42,46,47,49,45,32,33,50,36,37,38,67,64,65,66],"class_list":{"0":"post-114058","1":"post","2":"type-post","3":"status-publish","4":"format-standard","5":"has-post-thumbnail","7":"category-wereld","8":"tag-breaking-news","9":"tag-breakingnews","10":"tag-dutch","11":"tag-featured-news","12":"tag-featurednews","13":"tag-headlines","14":"tag-hoofdpunten","15":"tag-latest-news","16":"tag-latestnews","17":"tag-nederland","18":"tag-nederlanden","19":"tag-nederlands","20":"tag-netherlands","21":"tag-news","22":"tag-nieuws","23":"tag-nl","24":"tag-top-stories","25":"tag-topstories","26":"tag-voorpaginanieuws","27":"tag-wereld","28":"tag-world","29":"tag-world-news","30":"tag-worldnews"},"share_on_mastodon":{"url":"https:\/\/pubeurope.com\/@nl\/115909708028009868","error":""},"_links":{"self":[{"href":"https:\/\/www.europesays.com\/nl\/wp-json\/wp\/v2\/posts\/114058","targetHints":{"allow":["GET"]}}],"collection":[{"href":"https:\/\/www.europesays.com\/nl\/wp-json\/wp\/v2\/posts"}],"about":[{"href":"https:\/\/www.europesays.com\/nl\/wp-json\/wp\/v2\/types\/post"}],"author":[{"embeddable":true,"href":"https:\/\/www.europesays.com\/nl\/wp-json\/wp\/v2\/users\/2"}],"replies":[{"embeddable":true,"href":"https:\/\/www.europesays.com\/nl\/wp-json\/wp\/v2\/comments?post=114058"}],"version-history":[{"count":0,"href":"https:\/\/www.europesays.com\/nl\/wp-json\/wp\/v2\/posts\/114058\/revisions"}],"wp:featuredmedia":[{"embeddable":true,"href":"https:\/\/www.europesays.com\/nl\/wp-json\/wp\/v2\/media\/114059"}],"wp:attachment":[{"href":"https:\/\/www.europesays.com\/nl\/wp-json\/wp\/v2\/media?parent=114058"}],"wp:term":[{"taxonomy":"category","embeddable":true,"href":"https:\/\/www.europesays.com\/nl\/wp-json\/wp\/v2\/categories?post=114058"},{"taxonomy":"post_tag","embeddable":true,"href":"https:\/\/www.europesays.com\/nl\/wp-json\/wp\/v2\/tags?post=114058"}],"curies":[{"name":"wp","href":"https:\/\/api.w.org\/{rel}","templated":true}]}}