{"id":114101,"date":"2026-01-17T10:33:18","date_gmt":"2026-01-17T10:33:18","guid":{"rendered":"https:\/\/www.europesays.com\/nl\/114101\/"},"modified":"2026-01-17T10:33:18","modified_gmt":"2026-01-17T10:33:18","slug":"kaag-lid-van-nieuwe-ondersteunende-raad-voor-vrede-in-gaza","status":"publish","type":"post","link":"https:\/\/www.europesays.com\/nl\/114101\/","title":{"rendered":"Kaag lid van nieuwe ondersteunende raad voor vrede in Gaza"},"content":{"rendered":"<p><img alt=\"\" decoding=\"async\" loading=\"eager\" src=\"https:\/\/www.europesays.com\/nl\/wp-content\/uploads\/2026\/01\/1768645998_248_1024x576a.jpg\" class=\"sc-bcb3b750-1 cULYcE\"\/>ANPIn 2024 bezocht Kaag als VN-co\u00f6rdinator voor humanitaire actie en wederopbouw Khan Younis in Gaza<\/p>\n<p>NOS Nieuws\u2022vandaag, 00:01<\/p>\n<p class=\"sc-2ea02837-0 fedhGB\" id=\"354734705713857\">Sigrid Kaag zit in een nieuw op te richten ondersteunende raad voor &#8220;vrede, stabiliteit en welvaart&#8221; in Gaza. Dat meldt het Witte Huis <a href=\"https:\/\/www.whitehouse.gov\/briefings-statements\/2026\/01\/statement-on-president-trumps-comprehensive-plan-to-end-the-gaza-conflict\/\" data-tracking=\"elementType=external-link|elementId=https:\/\/www.whitehouse.gov\/briefings-statements\/2026\/01\/statement-on-president-trumps-comprehensive-plan-to-end-the-gaza-conflict\/|eventType=navigation|eventName=open\" target=\"_blank\" rel=\"nofollow noopener\">in een verklaring<\/a> op de website. Die raad moet het Palestijnse overgangsbestuur en een door president Trump voorgezeten vredesraad voor Gaza gaan ondersteunen.<\/p>\n<p class=\"sc-2ea02837-0 fedhGB\" id=\"688075637454994\">De Nederlandse oud-vicepremier was tot 1 juli vorig jaar VN-gezant voor het vredesproces in het Midden-Oosten. Daarvoor was ze ook nog co\u00f6rdinator voor hulp en wederopbouw in Gaza. In de nieuwe ondersteunende raad zitten onder anderen de Britse oud-premier Tony Blair, VS-gezant Steve Witkoff, Trumps schoonzoon Jared Kushner en de Turkse buitenlandminister Hakan Fidan.<\/p>\n<p class=\"sc-2ea02837-0 fedhGB\" id=\"332809895206420\">In dezelfde verklaring van het Witte Huis heeft de regering-Trump ook de zogenoemde &#8220;board of peace&#8221;, de vredesraad, bekendgemaakt. Deze raad heeft als taak om toezicht te houden op de wederopbouw van Gaza en het overgangsbestuur.<\/p>\n<p>Palestijns comit\u00e9<\/p>\n<p class=\"sc-2ea02837-0 fedhGB\" id=\"67978498708651\">Deze week werd een Palestijns comit\u00e9 opgericht dat als technocraten de Gazastrook moet gaan besturen. Donderdag kwam dit comit\u00e9 voor het eerst bijeen. Het heeft als doel om de Gazastrook te besturen wanneer de strijd tussen Isra\u00ebl en de beweging Hamas voorbij is.<\/p>\n<p class=\"sc-2ea02837-0 fedhGB\" id=\"274772514123790\">De oprichting van de vredesraad en de ondersteunende raad is onderdeel van de aangekondigde tweede fase van het Amerikaanse 20-puntenplan voor Gaza. Eerder zei VS-gezant Witkoff dat die fase bestaat uit de overgang van het staakt-het-vuren naar demilitarisering, het vormen van een technocratisch bestuur en wederopbouw.<\/p>\n<p class=\"sc-2ea02837-0 fedhGB\" id=\"897564136871756\">Hoewel er officieel sprake is van een staakt-het-vuren in Gaza, gaan de aanvallen van Isra\u00ebl nog bijna dagelijks door. Sinds het bestand is ook de humanitaire situatie in Gaza nauwelijks verbeterd. Hulp komt maar mondjesmaat binnen en verschillende hulporganisaties wordt door Isra\u00ebl de toegang geweigerd.<\/p>\n","protected":false},"excerpt":{"rendered":"ANPIn 2024 bezocht Kaag als VN-co\u00f6rdinator voor humanitaire actie en wederopbouw Khan Younis in Gaza NOS Nieuws\u2022vandaag, 00:01&hellip;\n","protected":false},"author":2,"featured_media":114102,"comment_status":"","ping_status":"","sticky":false,"template":"","format":"standard","meta":{"footnotes":""},"categories":[5],"tags":[39,40,48,43,44,738,34,35,41,42,46,47,49,45,32,33,50,24465,36,37,38,195,2183],"class_list":{"0":"post-114101","1":"post","2":"type-post","3":"status-publish","4":"format-standard","5":"has-post-thumbnail","7":"category-hoofdpunten","8":"tag-breaking-news","9":"tag-breakingnews","10":"tag-dutch","11":"tag-featured-news","12":"tag-featurednews","13":"tag-gaza","14":"tag-headlines","15":"tag-hoofdpunten","16":"tag-latest-news","17":"tag-latestnews","18":"tag-nederland","19":"tag-nederlanden","20":"tag-nederlands","21":"tag-netherlands","22":"tag-news","23":"tag-nieuws","24":"tag-nl","25":"tag-sigrid-kaag","26":"tag-top-stories","27":"tag-topstories","28":"tag-voorpaginanieuws","29":"tag-vs","30":"tag-witte-huis"},"share_on_mastodon":{"url":"https:\/\/pubeurope.com\/@nl\/115909990992506012","error":""},"_links":{"self":[{"href":"https:\/\/www.europesays.com\/nl\/wp-json\/wp\/v2\/posts\/114101","targetHints":{"allow":["GET"]}}],"collection":[{"href":"https:\/\/www.europesays.com\/nl\/wp-json\/wp\/v2\/posts"}],"about":[{"href":"https:\/\/www.europesays.com\/nl\/wp-json\/wp\/v2\/types\/post"}],"author":[{"embeddable":true,"href":"https:\/\/www.europesays.com\/nl\/wp-json\/wp\/v2\/users\/2"}],"replies":[{"embeddable":true,"href":"https:\/\/www.europesays.com\/nl\/wp-json\/wp\/v2\/comments?post=114101"}],"version-history":[{"count":0,"href":"https:\/\/www.europesays.com\/nl\/wp-json\/wp\/v2\/posts\/114101\/revisions"}],"wp:featuredmedia":[{"embeddable":true,"href":"https:\/\/www.europesays.com\/nl\/wp-json\/wp\/v2\/media\/114102"}],"wp:attachment":[{"href":"https:\/\/www.europesays.com\/nl\/wp-json\/wp\/v2\/media?parent=114101"}],"wp:term":[{"taxonomy":"category","embeddable":true,"href":"https:\/\/www.europesays.com\/nl\/wp-json\/wp\/v2\/categories?post=114101"},{"taxonomy":"post_tag","embeddable":true,"href":"https:\/\/www.europesays.com\/nl\/wp-json\/wp\/v2\/tags?post=114101"}],"curies":[{"name":"wp","href":"https:\/\/api.w.org\/{rel}","templated":true}]}}