{"id":11460,"date":"2025-10-02T10:15:08","date_gmt":"2025-10-02T10:15:08","guid":{"rendered":"https:\/\/www.europesays.com\/nl\/11460\/"},"modified":"2025-10-02T10:15:08","modified_gmt":"2025-10-02T10:15:08","slug":"gtst-sterren-lieke-van-lexmond-en-bas-muijs-beantwoorden-donderdag-kijkersvragen-in-rtl-boulevard-livestream","status":"publish","type":"post","link":"https:\/\/www.europesays.com\/nl\/11460\/","title":{"rendered":"GTST-sterren Lieke van Lexmond en Bas Muijs beantwoorden donderdag kijkersvragen in RTL Boulevard-livestream"},"content":{"rendered":"<p>Via de Instagrampagina van RTL Boulevard zijn veel kijkersvragen ingestuurd. Van wat de acteurs vonden van de comeback van Reinout Oerlemans als Arnie Alberts tot hoe Lieke werd gevraagd voor haar terugkeer in de serie \u2013 er zullen heel wat vragen aan bod komen.<\/p>\n<p>GTST pakte groots uit voor het jubileum. Zo trokken de makers een blik oude bekenden open. Vertrouwde gezichten als Ingeborg Wieten (Suzanne Balk), Bennie den Haan (Remco Alberts) en Liesbeth Kamerling (Daantje Mus) keerden voor even terug naar het soapdorp.<\/p>\n<p>In de laatste sc\u00e8ne van de aflevering zwaaide Jette van der Meij af, die 35 jaar lang te zien was als Laura Selmhorst. Vanwege haar vertrek kroop Reinout nog \u00e9\u00e9n keer in de rol van publiekslieveling Arnie. Hoe Jette terugkijkt op haar laatste sc\u00e8ne in GTST, zie je in de video hieronder.<\/p>\n","protected":false},"excerpt":{"rendered":"Via de Instagrampagina van RTL Boulevard zijn veel kijkersvragen ingestuurd. Van wat de acteurs vonden van de comeback&hellip;\n","protected":false},"author":2,"featured_media":11461,"comment_status":"","ping_status":"","sticky":false,"template":"","format":"standard","meta":{"footnotes":""},"categories":[28],"tags":[99,3831,48,98,532,4059,46,47,49,45,50,124],"class_list":{"0":"post-11460","1":"post","2":"type-post","3":"status-publish","4":"format-standard","5":"has-post-thumbnail","7":"category-tv","8":"tag-amusement","9":"tag-bas-muijs","10":"tag-dutch","11":"tag-entertainment","12":"tag-gtst","13":"tag-lieke-van-lexmond","14":"tag-nederland","15":"tag-nederlanden","16":"tag-nederlands","17":"tag-netherlands","18":"tag-nl","19":"tag-tv"},"share_on_mastodon":{"url":"","error":""},"_links":{"self":[{"href":"https:\/\/www.europesays.com\/nl\/wp-json\/wp\/v2\/posts\/11460","targetHints":{"allow":["GET"]}}],"collection":[{"href":"https:\/\/www.europesays.com\/nl\/wp-json\/wp\/v2\/posts"}],"about":[{"href":"https:\/\/www.europesays.com\/nl\/wp-json\/wp\/v2\/types\/post"}],"author":[{"embeddable":true,"href":"https:\/\/www.europesays.com\/nl\/wp-json\/wp\/v2\/users\/2"}],"replies":[{"embeddable":true,"href":"https:\/\/www.europesays.com\/nl\/wp-json\/wp\/v2\/comments?post=11460"}],"version-history":[{"count":0,"href":"https:\/\/www.europesays.com\/nl\/wp-json\/wp\/v2\/posts\/11460\/revisions"}],"wp:featuredmedia":[{"embeddable":true,"href":"https:\/\/www.europesays.com\/nl\/wp-json\/wp\/v2\/media\/11461"}],"wp:attachment":[{"href":"https:\/\/www.europesays.com\/nl\/wp-json\/wp\/v2\/media?parent=11460"}],"wp:term":[{"taxonomy":"category","embeddable":true,"href":"https:\/\/www.europesays.com\/nl\/wp-json\/wp\/v2\/categories?post=11460"},{"taxonomy":"post_tag","embeddable":true,"href":"https:\/\/www.europesays.com\/nl\/wp-json\/wp\/v2\/tags?post=11460"}],"curies":[{"name":"wp","href":"https:\/\/api.w.org\/{rel}","templated":true}]}}