{"id":11517,"date":"2025-10-02T11:20:19","date_gmt":"2025-10-02T11:20:19","guid":{"rendered":"https:\/\/www.europesays.com\/nl\/11517\/"},"modified":"2025-10-02T11:20:19","modified_gmt":"2025-10-02T11:20:19","slug":"arbeidsmigrant-kevin-wint-rechtszaak-en-mag-in-huis-blijven-wonen-hoe-dat-grote-gevolgen-kan-hebben-voor-honderdduizenden-andere-migranten-in-nederland","status":"publish","type":"post","link":"https:\/\/www.europesays.com\/nl\/11517\/","title":{"rendered":"Arbeidsmigrant Kevin wint rechtszaak en mag in huis blijven wonen: hoe dat grote gevolgen kan hebben voor honderdduizenden andere migranten in Nederland"},"content":{"rendered":"<p class=\"paragraph alinea-paragraph\" data-v-1d362aa7=\"\" data-v-29d7a2fc=\"\">De rechter oordeelde dat de koppeling van werk- en huurcontracten in strijd is met de wet. Deskundigen spreken van een &#8220;bom onder de manier waarop tienduizenden arbeidsmigranten in Nederland wonen.&#8221;<\/p>\n<p>Aantrekkelijk aanbod, of toch niet?<\/p>\n<p class=\"paragraph alinea-paragraph\" data-v-1d362aa7=\"\" data-v-29d7a2fc=\"\">Kevin Victor komt uit Sint Maarten en kwam eind 2024 naar Nederland nadat hij een advertentie van uitzendbureau OTTO Work Force zag: een baan en een huis in \u00e9\u00e9n pakket. Het leek een aantrekkelijk aanbod. Hij ging werken als orderpicker bij Jumbo en kreeg meteen woonruimte.<\/p>\n<p class=\"paragraph alinea-paragraph\" data-v-1d362aa7=\"\" data-v-29d7a2fc=\"\">Maar al snel belandde hij in een wirwar van tijdelijke woonlocaties: eerst een chalet op een vakantiepark, daarna een verlaten kerk met 20 anderen, vervolgens een appartement in Rosmalen en uiteindelijk weer een recreatiepark in Maarssen. Soms deelde hij zijn kamer met volstrekte vreemden.<\/p>\n<p>Slapen op de gang<\/p>\n<p class=\"paragraph alinea-paragraph\" data-v-1d362aa7=\"\" data-v-29d7a2fc=\"\">&#8220;Elke zondag kwamen er nieuwe mensen met koffers binnen. Je wist nooit wie er naast je zou slapen&#8221;, zegt Kevin.<\/p>\n<p class=\"paragraph alinea-paragraph\" data-v-1d362aa7=\"\" data-v-29d7a2fc=\"\">&#8220;Soms praatte iemand hardop in zijn slaap, soms snurkte een kamergenoot zo erg dat ik mijn bed naar de woonkamer moest verplaatsen.&#8221; Ook sliep hij wel eens op de gang.<\/p>\n<p class=\"paragraph alinea-paragraph\" data-v-1d362aa7=\"\" data-v-29d7a2fc=\"\">Deze maand staat een bodemprocedure gepland die gaat over de koppeling tussen wonen en werk. Maandag diende een kort geding vanwege uitzetting en een huurachterstand, deze is inmiddels betaald.<\/p>\n<p class=\"paragraph alinea-paragraph\" data-v-1d362aa7=\"\" data-v-29d7a2fc=\"\">Kevin wordt ondertussen juridisch bijgestaan door het Juridisch Loket.<\/p>\n<p>Huurkosten gingen van loon af<\/p>\n<p class=\"paragraph alinea-paragraph\" data-v-1d362aa7=\"\" data-v-29d7a2fc=\"\">De huisvesting bleek veel meer te zijn dan alleen een dak boven het hoofd, merkte Kevin. De huur werd automatisch van zijn loon ingehouden, inspecties waren onaangekondigd en kleine boetes werden direct verrekend.<\/p>\n<p class=\"paragraph alinea-paragraph\" data-v-1d362aa7=\"\" data-v-29d7a2fc=\"\">&#8220;Als er een kruimel op de vloer lag, ging het van je loon af. Zo cre\u00eberde het uitzendbureau afhankelijkheid: je werkte om de vorige week goed te maken. Mensen zaten vast, ze konden niet weg omdat ze steeds geld tekortkwamen.&#8221; Volgens Kevin werd zo een systeem van &#8216;moderne slavernij&#8217; in stand gehouden.<\/p>\n<p>&#8216;Ze kunnen je leven kapotmaken&#8217;<\/p>\n<p class=\"paragraph alinea-paragraph\" data-v-1d362aa7=\"\" data-v-29d7a2fc=\"\">Toen hij overstapte naar een andere baan, eiste Labour Housing, een zusterbedrijf van OTTO, dat hij zijn chalet zou verlaten. Kevin weigerde dat.<\/p>\n<p class=\"paragraph alinea-paragraph\" data-v-1d362aa7=\"\" data-v-29d7a2fc=\"\">&#8220;Ze probeerden me bewust dakloos te maken. Dat kon ik niet laten gebeuren&#8221;, zegt hij. &#8220;Het was voor mij extreem persoonlijk. Dit ging niet alleen om regels of contracten, dit ging over iemand die je leven kapot kan maken.&#8221;<\/p>\n<p>Naar de rechter met AI<\/p>\n<p class=\"paragraph alinea-paragraph\" data-v-1d362aa7=\"\" data-v-29d7a2fc=\"\">Kevin besloot naar de rechter te stappen. Zonder advocaat, maar gewapend met dikke mappen vol eigen onderzoek, juridische artikelen en analyses die hij maakte met hulp van kunstmatige intelligentie.<\/p>\n<p class=\"paragraph alinea-paragraph\" data-v-1d362aa7=\"\" data-v-29d7a2fc=\"\">&#8220;Ik heb avondenlang wetten en eerdere uitspraken bestudeerd. Soms luisterde ik mijn eigen notities terug tijdens het werk, gewoon op mijn oortjes. Het was alsof ik mijn eigen advocaat moest zijn.&#8221;<\/p>\n<p>Kevin krijgt gelijk<\/p>\n<p class=\"paragraph alinea-paragraph\" data-v-1d362aa7=\"\" data-v-29d7a2fc=\"\">En met succes. In juli wees de rechtbank in Utrecht de vordering tot ontruiming af. De rechter stelde dat de koppeling van arbeidscontract en huurcontract in strijd is met de Wet goed verhuurderschap, die sinds 2023 bepaalt dat baan en woning strikt gescheiden moeten zijn.<\/p>\n<p class=\"paragraph alinea-paragraph\" data-v-1d362aa7=\"\" data-v-29d7a2fc=\"\">De huur kon bovendien niet worden aangemerkt als &#8216;van korte duur&#8217;, zoals Labour Housing beweerde. Het argument dat Kevin meteen weg moest omdat hij niet meer voor OTTO Work Force werkte, hield juridisch geen stand.<\/p>\n<p>&#8216;Dit is een keerpunt&#8217;<\/p>\n<p class=\"paragraph alinea-paragraph\" data-v-1d362aa7=\"\" data-v-29d7a2fc=\"\">Volgens Joost van Woelderen van Stichting Bewonersbelangen Arbeidsmigratie is dit een keerpunt. &#8220;De rechter heeft gezegd: dit mag niet. En als dit voor Kevin geldt, dan geldt het ook voor honderdduizenden arbeidsmigranten die in dezelfde constructies zitten. Het kan niet zo zijn dat iemand zijn baan verliest en daardoor ook meteen zijn huis.&#8221;<\/p>\n<p class=\"paragraph alinea-paragraph\" data-v-1d362aa7=\"\" data-v-29d7a2fc=\"\">Volgens de stichting zijn er op dit moment tienduizenden migranten die onder vergelijkbare omstandigheden wonen: in te kleine kamers, vaak zonder inschrijfadres, afhankelijk van hun uitzendbureau voor werk, woning en zelfs hun zorgverzekering.<\/p>\n<p>Spanningen in samenleving<\/p>\n<p class=\"paragraph alinea-paragraph\" data-v-1d362aa7=\"\" data-v-29d7a2fc=\"\">De gevolgen raken niet alleen de migranten zelf, maar ook de samenleving eromheen. In wijken waar veel zogenaamde &#8216;short stay-woningen&#8217; staan, woningen voor kort verblijf, ontstaan regelmatig spanningen.<\/p>\n<p class=\"paragraph alinea-paragraph\" data-v-1d362aa7=\"\" data-v-29d7a2fc=\"\">Buurtbewoners klagen over afval, geluidsoverlast en gebrek aan binding. &#8220;Je zet mensen bij elkaar die elkaar niet kennen, die vaak elkaars taal niet spreken, in een te kleine ruimte. Dat levert spanningen op. Dan zoeken mensen ontspanning op straat en dat zie je terug in de buurt&#8221;, zegt Van Woelderen.<\/p>\n<p>&#8216;Voldoen aan normen&#8217;<\/p>\n<p class=\"paragraph alinea-paragraph\" data-v-1d362aa7=\"\" data-v-29d7a2fc=\"\">OTTO Work Force benadrukt dat hun constructies volgens de wet zijn toegestaan, omdat arbeids- en huurcontracten formeel gescheiden blijven. Het bedrijf verwijst naar de ABU-cao, waarin staat dat arbeidsmigranten na be\u00ebindiging van hun contract een overgangstermijn hebben om de woning te verlaten, door OTTO verlengd naar 8 weken.<\/p>\n<p class=\"paragraph alinea-paragraph\" data-v-1d362aa7=\"\" data-v-29d7a2fc=\"\">Verder zegt het bedrijf dat alle woonlocaties voldoen aan de normen, zo mogen er niet meer dan twee mensen op \u00e9\u00e9n kamer slapen en zijn inspecties bedoeld om veiligheid en hygi\u00ebne te waarborgen. Ook wijst OTTO erop dat inhoudingen op het loon, zoals huur, nooit onder het wettelijk minimumloon mogen komen.<\/p>\n<p>Persoonlijke strijd<\/p>\n<p class=\"paragraph alinea-paragraph\" data-v-1d362aa7=\"\" data-v-29d7a2fc=\"\">Voor Kevin blijft het persoonlijk. &#8220;Een bedrijf wilde mij dakloos maken. Dat neem ik niet licht op. Het gaat om mijn recht om een dak boven mijn hoofd te hebben.&#8221; Zijn zaak komt binnenkort opnieuw voor de rechter in een bodemprocedure, waar een definitief oordeel valt.<\/p>\n<p class=\"paragraph alinea-paragraph\" data-v-1d362aa7=\"\" data-v-29d7a2fc=\"\">Mocht de rechter dit voorlopige vonnis bevestigen, dan moeten uitzendbureaus en huisvesters hun contracten flink aanpassen. Wat begon als de strijd van \u00e9\u00e9n man tegen een multinational, kan uitgroeien tot een fundamentele verandering in de manier waarop Nederland arbeidsmigranten huisvest.<\/p>\n","protected":false},"excerpt":{"rendered":"De rechter oordeelde dat de koppeling van werk- en huurcontracten in strijd is met de wet. Deskundigen spreken&hellip;\n","protected":false},"author":2,"featured_media":11518,"comment_status":"","ping_status":"","sticky":false,"template":"","format":"standard","meta":{"footnotes":""},"categories":[12],"tags":[4070,39,40,48,43,44,1261,34,35,2531,41,42,3809,46,47,49,45,32,33,50,310,36,37,4071,38,2484],"class_list":{"0":"post-11517","1":"post","2":"type-post","3":"status-publish","4":"format-standard","5":"has-post-thumbnail","7":"category-nederland","8":"tag-arbeidsmigratie","9":"tag-breaking-news","10":"tag-breakingnews","11":"tag-dutch","12":"tag-featured-news","13":"tag-featurednews","14":"tag-geld-en-werk","15":"tag-headlines","16":"tag-hoofdpunten","17":"tag-huisvesting","18":"tag-latest-news","19":"tag-latestnews","20":"tag-migranten","21":"tag-nederland","22":"tag-nederlanden","23":"tag-nederlands","24":"tag-netherlands","25":"tag-news","26":"tag-nieuws","27":"tag-nl","28":"tag-rechtszaak","29":"tag-top-stories","30":"tag-topstories","31":"tag-uitzendbureau","32":"tag-voorpaginanieuws","33":"tag-wooncrisis"},"share_on_mastodon":{"url":"","error":""},"_links":{"self":[{"href":"https:\/\/www.europesays.com\/nl\/wp-json\/wp\/v2\/posts\/11517","targetHints":{"allow":["GET"]}}],"collection":[{"href":"https:\/\/www.europesays.com\/nl\/wp-json\/wp\/v2\/posts"}],"about":[{"href":"https:\/\/www.europesays.com\/nl\/wp-json\/wp\/v2\/types\/post"}],"author":[{"embeddable":true,"href":"https:\/\/www.europesays.com\/nl\/wp-json\/wp\/v2\/users\/2"}],"replies":[{"embeddable":true,"href":"https:\/\/www.europesays.com\/nl\/wp-json\/wp\/v2\/comments?post=11517"}],"version-history":[{"count":0,"href":"https:\/\/www.europesays.com\/nl\/wp-json\/wp\/v2\/posts\/11517\/revisions"}],"wp:featuredmedia":[{"embeddable":true,"href":"https:\/\/www.europesays.com\/nl\/wp-json\/wp\/v2\/media\/11518"}],"wp:attachment":[{"href":"https:\/\/www.europesays.com\/nl\/wp-json\/wp\/v2\/media?parent=11517"}],"wp:term":[{"taxonomy":"category","embeddable":true,"href":"https:\/\/www.europesays.com\/nl\/wp-json\/wp\/v2\/categories?post=11517"},{"taxonomy":"post_tag","embeddable":true,"href":"https:\/\/www.europesays.com\/nl\/wp-json\/wp\/v2\/tags?post=11517"}],"curies":[{"name":"wp","href":"https:\/\/api.w.org\/{rel}","templated":true}]}}