{"id":12026,"date":"2025-10-02T20:47:07","date_gmt":"2025-10-02T20:47:07","guid":{"rendered":"https:\/\/www.europesays.com\/nl\/12026\/"},"modified":"2025-10-02T20:47:07","modified_gmt":"2025-10-02T20:47:07","slug":"daniel-day-lewis-grote-comeback-is-anemone-een-nieuw-pareltje-of-een-flop","status":"publish","type":"post","link":"https:\/\/www.europesays.com\/nl\/12026\/","title":{"rendered":"Daniel Day-Lewis&#8217; grote comeback: is &#8216;Anemone&#8217; een nieuw pareltje of een flop?"},"content":{"rendered":"<p>        Het was <a href=\"https:\/\/www.filmtotaal.nl\/nieuws\/125978\" rel=\"nofollow noopener\" target=\"_blank\">het filmnieuws<\/a> waar menig cinefiel jaren op hoopte: de terugkeer van <a href=\"https:\/\/www.filmtotaal.nl\/persoon\/16896\" rel=\"nofollow noopener\" target=\"_blank\">Daniel Day-Lewis<\/a>, door velen beschouwd als de grootste acteur aller tijden. Hij keerde terug voor een rol in <a href=\"https:\/\/www.filmtotaal.nl\/film\/40462\" rel=\"nofollow noopener\" target=\"_blank\">Anemone<\/a>, geregisseerd door zijn zoon Gabriel-Kane Day-Lewis, maar hoe pakt dit eigenlijk uit?<\/p>\n<p>Om maar meteen met de deur in huis te vallen: het is helaas niet de glorieuze comeback waarop fans hoopten. De eerste recensies op Rotten Tomatoes zijn namelijk niet al te best. Vooralsnog na 44 recensies staat de film op een magere 59%.<\/p>\n<p>Familiedrama met diepgang<br \/>Anemone speelt zich af in Yorkshire eind jaren tachtig en draait om twee broers die twintig jaar eerder dienden als Britse paramilitairen in Noord-Ierland. Het verhaal verweeft hun verleden met de spanningen binnen de familie, waarbij thema&#8217;s als trauma, schuld en vergeving centraal staan. <\/p>\n<p>Day-Lewis senior vertolkt de vaderfiguur, een man die evenveel gezag als kwetsbaarheid uitstraalt. Hoewel het idee van vader en zoon die samen aan een film werken intrigerend klinkt, vinden veel critici dat de uitvoering tekortschiet. <\/p>\n<p>Plus- en minpunten<br \/>Waar Daniel Day-Lewis doorgaans geroemd wordt om zijn intensiteit en nuance, wordt zijn spel in deze film omschreven als een onevenwichtige uitvoering. Ook komt de dialoog niet goed tot zijn recht, al wordt wel de ambitie en het persoonlijke karakter van de film geprezen.<\/p>\n<blockquote class=\"instagram-media\" data-instgrm-captioned=\"\" data-instgrm-permalink=\"https:\/\/www.instagram.com\/reel\/DPRfmW0CV8w\/?utm_source=ig_embed&amp;utm_campaign=loading\" data-instgrm-version=\"14\" style=\" background:#FFF; border:0; border-radius:3px; box-shadow:0 0 1px 0 rgba(0,0,0,0.5),0 1px 10px 0 rgba(0,0,0,0.15); margin: 1px; max-width:540px; min-width:326px; padding:0; width:99.375%; width:-webkit-calc(100% - 2px); width:calc(100% - 2px);\"\/>\n<p>Ondanks het feit dat het dus niet het nieuwe pareltje lijkt te zijn \u00e0 la There Will be Blood of Lincoln, is het voor fans wel een zeldzame kans om de acteur nog \u00e9\u00e9n keer aan het werk te zien, hoewel het niet in de grootse vorm is waarin hij ons gewend is te imponeren.<\/p>\n<p>    <script async src=\"\/\/www.instagram.com\/embed.js\"><\/script><\/p>\n","protected":false},"excerpt":{"rendered":"Het was het filmnieuws waar menig cinefiel jaren op hoopte: de terugkeer van Daniel Day-Lewis, door velen beschouwd&hellip;\n","protected":false},"author":2,"featured_media":12027,"comment_status":"","ping_status":"","sticky":false,"template":"","format":"standard","meta":{"footnotes":""},"categories":[26],"tags":[99,48,98,102,103,101,46,47,49,45,50],"class_list":{"0":"post-12026","1":"post","2":"type-post","3":"status-publish","4":"format-standard","5":"has-post-thumbnail","7":"category-films","8":"tag-amusement","9":"tag-dutch","10":"tag-entertainment","11":"tag-film","12":"tag-films","13":"tag-movies","14":"tag-nederland","15":"tag-nederlanden","16":"tag-nederlands","17":"tag-netherlands","18":"tag-nl"},"share_on_mastodon":{"url":"","error":""},"_links":{"self":[{"href":"https:\/\/www.europesays.com\/nl\/wp-json\/wp\/v2\/posts\/12026","targetHints":{"allow":["GET"]}}],"collection":[{"href":"https:\/\/www.europesays.com\/nl\/wp-json\/wp\/v2\/posts"}],"about":[{"href":"https:\/\/www.europesays.com\/nl\/wp-json\/wp\/v2\/types\/post"}],"author":[{"embeddable":true,"href":"https:\/\/www.europesays.com\/nl\/wp-json\/wp\/v2\/users\/2"}],"replies":[{"embeddable":true,"href":"https:\/\/www.europesays.com\/nl\/wp-json\/wp\/v2\/comments?post=12026"}],"version-history":[{"count":0,"href":"https:\/\/www.europesays.com\/nl\/wp-json\/wp\/v2\/posts\/12026\/revisions"}],"wp:featuredmedia":[{"embeddable":true,"href":"https:\/\/www.europesays.com\/nl\/wp-json\/wp\/v2\/media\/12027"}],"wp:attachment":[{"href":"https:\/\/www.europesays.com\/nl\/wp-json\/wp\/v2\/media?parent=12026"}],"wp:term":[{"taxonomy":"category","embeddable":true,"href":"https:\/\/www.europesays.com\/nl\/wp-json\/wp\/v2\/categories?post=12026"},{"taxonomy":"post_tag","embeddable":true,"href":"https:\/\/www.europesays.com\/nl\/wp-json\/wp\/v2\/tags?post=12026"}],"curies":[{"name":"wp","href":"https:\/\/api.w.org\/{rel}","templated":true}]}}