{"id":121844,"date":"2026-01-26T14:50:13","date_gmt":"2026-01-26T14:50:13","guid":{"rendered":"https:\/\/www.europesays.com\/nl\/121844\/"},"modified":"2026-01-26T14:50:13","modified_gmt":"2026-01-26T14:50:13","slug":"adama-traore-in-beeld-als-topversterking-bij-ajax","status":"publish","type":"post","link":"https:\/\/www.europesays.com\/nl\/121844\/","title":{"rendered":"Adama Traor\u00e9 in beeld als topversterking bij Ajax"},"content":{"rendered":"<p>                                                        <img loading=\"lazy\" decoding=\"async\" data-image-size=\"not_specified\" class=\"\" width=\"112\" height=\"112\" alt=\"Milan Keskin\" src=\"https:\/\/www.europesays.com\/nl\/wp-content\/uploads\/2026\/01\/1768417392_978_w=112,h=112,quality=75,fit=cover,format=auto.jpeg\"\/>                                                    <\/p>\n<p>                                                    <a href=\"https:\/\/www.footballtransfers.com\/nl\/auteurs\/milankeskin\" title=\"Milan Keskin\" rel=\"nofollow noopener\" target=\"_blank\">Milan Keskin<\/a><\/p>\n<ul>\n<li>Bijgewerkt: 26 jan. 2026 12:36 CET<\/li>\n<li>4 min leestijd<\/li>\n<\/ul>\n<p>                                                  <img decoding=\"async\" data-image-size=\"retina\" class=\"\" width=\"1200\" height=\"675\" alt=\"Adama Traor\u00e9, Ajax, Fulham\" src=\"https:\/\/www.europesays.com\/nl\/wp-content\/uploads\/2026\/01\/1769439012_224_w=1200,h=675,quality=75,fit=cover,format=auto.jpeg\" fetchpriority=\"high\"\/><br \/>\n                                                                                                                                                                                                        \u00a9 IMAGO <\/p>\n<p><a href=\"https:\/\/www.footballtransfers.com\/nl\/teams\/nl\/ajax\" title=\"Ajax Amsterdam\" rel=\"nofollow noopener\" target=\"_blank\">Ajax<\/a> moet snel schakelen op de transfermarkt. Door het vertrek van <a href=\"https:\/\/www.footballtransfers.com\/nl\/spelers\/raul-moro-prescoli\" title=\"Ra\u00fal Moro\" data-skill=\"59.3\" data-pot=\"66.8\" data-position=\"A,  M (L)\" data-estimates=\"\u20ac9.2M\" data-xtvrange=\"\u20ac7.8M - \u20ac10.6M\" data-team=\"Osasuna\" data-team-image=\"https:\/\/static.footballtransfers.com\/resources\/teams\/246.png\" data-profile-image=\"https:\/\/images.footballtransfers.com\/?url=https:\/\/static.footballtransfers.com\/resources\/players\/490497-alt.webp?t=1763649998&amp;h=200\" data-player-tooltip=\"1\" rel=\"nofollow noopener\" target=\"_blank\">Ra\u00fal Moro<\/a> naar Osasuna en het mislopen van <a href=\"https:\/\/www.footballtransfers.com\/nl\/spelers\/carlos-vicente-robles\" title=\"Carlos Vicente\" data-skill=\"64.2\" data-pot=\"67.3\" data-position=\"A,  M (R)\" data-estimates=\"\u20ac10.7M\" data-xtvrange=\"\u20ac9.6M - \u20ac11.8M\" data-team=\"Alaves\" data-team-image=\"https:\/\/static.footballtransfers.com\/resources\/teams\/1011.png\" data-profile-image=\"https:\/\/images.footballtransfers.com\/?url=https:\/\/static.footballtransfers.com\/resources\/players\/398116.png&amp;h=200\" data-player-tooltip=\"1\" rel=\"nofollow noopener\" target=\"_blank\">Carlos Vicente<\/a> komt de druk op de Amsterdammers toe om een nieuwe aanvaller te vinden. <a href=\"https:\/\/www.footballtransfers.com\/nl\/spelers\/adama-traore-3\" title=\"Adama Traor\u00e9\" data-skill=\"66.5\" data-pot=\"66.5\" data-position=\"A,  M (R)\" data-estimates=\"\u20ac6.3M\" data-xtvrange=\"\u20ac5.4M - \u20ac7.3M\" data-team=\"Fulham\" data-team-image=\"https:\/\/static.footballtransfers.com\/resources\/teams\/74.png\" data-profile-image=\"https:\/\/images.footballtransfers.com\/?url=https:\/\/static.footballtransfers.com\/resources\/players\/64741.png&amp;h=200\" data-player-tooltip=\"1\" rel=\"nofollow noopener\" target=\"_blank\">Adama Traor\u00e9<\/a> moet daarbij gelden als serieuze optie.<\/p>\n<p>Het is geen geheim dat Ajax een nieuwe aanvaller aan de selectie van Fred Grim wil toevoegen. Nu de transfermarkt nog een week open is, moeten de Amsterdammers enige haast gaan maken. De gok op Vicente lijkt verkeerd uit te pakken, nu de Spaanse aanvaller op weg naar Birmingham City lijkt.<\/p>\n<p>Artikel gaat verder onder de video <\/p>\n<p>Waarom Traor\u00e9 beschikbaar is<\/p>\n<p>Adama Traor\u00e9 staat al sinds 2023 onder contract bij <a href=\"https:\/\/www.footballtransfers.com\/nl\/teams\/uk\/fulham\" title=\"Fulham FC\" rel=\"nofollow noopener\" target=\"_blank\">Fulham<\/a>, dat hem transfervrij overnam van Wolverhampton Wanderers. De dertigjarige aanvaller komt in Londen amper aan spelen toe, ondanks dat Traor\u00e9 gewoon wedstrijdfit is. Een vertrek lijkt voor Traor\u00e9 tot de mogelijkheden te behoren, wetende dat hij komende maanden op Craven Cottage op de bank zal blijven zitten. Traor\u00e9 kwam dit seizoen weliswaar twintig wedstrijden in actie, maar de teller stokt op slechts 576 minuten. In totaal dus 28 minuten per gespeelde wedstrijd.<\/p>\n<p>Traor\u00e9 lijkt zodoende zijn piek al te hebben gehad in zijn loopbaan. De aanvaller, achtvoudig international van Spanje, komt uit de befaamde La Masia jeugdopleiding van <a href=\"https:\/\/www.footballtransfers.com\/nl\/teams\/es\/barcelona\" title=\"FC Barcelona\" rel=\"nofollow noopener\" target=\"_blank\">FC Barcelona<\/a>. Nadat een doorbraak in het eerste van de Spaanse grootmacht uitbleef, besloot Traor\u00e9 voor zijn kans te gaan in Engeland. Na eerst bij Aston Villa en Middlesbrough gespeeld te hebben, vertrok de aanvaller in 2018 voor twintig miljoen euro naar Wolverhampton Wanderers.<\/p>\n<p>  <img decoding=\"async\" data-image-size=\"retina\" class=\"lazyload\" width=\"750\" height=\"422\" loading=\"lazy\" alt=\"De prestaties van Adama Traor\u00e9 dit seizoen bij Fulham.\" src=\"https:\/\/www.europesays.com\/nl\/wp-content\/uploads\/2026\/01\/1769439013_392_w=750,h=422,quality=75,fit=cover,format=auto.jpeg\"\/> \u00a9 IMAGO &#8211; De prestaties van Adama Traor\u00e9 dit seizoen bij Fulham.<\/p>\n<p>Bij Wolverhampton Wanderers groeide Traor\u00e9 uit tot een sensatie in de Premier League. Het leidde in 2022 tot een tijdelijke terugkeer bij Barcelona, dat de aanvaller huurde van the Wolves. In totaal zou Traor\u00e9 21 keer voor Barcelona uitkomen in zijn loopbaan. Inmiddels lijkt een terugkeer naar Camp Nou verder weg dan ooit voor Traor\u00e9, die duidelijk op een zijspoor is beland in Engeland.<\/p>\n<p>Waarom Traor\u00e9 past bij Ajax<\/p>\n<p>Met een Similarity van 100% met zowel Ra\u00fal Moro als Carlos Vicente is Adama Traor\u00e9 volgens databureau SciSports de ideale kandidaat om Ajax op korte termijn te versterken. Traor\u00e9 wordt omschreven als een Classic Winger, die net als Moro en Vicente voornamelijk op rechts in actie kwam. Traor\u00e9, spelend bij Fulham, kan echter ook als linksbuiten fungeren en is daarmee multifunctioneel. Mocht <a href=\"https:\/\/www.footballtransfers.com\/nl\/spelers\/mika-godts\" title=\"Mika Godts\" data-skill=\"63.4\" data-pot=\"76.2\" data-position=\"A,  M (L)\" data-estimates=\"\u20ac18.8M\" data-xtvrange=\"\u20ac16.9M - \u20ac20.6M\" data-team=\"Ajax\" data-team-image=\"https:\/\/static.footballtransfers.com\/resources\/teams\/143-alt.png\" data-profile-image=\"https:\/\/images.footballtransfers.com\/?url=https:\/\/static.footballtransfers.com\/resources\/players\/608547-alt.webp?t=1763649980&amp;h=200\" data-player-tooltip=\"1\" rel=\"nofollow noopener\" target=\"_blank\">Mika Godts<\/a> geblesseerd uitvallen, dan heeft Ajax met Traor\u00e9 een uitstekende optie achter de hand.<\/p>\n<p>  <img data-image-size=\"retina\" class=\"lazyload\" width=\"750\" height=\"422\" loading=\"lazy\" alt=\"Data van &lt;i&gt;SciSports&lt;\/i&gt; tonen aan dat Adama Traor\u00e9, Carlos Vicente \u00e9n Ra\u00fal Moro dezelfde speelstijl hebben.\" data-src=\"https:\/\/www.europesays.com\/nl\/wp-content\/uploads\/2026\/01\/1769439013_824_w=750,h=422,quality=75,fit=cover,format=auto.jpeg\"\/> \u00a9 IMAGO &#8211; Data van SciSports tonen aan dat Adama Traor\u00e9, Carlos Vicente \u00e9n Ra\u00fal Moro dezelfde speelstijl hebben.<\/p>\n<p>In de zoektocht naar een nieuwe vleugelspits ziet data-journalist Willem Leijgraf van FootballTransfers in Adama Traor\u00e9 ook een geschikte optie. &#8220;Hij past in het profiel waar Ajax naar op zoek is en daarnaast heeft hij ook gewoon de kwaliteiten om de club beter te maken&#8221;, stelt Leijgraf. &#8220;Met een Skill van 66,5 wordt Traor\u00e9 direct de beste aanvaller van Ajax en met zijn ervaring op het hoogste niveau kan hij ook jonge vleugelspitsen als Rayane Bounida, Pharrel Nash en zelfs Mika Godts helpen.&#8221;<\/p>\n<p>Kans voor Ajax<\/p>\n<p>Aangezien Adama Traor\u00e9 een vergelijkbare speelstijl heeft met Ra\u00fal Moro en Carlos Vicente, bijna niet aan spelen toekomt in Engeland en met zijn dertig jaar over bakken aan ervaring beschikt, kan Traor\u00e9 de ideale oplossing zijn voor Ajax. De aanvaller is met zijn Estimated Transfer Value van 6,3 miljoen euro daarbij een betaalbare optie voor de Amsterdammers.<\/p>\n<p>De verwachting is dat Fulham niet al te hoog zal inzetten, gezien het feit dat de Spaanse buitenspeler amper in actie komt. Niet onbelangrijk: Traor\u00e9 beschikt in Londen over een aflopend contract, waardoor deze transferperiode voor Fulham het laatste moment is om nog iets aan de aanvaller te verdienen. Met nog een week te gaan tot het sluiten van de transfermarkt lijkt Ajax snel een knoop te moeten doorhakken.<\/p>\n","protected":false},"excerpt":{"rendered":"Milan Keskin Bijgewerkt: 26 jan. 2026 12:36 CET 4 min leestijd \u00a9 IMAGO Ajax moet snel schakelen op&hellip;\n","protected":false},"author":2,"featured_media":121845,"comment_status":"","ping_status":"","sticky":false,"template":"","format":"standard","meta":{"footnotes":"","_share_on_mastodon":"0"},"categories":[21],"tags":[25972,166,1385,3930,25146,48,165,3075,4390,46,47,49,45,50,1477,92,91,869,868,10864],"class_list":["post-121844","post","type-post","status-publish","format-standard","has-post-thumbnail","category-sport","tag-adama-traore","tag-ajax","tag-ajax-amsterdam","tag-aston-villa","tag-ca-osasuna","tag-dutch","tag-eredivisie","tag-fc-barcelona","tag-fulham-fc","tag-nederland","tag-nederlanden","tag-nederlands","tag-netherlands","tag-nl","tag-premier-league","tag-sport","tag-sports","tag-transfernieuws","tag-voetbaltransfers","tag-wolverhampton-wanderers"],"share_on_mastodon":{"url":"https:\/\/pubeurope.com\/@nl\/115961962388956985","error":""},"_links":{"self":[{"href":"https:\/\/www.europesays.com\/nl\/wp-json\/wp\/v2\/posts\/121844","targetHints":{"allow":["GET"]}}],"collection":[{"href":"https:\/\/www.europesays.com\/nl\/wp-json\/wp\/v2\/posts"}],"about":[{"href":"https:\/\/www.europesays.com\/nl\/wp-json\/wp\/v2\/types\/post"}],"author":[{"embeddable":true,"href":"https:\/\/www.europesays.com\/nl\/wp-json\/wp\/v2\/users\/2"}],"replies":[{"embeddable":true,"href":"https:\/\/www.europesays.com\/nl\/wp-json\/wp\/v2\/comments?post=121844"}],"version-history":[{"count":0,"href":"https:\/\/www.europesays.com\/nl\/wp-json\/wp\/v2\/posts\/121844\/revisions"}],"wp:featuredmedia":[{"embeddable":true,"href":"https:\/\/www.europesays.com\/nl\/wp-json\/wp\/v2\/media\/121845"}],"wp:attachment":[{"href":"https:\/\/www.europesays.com\/nl\/wp-json\/wp\/v2\/media?parent=121844"}],"wp:term":[{"taxonomy":"category","embeddable":true,"href":"https:\/\/www.europesays.com\/nl\/wp-json\/wp\/v2\/categories?post=121844"},{"taxonomy":"post_tag","embeddable":true,"href":"https:\/\/www.europesays.com\/nl\/wp-json\/wp\/v2\/tags?post=121844"}],"curies":[{"name":"wp","href":"https:\/\/api.w.org\/{rel}","templated":true}]}}