{"id":12529,"date":"2025-10-03T14:46:08","date_gmt":"2025-10-03T14:46:08","guid":{"rendered":"https:\/\/www.europesays.com\/nl\/12529\/"},"modified":"2025-10-03T14:46:08","modified_gmt":"2025-10-03T14:46:08","slug":"albert-verlinde-afgekraakt-in-vi-na-aanstellerij-schouderklopje","status":"publish","type":"post","link":"https:\/\/www.europesays.com\/nl\/12529\/","title":{"rendered":"Albert Verlinde afgekraakt in VI na aanstellerij: \u2018Schouderklopje?!\u2019"},"content":{"rendered":"<p>Albert Verlinde krijgt voor het eerst sinds zijn overstap naar RTL Tonight een stevige uitbrander van zijn oud-collega\u2019s bij Vandaag Inside. \u201cHeeft hij nou ook al schouderklopjes nodig?\u201d, klinkt het.<\/p>\n<p>        Door onze entertainmentredactie<\/p>\n<p>        <img fetchpriority=\"high\" decoding=\"async\" width=\"1280\" height=\"720\" src=\"https:\/\/www.europesays.com\/nl\/wp-content\/uploads\/2025\/10\/1003-Albert-Verlinde.jpg\" class=\"attachment-post-thumbnail size-post-thumbnail wp-post-image\" alt=\"Albert Verlinde\"  \/>        \u00a9 SBS    <\/p>\n<p>Een van de redenen dat Albert Verlinde is overgestapt van Vandaag Inside naar RTL Tonight, is omdat hij bij het RTL 4 van zijn oud-Boulevard-collega Peter van der Vorst het \u2018re\u00fcniegevoel\u2019 had. Tijdens zijn half jaar bij Vandaag Inside heeft de showkenner naar eigen zeggen nooit iets gehoord van John de Mol of de rest van de Talpa-top. \u201c<a href=\"https:\/\/www.mediacourant.nl\/2025\/10\/albert-verlinde-teleurgesteld-in-john-de-mol-echt-nul-waardering\/\" rel=\"nofollow noopener\" target=\"_blank\">Geen waardering.<\/a>\u201c<\/p>\n<p>Schouderklopjes<\/p>\n<p>Overdreven, vindt Johan Derksen het. Hij komt gisterenavond in <a href=\"https:\/\/www.kijk.nl\/programmas\/vandaag-inside\" rel=\"nofollow noopener\" target=\"_blank\">Vandaag Inside<\/a> op Albert als het gaat over RTL Tonight. \u201cAlbert functioneerde hier fantastisch\u201d, begint hij.<\/p>\n<p>Ren\u00e9 van der Gijp daarop gierend: \u201cDat vond hij zelf ook! Hahahaha.\u201d<\/p>\n<p>Johan: \u201cJa, Albert moet niet zeggen dat John de Mol hem appjes moet sturen en schouderklopjes, omdat hij anders teleurgesteld is.\u201d<\/p>\n<p>Niet meer gevoelig<\/p>\n<p>Ren\u00e9 begrijpt helemaal niets van Albert. \u201cMaar Johan, even serieus: toen ik twintig was, vond ik het nog wel leuk als iemand tegen me zei dat ik aardig kon voetballen, maar als je op een gegeven moment toch die leeftijd van Albert hebt, dan ben je toch niet meer gevoelig voor mensen die je schouderklopjes geven?\u201d<\/p>\n<p>Johan: \u201cNee, dat was een heel slap stukje. Dat moet je niet zeggen. John de Mol is echt niet bezig met alle mannetjes die binnen zijn bedrijf werken om schouderklopjes te geven en appjes te sturen.\u201d<\/p>\n<p>Draai om oren<\/p>\n<p>Ren\u00e9 wijst erop dat zij als hoofdpersonages van VI \u00f3\u00f3k geen waardering krijgen vanuit de top. \u201cNee, het enige wat wij krijgen is een draai om ons oren iedere keer als we een e-mail krijgen. Of heeft hij tegen jou wel eens gezegd hoe goed je bent?\u201d<\/p>\n<p>Wilfred Genee: \u201cNee, ik heb dat nog nooit van hem gehoord!\u201d<\/p>\n<p>Ren\u00e9: \u201cNee, ik ook nog nooit! Hahaha.\u201d<\/p>\n<p>Johan: \u201cNee, ik heb nog nooit een schouderklopje gehad uit die richting, vanuit de directie.\u201d<\/p>\n<p>Ren\u00e9 besluit: \u201cNee.\u2028Dat hoeft toch ook niet?\u201d<\/p>\n","protected":false},"excerpt":{"rendered":"Albert Verlinde krijgt voor het eerst sinds zijn overstap naar RTL Tonight een stevige uitbrander van zijn oud-collega\u2019s&hellip;\n","protected":false},"author":2,"featured_media":12530,"comment_status":"","ping_status":"","sticky":false,"template":"","format":"standard","meta":{"footnotes":""},"categories":[25],"tags":[263,99,48,98,192,46,47,49,45,50,465],"class_list":{"0":"post-12529","1":"post","2":"type-post","3":"status-publish","4":"format-standard","5":"has-post-thumbnail","7":"category-amusement","8":"tag-albert-verlinde","9":"tag-amusement","10":"tag-dutch","11":"tag-entertainment","12":"tag-johan-derksen","13":"tag-nederland","14":"tag-nederlanden","15":"tag-nederlands","16":"tag-netherlands","17":"tag-nl","18":"tag-wilfred-genee"},"share_on_mastodon":{"url":"","error":""},"_links":{"self":[{"href":"https:\/\/www.europesays.com\/nl\/wp-json\/wp\/v2\/posts\/12529","targetHints":{"allow":["GET"]}}],"collection":[{"href":"https:\/\/www.europesays.com\/nl\/wp-json\/wp\/v2\/posts"}],"about":[{"href":"https:\/\/www.europesays.com\/nl\/wp-json\/wp\/v2\/types\/post"}],"author":[{"embeddable":true,"href":"https:\/\/www.europesays.com\/nl\/wp-json\/wp\/v2\/users\/2"}],"replies":[{"embeddable":true,"href":"https:\/\/www.europesays.com\/nl\/wp-json\/wp\/v2\/comments?post=12529"}],"version-history":[{"count":0,"href":"https:\/\/www.europesays.com\/nl\/wp-json\/wp\/v2\/posts\/12529\/revisions"}],"wp:featuredmedia":[{"embeddable":true,"href":"https:\/\/www.europesays.com\/nl\/wp-json\/wp\/v2\/media\/12530"}],"wp:attachment":[{"href":"https:\/\/www.europesays.com\/nl\/wp-json\/wp\/v2\/media?parent=12529"}],"wp:term":[{"taxonomy":"category","embeddable":true,"href":"https:\/\/www.europesays.com\/nl\/wp-json\/wp\/v2\/categories?post=12529"},{"taxonomy":"post_tag","embeddable":true,"href":"https:\/\/www.europesays.com\/nl\/wp-json\/wp\/v2\/tags?post=12529"}],"curies":[{"name":"wp","href":"https:\/\/api.w.org\/{rel}","templated":true}]}}