{"id":125815,"date":"2026-01-30T16:31:08","date_gmt":"2026-01-30T16:31:08","guid":{"rendered":"https:\/\/www.europesays.com\/nl\/125815\/"},"modified":"2026-01-30T16:31:08","modified_gmt":"2026-01-30T16:31:08","slug":"gemengde-reacties-op-verhogen-eigen-risico-en-beperken-basispakket","status":"publish","type":"post","link":"https:\/\/www.europesays.com\/nl\/125815\/","title":{"rendered":"Gemengde reacties op verhogen eigen risico en beperken basispakket"},"content":{"rendered":"<p>Het eigen risico zou volgens de partijen omhoog moeten van de huidige 385 euro naar 460 euro in 2027. Wat betreft het basispallet: middelen die beschikbaar zijn in de vrije verkoop, bijvoorbeeld paracetamol, zullen niet meer worden vergoed.<\/p>\n<p>&#8220;Het betekent ook dat allerlei nieuwe behandelingen, die misschien wel effectief maar heel duur zijn, toch niet of pas later aan het basispakket worden toegevoegd&#8221;, legt zorgeconoom Xander Koolman uit.\u00a0<\/p>\n<p> Verhoging eigen risico <\/p>\n<p>Het <a href=\"https:\/\/www.rtl.nl\/nieuws\/politiek\/artikel\/5561527\/coalitieakkoord-minderheidskabinet\" target=\"_blank\" rel=\"nofollow noopener\">verhogen van het eigen risico<\/a> zorgt bij verschillende verenigingen en vakbonden vooral voor zorgen. Pati\u00ebntenfederatie Nederland vreest dat deze maatregel zorgt voor een verhoogd risico op zorgmijding, dus dat mensen zorg mijden vanwege de kosten. &#8220;De Pati\u00ebntenfederatie benadrukt dat het trapsgewijze eigen risico chronisch zieken nauwelijks helpt omdat zij vaak en veel zorg nodig hebben.&#8221;<\/p>\n<p>Mensen die de zorgkosten moeilijk of niet kunnen betalen, kunnen een compensatie van de gemeente krijgen. De Pati\u00ebntenfederatie denkt dat deze regeling &#8217;tot veel bureaucratie voor pati\u00ebnten en tot ongewenste verschillen tussen gemeenten&#8217; zal leiden. &#8220;We maken het leven van pati\u00ebnten hiermee allesbehalve makkelijker&#8221;, oppert waarnemend-directeur van de federatie Linda Daniels.<\/p>\n<p>Dokters van de Wereld noemt de plannen &#8216;een mokerslag voor de toegankelijke zorg van miljoenen mensen in Nederland&#8217;.\u00a0<\/p>\n<p>Econoom Koolman plaatst daar een kanttekening bij: de verhoging van het eigen risico gebeurt niet in \u00e9\u00e9n keer, maar in stapjes van 150 euro. Ofwel: als je een zorgrekening krijgt, betaal je de eerste keer 150 euro eigen risico en wordt de rest vergoed. Bij een tweede behandeling gaat er weer 150 euro af, tot het eigen risico van 460 euro op is. Bij het huidige eigen risico van 385 euro, moet dat bedrag in principe in \u00e9\u00e9n keer betaald worden, tenzij de zorgkosten lager uitvallen.<\/p>\n<p>Hij spreekt dan ook van een &#8216;vriendelijke maatregel&#8217;. Het kabinet bespaart namelijk veel geld, maar de barri\u00e8re voor mensen om gebruik te maken van zorg wordt volgens Koolman niet te groot.\u00a0<\/p>\n<p>Hoe het hogere eigen risico eruit gaat zien, legt politiek verslaggever Irene de Kruif uit in deze video:<\/p>\n","protected":false},"excerpt":{"rendered":"Het eigen risico zou volgens de partijen omhoog moeten van de huidige 385 euro naar 460 euro in&hellip;\n","protected":false},"author":2,"featured_media":125816,"comment_status":"","ping_status":"","sticky":false,"template":"","format":"standard","meta":{"footnotes":"","_share_on_mastodon":"0"},"categories":[17],"tags":[73,74,48,8980,1987,46,47,49,45,50,438,75],"class_list":["post-125815","post","type-post","status-publish","format-standard","has-post-thumbnail","category-zakelijk","tag-business","tag-commercial","tag-dutch","tag-eigen-risico","tag-gezondheidszorg","tag-nederland","tag-nederlanden","tag-nederlands","tag-netherlands","tag-nl","tag-politiek","tag-zakelijk"],"share_on_mastodon":{"url":"https:\/\/pubeurope.com\/@nl\/115985008767184779","error":""},"_links":{"self":[{"href":"https:\/\/www.europesays.com\/nl\/wp-json\/wp\/v2\/posts\/125815","targetHints":{"allow":["GET"]}}],"collection":[{"href":"https:\/\/www.europesays.com\/nl\/wp-json\/wp\/v2\/posts"}],"about":[{"href":"https:\/\/www.europesays.com\/nl\/wp-json\/wp\/v2\/types\/post"}],"author":[{"embeddable":true,"href":"https:\/\/www.europesays.com\/nl\/wp-json\/wp\/v2\/users\/2"}],"replies":[{"embeddable":true,"href":"https:\/\/www.europesays.com\/nl\/wp-json\/wp\/v2\/comments?post=125815"}],"version-history":[{"count":0,"href":"https:\/\/www.europesays.com\/nl\/wp-json\/wp\/v2\/posts\/125815\/revisions"}],"wp:featuredmedia":[{"embeddable":true,"href":"https:\/\/www.europesays.com\/nl\/wp-json\/wp\/v2\/media\/125816"}],"wp:attachment":[{"href":"https:\/\/www.europesays.com\/nl\/wp-json\/wp\/v2\/media?parent=125815"}],"wp:term":[{"taxonomy":"category","embeddable":true,"href":"https:\/\/www.europesays.com\/nl\/wp-json\/wp\/v2\/categories?post=125815"},{"taxonomy":"post_tag","embeddable":true,"href":"https:\/\/www.europesays.com\/nl\/wp-json\/wp\/v2\/tags?post=125815"}],"curies":[{"name":"wp","href":"https:\/\/api.w.org\/{rel}","templated":true}]}}