{"id":12584,"date":"2025-10-03T15:33:06","date_gmt":"2025-10-03T15:33:06","guid":{"rendered":"https:\/\/www.europesays.com\/nl\/12584\/"},"modified":"2025-10-03T15:33:06","modified_gmt":"2025-10-03T15:33:06","slug":"zorgen-om-opgepakte-brabanders-bij-gaza-vloot-niets-meer-gehoord","status":"publish","type":"post","link":"https:\/\/www.europesays.com\/nl\/12584\/","title":{"rendered":"Zorgen om opgepakte Brabanders bij Gaza-vloot: &#8216;Niets meer gehoord&#8217;"},"content":{"rendered":"<p>De families van Ammar uit Eindhoven en Osman uit Steenbergen maken zich ernstige zorgen. De twee Brabanders zaten aan boord van activistenvloot Gaza Flotilla, die onderweg was naar Gaza toen deze woensdagavond werd onderschept door het Isra\u00eblische leger. Sindsdien hebben vrienden en familie niets meer van hen vernomen.<\/p>\n<p>&#8220;Ik maak me best zorgen om hem, ook omdat hij een Syrische achtergrond heeft&#8221;, zegt Marieke Stam over Ammar. Zij is de woordvoerder van de Nederlandse delegatie. &#8220;We weten dat mensen met een Arabische achtergrond een hoger risico lopen om slachtoffer te worden van geweld of vernederende behandeling.&#8221;<\/p>\n<p>Ammar meldde zich voor het laatst in de nacht van woensdag op donderdag. &#8220;Hij was dankbaar dat hij mee mocht met de actie en is nog steeds overtuigd van het doel&#8221;, vertelt Stam aan <a href=\"https:\/\/studio040.nl\/nieuws\/artikel\/actiegroep-eindhoven4palestine-maakt-zich-zorgen-om-ammar-ze-zijn-gearresteerd-maar-ze-hebben-niks-strafbaars-gedaan\" target=\"_blank\" rel=\"nofollow noopener\"> Studio040<\/a>. &#8220;Hij wilde heel graag iets betekenen voor de mensen in Gaza.&#8221;<\/p>\n<p>Omsingeld<br \/>Ook Selin, de dochter van Osman uit Steenbergen, zit vol zorgen. Ze heeft haar vader sinds woensdagavond niet meer gesproken. &#8220;Hij gaf aan dat hij niet meer bereikbaar zou zijn, omdat ze de telefoons in het water zouden gooien zodat die niet in handen van het Isra\u00eblische leger zouden vallen&#8221;, zegt ze tegen <a href=\"https:\/\/www.zuidwestupdate.nl\/nieuws\/dochter-steenbergse-opvarendende-gaza-hulpvloot-mijn-vader-is-ontvoerd-door-de-israelis\/\" target=\"_blank\" rel=\"nofollow noopener\"> ZuidWest Update<\/a>. &#8220;Ze waren toen al omsingeld door Isra\u00eblische schepen.&#8221;<\/p>\n<p>Niet lang daarna kreeg Selin bericht van de organisatie achter de Flotilla. &#8220;De boot waar mijn vader op zat, is inderdaad in internationale wateren onderschept en alle opvarenden zijn ontvoerd door het Isra\u00eblisch leger.&#8221;<\/p>\n<p>Terughoudend<br \/>De Nederlandse regering reageerde terughoudend. Premier Dick Schoof zei begrip te hebben voor het Isra\u00eblische optreden en noemde het meedoen aan de vloot &#8216;bewust risico\u2019s nemen&#8217;. &#8220;Belachelijk&#8221;, reageert Selin. &#8220;Ik schaam me dat dit mijn regering is. Palestina is illegaal bezet door Isra\u00ebl en de hele zeeblokkade is illegaal.&#8221; Volgens haar pleegt Isra\u00ebl piraterij.<\/p>\n<p>De Nederlandse overheid heeft Isra\u00ebl nog niet officieel gevraagd om de opvarenden versneld vrij te laten. Schoof sprak enkel de hoop uit dat &#8216;ze vrij snel weer op Nederlandse bodem zullen zijn&#8217;. Demissionair minister van Buitenlandse Zaken David van Weel gaf aan dat er contact is met Isra\u00ebl. &#8220;Ik denk ook niet dat Isra\u00ebl er bij gebaat is mensen heel lang vast te houden,&#8221; zei hij. Volgens Van Weel zijn de omstandigheden in Isra\u00eblische detentiecentra &#8216;over het algemeen goed&#8217;.<\/p>\n","protected":false},"excerpt":{"rendered":"De families van Ammar uit Eindhoven en Osman uit Steenbergen maken zich ernstige zorgen. De twee Brabanders zaten&hellip;\n","protected":false},"author":2,"featured_media":12585,"comment_status":"","ping_status":"","sticky":false,"template":"","format":"standard","meta":{"footnotes":""},"categories":[15],"tags":[39,40,48,43,44,34,35,41,42,1932,46,47,49,45,32,33,50,36,37,38,67,64,65,66],"class_list":{"0":"post-12584","1":"post","2":"type-post","3":"status-publish","4":"format-standard","5":"has-post-thumbnail","7":"category-wereld","8":"tag-breaking-news","9":"tag-breakingnews","10":"tag-dutch","11":"tag-featured-news","12":"tag-featurednews","13":"tag-headlines","14":"tag-hoofdpunten","15":"tag-latest-news","16":"tag-latestnews","17":"tag-media","18":"tag-nederland","19":"tag-nederlanden","20":"tag-nederlands","21":"tag-netherlands","22":"tag-news","23":"tag-nieuws","24":"tag-nl","25":"tag-top-stories","26":"tag-topstories","27":"tag-voorpaginanieuws","28":"tag-wereld","29":"tag-world","30":"tag-world-news","31":"tag-worldnews"},"share_on_mastodon":{"url":"","error":""},"_links":{"self":[{"href":"https:\/\/www.europesays.com\/nl\/wp-json\/wp\/v2\/posts\/12584","targetHints":{"allow":["GET"]}}],"collection":[{"href":"https:\/\/www.europesays.com\/nl\/wp-json\/wp\/v2\/posts"}],"about":[{"href":"https:\/\/www.europesays.com\/nl\/wp-json\/wp\/v2\/types\/post"}],"author":[{"embeddable":true,"href":"https:\/\/www.europesays.com\/nl\/wp-json\/wp\/v2\/users\/2"}],"replies":[{"embeddable":true,"href":"https:\/\/www.europesays.com\/nl\/wp-json\/wp\/v2\/comments?post=12584"}],"version-history":[{"count":0,"href":"https:\/\/www.europesays.com\/nl\/wp-json\/wp\/v2\/posts\/12584\/revisions"}],"wp:featuredmedia":[{"embeddable":true,"href":"https:\/\/www.europesays.com\/nl\/wp-json\/wp\/v2\/media\/12585"}],"wp:attachment":[{"href":"https:\/\/www.europesays.com\/nl\/wp-json\/wp\/v2\/media?parent=12584"}],"wp:term":[{"taxonomy":"category","embeddable":true,"href":"https:\/\/www.europesays.com\/nl\/wp-json\/wp\/v2\/categories?post=12584"},{"taxonomy":"post_tag","embeddable":true,"href":"https:\/\/www.europesays.com\/nl\/wp-json\/wp\/v2\/tags?post=12584"}],"curies":[{"name":"wp","href":"https:\/\/api.w.org\/{rel}","templated":true}]}}