{"id":12651,"date":"2025-10-03T16:50:30","date_gmt":"2025-10-03T16:50:30","guid":{"rendered":"https:\/\/www.europesays.com\/nl\/12651\/"},"modified":"2025-10-03T16:50:30","modified_gmt":"2025-10-03T16:50:30","slug":"radio-barbier-rtbf-dab-in-slovenie-radiovisie","status":"publish","type":"post","link":"https:\/\/www.europesays.com\/nl\/12651\/","title":{"rendered":"Radio Barbier, RTBF, DAB+ in Sloveni\u00eb \u2013 RadioVisie"},"content":{"rendered":"<p>Radio Barbier opent vinylstudio<\/p>\n<p><a href=\"https:\/\/www.europesays.com\/nl\/wp-content\/uploads\/2025\/10\/barbier-vinyl.jpg\"><img loading=\"lazy\" decoding=\"async\" width=\"425\" height=\"600\" src=\"https:\/\/www.europesays.com\/nl\/wp-content\/uploads\/2025\/10\/barbier-vinyl.jpg\" alt=\"\" class=\"wp-image-246336\" style=\"width:160px;height:auto\"  \/><\/a><\/p>\n<p class=\"first_para\">De lokale Kruibeekse internetradio <a href=\"https:\/\/www.radiobarbier.be\/\" rel=\"nofollow noopener\" target=\"_blank\">Barbier<\/a> opent vandaag een tweede studio. Het bijzondere daaraan is dat die bewust enkel draait op vinylplaten. Zo hoeven de dj\u2019s met een zwak voor vinyl niet langer de hoofdstudio telkens om te bouwen. De ouderwets eenvoudige studio kon worden ingericht dankzij de opbrengsten van de jaarlijkse platenbeurzen van Radio Barbier. De nieuwe ruimte biedt ook kansen voor liveoptredens, workshops en presentaties van verzamelaars en kan ook publiek ontvangen. De offici\u00eble opening vindt vandaag (27 september) plaats vanaf 17 uur in Ambachtstraat 4 in Kruibeke, gevolgd door een eerste live-uitzending om 18 uur. <a href=\"https:\/\/www.tvoost.be\/nieuws\/radio-barbier-gaat-in-kruibeke-opnieuw-radio-maken-met-vinylplaten-204150\" rel=\"nofollow noopener\" target=\"_blank\">TV Oost ging al een kijkje nemen<\/a>. Noteer alvast reeds de datum van de volgende platenbeurs van Radio Barbier: 26 april 2026.<\/p>\n<p>Walloni\u00eb: kwaad bloed om reclamedeal RTBF\/France T\u00e9l\u00e9visions<\/p>\n<p><a href=\"https:\/\/www.europesays.com\/nl\/wp-content\/uploads\/2025\/10\/RMB-regie-logo.jpg\"><img loading=\"lazy\" decoding=\"async\" width=\"728\" height=\"405\" src=\"https:\/\/www.europesays.com\/nl\/wp-content\/uploads\/2025\/10\/RMB-regie-logo.jpg\" alt=\"\" class=\"wp-image-246334\" style=\"width:520px\"  \/><\/a><\/p>\n<p>De grote Franstalige private mediagroepen RTL, Rossel, IPM en NGroup veroordelen scherp de samenwerking tussen RMB, de reclameregie van de RTBF, en France T\u00e9l\u00e9visions. Volgens hen cre\u00ebert die een oneerlijk concurrentievoordeel voor de publieke sector, die al aanzienlijk gesteund wordt met overheidsgeld, ten koste van de private spelers die afhankelijk zijn van reclame-inkomsten. De mediabedrijven vrezen lagere inkomsten, banenverlies en een verarming van het medialandschap. In een persbericht wijzen ze erop dat de RTBF in 2017 een gelijkaardige samenwerking met TF1 weigerde. De groepen vragen de Waalse minister van Media en de raad van bestuur van de RTBF om in te grijpen en de overeenkomst stop te zetten. De mediaregulator CSA stelt dat reclameblokken van France T\u00e9l\u00e9visions in Franstalig Belgi\u00eb enkel toegelaten zijn als ze voldoen aan de Belgische regels en opgenomen worden in de bestaande samenwerking met de Franse regulator Arcom. Daarnaast kan France T\u00e9l\u00e9visions verplicht worden financieel bij te dragen aan de lokale onafhankelijke productie zodra het voldoende inkomsten haalt op de Belgische markt.<\/p>\n<p>Twee nieuwe DAB+ netwerken gestart in Sloveni\u00eb <\/p>\n<p><a href=\"https:\/\/www.europesays.com\/nl\/wp-content\/uploads\/2025\/10\/Nanos-slovenia.jpg\"><img loading=\"lazy\" decoding=\"async\" width=\"728\" height=\"405\" src=\"https:\/\/www.europesays.com\/nl\/wp-content\/uploads\/2025\/10\/Nanos-slovenia.jpg\" alt=\"\" class=\"wp-image-246333\" style=\"width:520px\"  \/><\/a>De zendersite Nanos (foto: Adrian Pregelj, RTV Slovenija)<\/p>\n<p>RTV Slovenija heeft op de zendersite Nanos officieel twee nieuwe nationale DAB+-netwerken in gebruik genomen: R4 en R5. Hiermee stijgt het aanbod in de Sloveens digitale ether naar 59 programma\u2019s. In de praktijk werden R4 en R5 al sinds de zomer uitgerold. De twee nieuwe digitale netwerken hebben een dekking van 90,8 procent van de bevolking, een territoriale dekking van 75,9 procent en een bereik van 89 procent op de hoofdwegen en snelwegen. Dankzij R4 en R5 krijgt commerci\u00eble radio in Sloveni\u00eb nu voor het eerst brede nationale kansen via DAB+. In de praktijk lijkt vooral R4 het best bevraagd, met momenteel al 15 producten, terwijl er op R5 voorlopig slechts 2 producten lijken te zitten. RTV zegt dat Sloveni\u00eb in de regio nu een koploper is qua DAB+-dekking. De zendersite Nanos bevindt zich op het Nanos-plateau, een bergmassief in het westen van Sloveni\u00eb, in de buurt van de stad Vipava. Het is al sinds 1955 een belangrijk knooppunt is voor radio- en televisiesignalen in Sloveni\u00eb. <\/p>\n","protected":false},"excerpt":{"rendered":"Radio Barbier opent vinylstudio De lokale Kruibeekse internetradio Barbier opent vandaag een tweede studio. Het bijzondere daaraan is&hellip;\n","protected":false},"author":2,"featured_media":12652,"comment_status":"","ping_status":"","sticky":false,"template":"","format":"standard","meta":{"footnotes":""},"categories":[27],"tags":[99,48,98,120,121,46,47,49,45,50],"class_list":{"0":"post-12651","1":"post","2":"type-post","3":"status-publish","4":"format-standard","5":"has-post-thumbnail","7":"category-muziek","8":"tag-amusement","9":"tag-dutch","10":"tag-entertainment","11":"tag-music","12":"tag-muziek","13":"tag-nederland","14":"tag-nederlanden","15":"tag-nederlands","16":"tag-netherlands","17":"tag-nl"},"share_on_mastodon":{"url":"","error":""},"_links":{"self":[{"href":"https:\/\/www.europesays.com\/nl\/wp-json\/wp\/v2\/posts\/12651","targetHints":{"allow":["GET"]}}],"collection":[{"href":"https:\/\/www.europesays.com\/nl\/wp-json\/wp\/v2\/posts"}],"about":[{"href":"https:\/\/www.europesays.com\/nl\/wp-json\/wp\/v2\/types\/post"}],"author":[{"embeddable":true,"href":"https:\/\/www.europesays.com\/nl\/wp-json\/wp\/v2\/users\/2"}],"replies":[{"embeddable":true,"href":"https:\/\/www.europesays.com\/nl\/wp-json\/wp\/v2\/comments?post=12651"}],"version-history":[{"count":0,"href":"https:\/\/www.europesays.com\/nl\/wp-json\/wp\/v2\/posts\/12651\/revisions"}],"wp:featuredmedia":[{"embeddable":true,"href":"https:\/\/www.europesays.com\/nl\/wp-json\/wp\/v2\/media\/12652"}],"wp:attachment":[{"href":"https:\/\/www.europesays.com\/nl\/wp-json\/wp\/v2\/media?parent=12651"}],"wp:term":[{"taxonomy":"category","embeddable":true,"href":"https:\/\/www.europesays.com\/nl\/wp-json\/wp\/v2\/categories?post=12651"},{"taxonomy":"post_tag","embeddable":true,"href":"https:\/\/www.europesays.com\/nl\/wp-json\/wp\/v2\/tags?post=12651"}],"curies":[{"name":"wp","href":"https:\/\/api.w.org\/{rel}","templated":true}]}}