{"id":126837,"date":"2026-01-31T19:26:13","date_gmt":"2026-01-31T19:26:13","guid":{"rendered":"https:\/\/www.europesays.com\/nl\/126837\/"},"modified":"2026-01-31T19:26:13","modified_gmt":"2026-01-31T19:26:13","slug":"europas-grootste-kerncentrale-is-breekpunt-voor-poetin-en-zelensky","status":"publish","type":"post","link":"https:\/\/www.europesays.com\/nl\/126837\/","title":{"rendered":"Europa&#8217;s grootste kerncentrale is breekpunt voor Poetin \u00e9n Zelensky"},"content":{"rendered":"\n<p>Dit weekend staat de zoveelste ronde van onderhandelingen tussen Rusland, Oekra\u00efne en bemiddelaar Amerika gepland. Het vredesproces zit in een patstelling, waarbij &#8216;de meest gevoelige kwesties nog steeds onopgelost zijn&#8217;, zei de Oekra\u00efense buitenlandminister Andrii Sybiha eerder deze week.<\/p>\n<p>De onderhandelingen lopen stuk op <a href=\"https:\/\/www.politico.eu\/article\/peace-deal-between-russia-ukraine-looks-close-except-territory-security-ceasefire-zelenskyy-putin\/\" target=\"_blank\" rel=\"nofollow noopener\">drie twistpunten<\/a>. Ten eerste de zogenoemde &#8217;territoriale kwestie&#8217;, waarbij Rusland meer grondgebied van Oekra\u00efne opeist dan het \u00fcberhaupt in handen heeft. Ten tweede eist Oekra\u00efne veiligheidsgaranties die moeten voorkomen dat de Russen hen ooit opnieuw aanvallen. En tot slot is er onenigheid op welk moment de wapens worden neergelegd: v\u00f3\u00f3r of nadat een vredesdeal is bereikt.<\/p>\n<p> Vlak bij de frontlinie <\/p>\n<p>Een belangrijk breekpunt binnen die &#8217;territoriale kwestie&#8217; is de kerncentrale in Zaporizja. Het is met zes reactoren de grootste kerncentrale van Europa. De centrale werd kort na de Russische invasie van februari 2022 veroverd door de Russen en ligt nog altijd in door Rusland bezet gebied, vlak bij de frontlinie.<\/p>\n<p>    <img src=\"https:\/\/www.europesays.com\/nl\/wp-content\/uploads\/2026\/01\/GFX kerncentrales Oekraine.png\" width=\"1024\" height=\"576\" loading=\"lazy\" decoding=\"async\" alt=\"Afbeelding\" class=\"aspect-wide lg:aspect-wide h-full object-cover w-full\"\/>    <\/p>\n<p>Waarom de kerncentrale zo wordt begeerd? In de eerste plaats is het gezien zijn omvang een bijzonder nuttige energiecentrale, cruciaal voor economische ontwikkeling en voor het leven van burgers, zegt Oekra\u00efne-correspondent Chris Colijn vanuit Kyiv. &#8220;Het is een belangrijk symbolisch object dat miljoenen huishoudens kan voorzien van stroom. De centrale kan 6 gigawatt aan stroom genereren, genoeg voor een land als Portugal. In vredestijd genereerde de centrale 20 tot 25 procent van alle elektriciteit in Oekra\u00efne.&#8221;<\/p>\n<p> Abrupt einde <\/p>\n<p>Daar kwam een abrupt einde aan op vrijdag 4 maart 2022, toen Russische troepen de kerncentrale veroverden, na zware beschietingen waarbij zelfs brand uitbrak. Een unicum: nooit eerder werd een nog functionerende kerncentrale in oorlogstijd ingenomen.\u00a0<\/p>\n<p>Al maakten de gevechten nabij veilig gebruik van de centrale al snel onmogelijk. Op 11 september 2022 werd de zesde en laatste operationele reactor stilgelegd. De kerncentrale heeft nu al ruim drie jaar geen elektriciteit meer geproduceerd.\u00a0<\/p>\n<p>  <a href=\"https:\/\/www.rtl.nl\/nieuws\/buitenland\/artikel\/5331000\/kerncentrale-oekraine-zaporizja-iaea-stroomvoorziening\" target=\"_self\" class=\"block border-l-[5px] md:flex md:border-none border-product-colors-rtl-news\" rel=\"nofollow noopener\">  <img src=\"https:\/\/www.europesays.com\/nl\/wp-content\/uploads\/2026\/01\/ANP-453958029.jpg\" width=\"512\" height=\"288\" loading=\"lazy\" decoding=\"async\" alt=\"Kerncentrale Zaporizja niet langer aangesloten op elektriciteitsnet\" class=\"aspect-wide lg:aspect-wide h-full w-full object-cover md:aspect-desktop\"\/>  <\/p>\n<p> Lees ook  Kerncentrale Zaporizja niet langer aangesloten op elektriciteitsnet  <\/p>\n<p> <\/a><\/p>\n<p>Oekra\u00efne en Rusland beschuldigen elkaar al langer van het aanvallen van de kerncentrale, het doorsnijden van elektriciteitsleidingen, en het opblazen van de nabijgelegen Kachovkadam (en daarmee een belangrijk waterreservoir met koelwater voor de kerncentrale).\u00a0<\/p>\n<p> Aan de noodstroom <\/p>\n<p>Het is te danken aan technici aan beide zijden van de frontlinie dat de stroomvoorziening &#8216;onder zeer moeilijke omstandigheden&#8217; is hersteld, zei Rafael Grossi, hoofd van atoomagentschap IAEA, afgelopen najaar. De centrale is meerdere keren afhankelijk geweest van noodstroom. Dieselgeneratoren moesten voorkomen dat een van de reactoren oververhit raakte, wat kan leiden tot een kernsmelting (&#8216;meltdown&#8217;) en het vrijkomen van gevaarlijk radioactief materiaal.<\/p>\n<p>&#8220;Dat is bij de kernramp van Fukushima ook gebeurd&#8221;, zegt Jan Leen Kloosterman, hoogleraar kernreactorfysica aan de TU Delft. &#8220;De centrales in Oekra\u00efne zijn wel van een iets ander type met een extra omhulling. Het effect op mens en milieu zal naar verwachting dan ook kleiner zijn. Anderzijds praten we over een oorlogsgebied met wellicht veel minder hulptroepen.&#8221;<\/p>\n<p>\u00a9 EPA \/ ANP  <img src=\"https:\/\/www.europesays.com\/nl\/wp-content\/uploads\/2026\/01\/rafael grossi in zaporizja.jpg\" width=\"1024\" height=\"576\" loading=\"lazy\" decoding=\"async\" alt=\"IAEA-chef Rafael Grossi tijdens een bezoek aan de kerncentrale in september 2024.\" class=\"aspect-wide lg:aspect-wide h-full object-cover w-full\"\/>   IAEA-chef Rafael Grossi tijdens een bezoek aan de kerncentrale in september 2024. <\/p>\n<p>De kerncentrale wordt nog altijd met kunst-en-vliegwerk overeind gehouden. Voor de Russische invasie was de centrale aangesloten op tien hoogspanningsleidingen. Daarvan zijn er nu nog slechts twee aangesloten, bij lange na niet genoeg om de reactoren weer op te starten, laat VN-atoomagentschap IAEA weten aan RTL Nieuws. Een door het IAEA bemiddeld staakt-het-vuren rond de kerncentrale stelde Oekra\u00efense technici in staat om reparaties uit te voeren.<\/p>\n<p>Toch blijft de situatie broos. Oekra\u00efne vertrouwt er niet op dat de Russen veilig omgaan met de kerncentrale, legt correspondent Colijn uit. Er staat militair materieel op het terrein van de centrale, en de Russen voeren ook aanvallen uit van vlakbij de centrale. Intussen worden Oekra\u00efense medewerkers van de centrale gedwongen om voor Rusland te werken, samen met ingenieurs uit Rusland.<\/p>\n<p><a href=\"https:\/\/www.rtl.nl\/nieuws\/buitenland\/artikel\/5531200\/kerncentrale-zaporizja-al-week-zonder-stroom-zorgen-nemen-toe\" target=\"_self\" class=\"block border-l-[5px] md:flex md:border-none border-product-colors-rtl-news\" rel=\"nofollow noopener\">  <img src=\"https:\/\/www.europesays.com\/nl\/wp-content\/uploads\/2025\/10\/ONLINE20FOTO20kerncentrale20Zaporizja2016x9.jpg\" width=\"512\" height=\"288\" loading=\"lazy\" decoding=\"async\" alt=\"Zorgen over kerncentrale Zaporizja, al week zonder stroom: 'Onwenselijke situatie'\" class=\"aspect-wide lg:aspect-wide h-full w-full object-cover md:aspect-desktop\"\/>  <\/p>\n<p> Lees ook  Zorgen over kerncentrale Zaporizja, al week zonder stroom: &#8216;Onwenselijke situatie&#8217;  <\/p>\n<p> <\/a><\/p>\n<p>&#8220;De situatie ter plaatse is dat de kerncentrale nog altijd volledig is afgeschakeld en wordt nagekoeld&#8221;, laat de Autoriteit Nucleaire Veiligheid en Stralingsbescherming (ANVS) weten aan RTL Nieuws. &#8220;De koelsystemen en veiligheidssystemen hiervoor zijn beschikbaar en werken, evenals de monitoringssystemen voor stralingsniveaus. Wel blijft de situatie kwetsbaar omdat tot in de directe omgeving van de kerncentrale militaire activiteiten plaatsvinden.&#8221;<\/p>\n<p> In slaapstand <\/p>\n<p>De kerncentrale staat daarmee in een soort slaapstand. Wat ook weer gevaarlijk is: door de langdurige stopzetting is grondig onderhoud nodig. Als de reactoren ooit weer worden herstart, vereist dat uitgebreide testen omdat kleine defecten grote gevolgen hebben. Rusland zegt zo&#8217;n herstart <a href=\"https:\/\/bellona.org\/news\/nuclear-issues\/2025-03-rosatom-head-says-russia-will-restart-seized-ukrainian-nuclear-plant\" target=\"_blank\" rel=\"nofollow noopener\">voor te bereiden<\/a> zodra &#8216;de militaire en politieke omstandigheden dit toelaten&#8217;.<\/p>\n<p>Want de Russen zien de kerncentrale als cruciaal voor hun bezetting van oostelijk Oekra\u00efne, zegt correspondent Colijn. &#8220;Als Rusland de centrale weer aan de praat krijgt, kan het zorgen voor een stabiele energievoorziening voor de bevolking van de bezette gebieden. De mensen die in die gebieden wonen, hebben nu te maken met stroomtekorten. Met een werkende kerncentrale kan Rusland aan die bevolking laten zien: kijk, we zorgen voor jullie, wij verbeteren de situatie steeds en maken het gebied leefbaar. En dat kan het Kremlin gebruiken om aan legitimiteit te winnen in dat gebied.&#8221;<\/p>\n<p>Maar ook de Amerikaanse regering toont interesse. &#8220;De Amerikanen lijken vooral geld te zien in de kerncentrale&#8221;, zegt correspondent Colijn. &#8220;Met zoveel stroom kan je bijvoorbeeld grote datacenters laten draaien van Amerikaanse techbedrijven. Het lijkt erop dat Washington daar kansen voor ziet.&#8221;<\/p>\n<p><a href=\"https:\/\/www.rtl.nl\/nieuws\/buitenland\/artikel\/5500482\/waarom-trump-zijn-oog-laat-vallen-op-oekraiense-kerncentrales\" target=\"_self\" class=\"block border-l-[5px] md:flex md:border-none border-product-colors-rtl-news\" rel=\"nofollow noopener\">  <img src=\"https:\/\/www.europesays.com\/nl\/wp-content\/uploads\/2026\/01\/ANP-471708663.jpg\" width=\"512\" height=\"288\" loading=\"lazy\" decoding=\"async\" alt=\"Waarom Trump zijn oog laat vallen op Oekra\u00efense kerncentrales\" class=\"aspect-wide lg:aspect-wide h-full w-full object-cover md:aspect-desktop\"\/>  <\/p>\n<p> Lees ook  Waarom Trump zijn oog laat vallen op Oekra\u00efense kerncentrales  <\/p>\n<p> <\/a><\/p>\n<p>Rusland liet maart vorig jaar weten geenszins van plan te zijn de kerncentrale aan wie dan ook over te dragen. Het Russische ministerie van Buitenlandse Zaken sprak van een &#8217;teruggave&#8217; aan de nucleaire sector van Rusland \u00a0die een &#8216;voldongen feit&#8217; zou zijn. &#8220;Het is onmogelijk om de centrale in Zaporizja onder controle van Oekra\u00efne of een ander land te brengen.&#8221;<\/p>\n<p>Maar daar lijkt Rusland \u2013 onder druk van Amerika \u2013 op terug te komen tijdens de onderhandelingen. Het laatste voorstel is volgens de Amerikanen dat de opgewekte elektriciteit in Zaporizja dan maar moet worden gedeeld door Oekra\u00efne en Rusland, meldde <a href=\"https:\/\/www.politico.com\/news\/2026\/01\/24\/ukraine-russia-talks-war-ceasefire-00745581?utm_referrer=https:\/\/dzen.ru\/media\/id\/669bd1440bb325392961d39a\/6975da44069778267bf66e51\" target=\"_blank\" rel=\"nofollow noopener\">nieuwssite Politico<\/a> vorig weekend. Een voorstel dat al net zo wankel is als een mogelijke vredesdeal.<\/p>\n<p>Ondertussen blijven de Russen luchtaanvallen uitvoeren op Oekra\u00efne, tijdens \u00e9\u00e9n van de strengste winters in jaren:<\/p>\n<p><a href=\"https:\/\/www.rtl.nl\/nieuws\/buitenland\/video\/e62c3dd4-ffb7-43e4-9662-4ee10b0b7cdd\/geen-aanvallen-op-ijskoud-kyiv\" target=\"_self\" class=\"block border-l-[5px] md:flex md:border-none border-product-colors-rtl-news\" rel=\"nofollow noopener\">  <img src=\"https:\/\/www.europesays.com\/nl\/wp-content\/uploads\/2026\/01\/uuid=e62c3dd4-ffb7-43e4-9662-4ee10b0b7cdd.jpeg\" width=\"720\" height=\"404\" loading=\"lazy\" decoding=\"async\" alt=\"Geen aanvallen op ijskoud Kyiv? Oekra\u00efeners rekenen nergens op\" class=\"aspect-standard lg:aspect-wide h-full w-full object-cover md:aspect-desktop\"\/>  <\/p>\n<p> Lees ook  Geen aanvallen op ijskoud Kyiv? Oekra\u00efeners rekenen nergens op  <\/p>\n<p> <\/a> <\/p>\n","protected":false},"excerpt":{"rendered":"Dit weekend staat de zoveelste ronde van onderhandelingen tussen Rusland, Oekra\u00efne en bemiddelaar Amerika gepland. Het vredesproces zit&hellip;\n","protected":false},"author":2,"featured_media":126838,"comment_status":"","ping_status":"","sticky":false,"template":"","format":"standard","meta":{"footnotes":"","_share_on_mastodon":"0"},"categories":[15],"tags":[26791,39,40,706,48,43,44,34,35,3943,41,42,46,47,49,45,32,33,50,36,37,1630,2452,38,67,64,65,66],"class_list":["post-126837","post","type-post","status-publish","format-standard","has-post-thumbnail","category-wereld","tag-autoriteit-nucleaire-veiligheid-en-stralingsbescherming-anvs","tag-breaking-news","tag-breakingnews","tag-donald-trump","tag-dutch","tag-featured-news","tag-featurednews","tag-headlines","tag-hoofdpunten","tag-iaea","tag-latest-news","tag-latestnews","tag-nederland","tag-nederlanden","tag-nederlands","tag-netherlands","tag-news","tag-nieuws","tag-nl","tag-top-stories","tag-topstories","tag-vladimir-poetin","tag-volodymyr-zelensky","tag-voorpaginanieuws","tag-wereld","tag-world","tag-world-news","tag-worldnews"],"share_on_mastodon":{"url":"https:\/\/pubeurope.com\/@nl\/115991359406554193","error":""},"_links":{"self":[{"href":"https:\/\/www.europesays.com\/nl\/wp-json\/wp\/v2\/posts\/126837","targetHints":{"allow":["GET"]}}],"collection":[{"href":"https:\/\/www.europesays.com\/nl\/wp-json\/wp\/v2\/posts"}],"about":[{"href":"https:\/\/www.europesays.com\/nl\/wp-json\/wp\/v2\/types\/post"}],"author":[{"embeddable":true,"href":"https:\/\/www.europesays.com\/nl\/wp-json\/wp\/v2\/users\/2"}],"replies":[{"embeddable":true,"href":"https:\/\/www.europesays.com\/nl\/wp-json\/wp\/v2\/comments?post=126837"}],"version-history":[{"count":0,"href":"https:\/\/www.europesays.com\/nl\/wp-json\/wp\/v2\/posts\/126837\/revisions"}],"wp:featuredmedia":[{"embeddable":true,"href":"https:\/\/www.europesays.com\/nl\/wp-json\/wp\/v2\/media\/126838"}],"wp:attachment":[{"href":"https:\/\/www.europesays.com\/nl\/wp-json\/wp\/v2\/media?parent=126837"}],"wp:term":[{"taxonomy":"category","embeddable":true,"href":"https:\/\/www.europesays.com\/nl\/wp-json\/wp\/v2\/categories?post=126837"},{"taxonomy":"post_tag","embeddable":true,"href":"https:\/\/www.europesays.com\/nl\/wp-json\/wp\/v2\/tags?post=126837"}],"curies":[{"name":"wp","href":"https:\/\/api.w.org\/{rel}","templated":true}]}}