{"id":128809,"date":"2026-02-03T10:58:20","date_gmt":"2026-02-03T10:58:20","guid":{"rendered":"https:\/\/www.europesays.com\/nl\/128809\/"},"modified":"2026-02-03T10:58:20","modified_gmt":"2026-02-03T10:58:20","slug":"gekke-maondaag-in-grubbenvorst-de-hele-vastelaovend-in-een-dag","status":"publish","type":"post","link":"https:\/\/www.europesays.com\/nl\/128809\/","title":{"rendered":"Gekke Maondaag in Grubbenvorst: &#8216;De hele vastelaovend in \u00e9\u00e9n dag&#8217;"},"content":{"rendered":"<p>Meer dan 500 jaar geleden werd het Sebastianus Gilde opgericht, dat was een soort politie die het dorp beschermde. Alleen mannen van 30 jaar en ouder mochten daar lid van worden. Dat vonden de jongere mannen in de dorpen Velden, Lottum en Grubbenvorst niet eerlijk. En daarom gingen zij op de laatste maandag van januari verkleed langs de deuren om overal te feesten. Zo ontstond Gekke Maondaag. <\/p>\n<p>Anders dan Velden, ontstond het feest in Grubbenvorst en Lottum minder als een tegenreactie op de gildefeesten, maar juist binnen de gildecultuur. Ook is het niet als in Velden een meerdaags feest, maar wordt alles in \u00e9\u00e9n dag gevierd, m\u00e9t alle feestelijkheden zoals optocht op \u00e9\u00e9n dag. <\/p>\n<p>Daarnaast viert Grubbenvorst Gekke Maondaag jaarlijks twee weken voor carnaval. Velden doet dat in het laatste weekend van januari en Lottum viert het weer een week later dan Grubbenvorst. <\/p>\n","protected":false},"excerpt":{"rendered":"Meer dan 500 jaar geleden werd het Sebastianus Gilde opgericht, dat was een soort politie die het dorp&hellip;\n","protected":false},"author":2,"featured_media":128810,"comment_status":"","ping_status":"","sticky":false,"template":"","format":"standard","meta":{"footnotes":"","_share_on_mastodon":"0"},"categories":[12],"tags":[39,40,4782,48,43,44,27171,26064,27172,34,35,41,42,46,47,49,45,32,33,50,36,37,12964,38],"class_list":["post-128809","post","type-post","status-publish","format-standard","has-post-thumbnail","category-nederland","tag-breaking-news","tag-breakingnews","tag-carnaval","tag-dutch","tag-featured-news","tag-featurednews","tag-gekke-maandag","tag-gekke-maondaag","tag-grubbenvorst","tag-headlines","tag-hoofdpunten","tag-latest-news","tag-latestnews","tag-nederland","tag-nederlanden","tag-nederlands","tag-netherlands","tag-news","tag-nieuws","tag-nl","tag-top-stories","tag-topstories","tag-vastelaovend","tag-voorpaginanieuws"],"share_on_mastodon":{"url":"https:\/\/pubeurope.com\/@nl\/116006348577458251","error":""},"_links":{"self":[{"href":"https:\/\/www.europesays.com\/nl\/wp-json\/wp\/v2\/posts\/128809","targetHints":{"allow":["GET"]}}],"collection":[{"href":"https:\/\/www.europesays.com\/nl\/wp-json\/wp\/v2\/posts"}],"about":[{"href":"https:\/\/www.europesays.com\/nl\/wp-json\/wp\/v2\/types\/post"}],"author":[{"embeddable":true,"href":"https:\/\/www.europesays.com\/nl\/wp-json\/wp\/v2\/users\/2"}],"replies":[{"embeddable":true,"href":"https:\/\/www.europesays.com\/nl\/wp-json\/wp\/v2\/comments?post=128809"}],"version-history":[{"count":0,"href":"https:\/\/www.europesays.com\/nl\/wp-json\/wp\/v2\/posts\/128809\/revisions"}],"wp:featuredmedia":[{"embeddable":true,"href":"https:\/\/www.europesays.com\/nl\/wp-json\/wp\/v2\/media\/128810"}],"wp:attachment":[{"href":"https:\/\/www.europesays.com\/nl\/wp-json\/wp\/v2\/media?parent=128809"}],"wp:term":[{"taxonomy":"category","embeddable":true,"href":"https:\/\/www.europesays.com\/nl\/wp-json\/wp\/v2\/categories?post=128809"},{"taxonomy":"post_tag","embeddable":true,"href":"https:\/\/www.europesays.com\/nl\/wp-json\/wp\/v2\/tags?post=128809"}],"curies":[{"name":"wp","href":"https:\/\/api.w.org\/{rel}","templated":true}]}}